{"id":50580,"date":"2011-10-28T23:19:34","date_gmt":"2011-10-28T19:19:34","guid":{"rendered":"http:\/\/www.mospat.ru\/?p=50580"},"modified":"2011-10-31T16:37:54","modified_gmt":"2011-10-31T12:37:54","slug":"delegaciya-russkojj-pravoslavnojj-cerkvi-prinyala-uchastie-v-mezhdunarodnojj-vstreche-v-assizi","status":"publish","type":"post","link":"https:\/\/old.mospat.ru\/it\/2011\/10\/28\/news50580\/","title":{"rendered":"Rappresentanti della Chiesa Russa all\u2019incontro di Assisi"},"content":{"rendered":"<p>\n\t\t<div id='gallery-3' class='gallery galleryid-50580 gallery-columns-3 gallery-size-thumbnail'>\n\t\t<div class='carousel-wrapper'>\n\t\t\t<div id='carousel-3' class='gallery-carousel'>\n\t\t\t\t<a href=\"https:\/\/old.mospat.ru\/wp-content\/uploads\/2011\/10\/IMG_6147.jpg\" id=\"slide_item_300\" class=\"slide fancybox\" rel=\"gallery1\"><img src=\"https:\/\/old.mospat.ru\/wp-content\/uploads\/timthumb.php?src=https:\/\/old.mospat.ru\/wp-content\/uploads\/2011\/10\/IMG_6147.jpg&w=632&h=380&q=95\" width=\"632\" height=\"380\"><\/a><a href=\"https:\/\/old.mospat.ru\/wp-content\/uploads\/2011\/10\/IMG_6133.jpg\" id=\"slide_item_301\" class=\"slide fancybox\" rel=\"gallery1\"><img src=\"https:\/\/old.mospat.ru\/wp-content\/uploads\/timthumb.php?src=https:\/\/old.mospat.ru\/wp-content\/uploads\/2011\/10\/IMG_6133.jpg&w=632&h=380&q=95\" width=\"632\" height=\"380\"><\/a><a href=\"https:\/\/old.mospat.ru\/wp-content\/uploads\/2011\/10\/IMG_6111.jpg\" id=\"slide_item_302\" class=\"slide fancybox\" rel=\"gallery1\"><img src=\"https:\/\/old.mospat.ru\/wp-content\/uploads\/timthumb.php?src=https:\/\/old.mospat.ru\/wp-content\/uploads\/2011\/10\/IMG_6111.jpg&w=632&h=380&q=95\" width=\"632\" height=\"380\"><\/a><a href=\"https:\/\/old.mospat.ru\/wp-content\/uploads\/2011\/10\/011.jpg\" id=\"slide_item_303\" class=\"slide fancybox\" rel=\"gallery1\"><img src=\"https:\/\/old.mospat.ru\/wp-content\/uploads\/timthumb.php?src=https:\/\/old.mospat.ru\/wp-content\/uploads\/2011\/10\/011.jpg&w=632&h=380&q=95\" width=\"632\" height=\"380\"><\/a>\n\t\t\t<\/div>\n\t\t<\/div>\n\t\t<div class='thumbs-wrapper'>\n\t\t\t<div id='thumbs-3' class='gallery-thumbs'>\n\t\t\t\t<a href=\"#slide_item_300\"><img src=\"https:\/\/old.mospat.ru\/wp-content\/uploads\/timthumb.php?src=https:\/\/old.mospat.ru\/wp-content\/uploads\/2011\/10\/IMG_6147.jpg&w=150&h=100&q=95\"><\/a><a href=\"#slide_item_301\"><img src=\"https:\/\/old.mospat.ru\/wp-content\/uploads\/timthumb.php?src=https:\/\/old.mospat.ru\/wp-content\/uploads\/2011\/10\/IMG_6133.jpg&w=150&h=100&q=95\"><\/a><a href=\"#slide_item_302\"><img src=\"https:\/\/old.mospat.ru\/wp-content\/uploads\/timthumb.php?src=https:\/\/old.mospat.ru\/wp-content\/uploads\/2011\/10\/IMG_6111.jpg&w=150&h=100&q=95\"><\/a><a href=\"#slide_item_303\"><img src=\"https:\/\/old.mospat.ru\/wp-content\/uploads\/timthumb.php?src=https:\/\/old.mospat.ru\/wp-content\/uploads\/2011\/10\/011.jpg&w=150&h=100&q=95\"><\/a>\n\t\t\t<\/div>\n\t\t\t<a id='prev-3' class='gallery-thumbs-prev' href='#'><i class='icon-angle-circled-left'><\/i><\/a>\n\t\t\t<a id='next-3' class='gallery-thumbs-next' href='#'><i class='icon-angle-circled-right'><\/i><\/a>\n\t\t<\/div>\n\t<\/div><\/p>\n<p>Il 27 ottobre si \u00e8 svolta ad Assisi la Giornata di riflessione, dialogo e preghiera per la pace e la giustizia nel mondo, dal titolo \u00abPellegrini della verit\u00e0, pellegrini della pace\u00bb.<\/p>\n<p>Alla Giornata, organizzata a 25 anni dallo storico incontro tra i leader religiosi mondiali che si tenne nella cittadina umbra nel 1986 per volont\u00e0 di Giovanni Paolo II, hanno partecipato pi\u00f9 di 300 rappresentanti di Chiese e comunit\u00e0 ecclesiali cristiane, fedeli delle principali religioni mondiali e rappresentanti dell\u2019umanesimo ateo, per esprimere la propria solidariet\u00e0 nell\u2019aspirazione a una convivenza pacifica di popoli e civilt\u00e0 diverse.<\/p>\n<p>L\u2019incontro non prevedeva alcuna forma di preghiera comune, ai brevi interventi dei vari esponenti si alternavano momenti di riflessione e silenzio e intermezzi musicali.<\/p>\n<p>Al centro della riflessione dei partecipanti erano le sfide del mondo moderno e la necessit\u00e0 di unire gli sforzi di tutti gli uomini e le donne di buona volont\u00e0 nel contrapporsi a tutte le forme di violenza, discriminazione, secolarismo aggressivo, fondamentalismo, e alle conseguenze dell\u2019instabilit\u00e0 economica.<\/p>\n<p>All\u2019incontro di Assisi hanno partecipato numerosi chierici della Chiesa Ortodossa Russa: il metropolita Filarete di Slutsk e Minsk, esarca patriarcale della Bielorussia, il metropolita Aleksandr di Astana e del Kazachstan, il vescovo Vladimir di Dneprodzerzhinsk e Tsarichansk, l\u2019arciprete Dimitrij Sizonenko, responsabile del Segretariato per i rapporti inter-cristiani del Dipartimento per le relazioni esterne del Patriarcato di Mosca, l\u2019arciprete Nikolaj Danilevitch, segretario del Dipartimento per le relazioni esterne della Chiesa Ortodossa Ucraina del Patriarcato di Mosca, lo hieromonaco Antonij (Sevrjuk), rettore della parrocchia russa di obbedienza patriarcale di s. Caterina di Alessandria a Roma e segretario delle parrocchie del Patriarcato di Mosca in Italia, l\u2019arciprete Igor Vyzhanov, chierico della stessa parrocchia, l\u2019arciprete Nikolaj Korzhitch, segretario dell\u2019Amministrazione diocesana di Minsk, \u00a0Viktor Shevtsov, segretario dell\u2019esarca patriarcale della Bielorussia, e il diacono Aleksij Dikarev, collaboratore del Segretariato per i rapporti inter-cristiani del Dipartimento per le relazioni esterne del Patriarcato di Mosca.<\/p>","protected":false},"excerpt":{"rendered":"<p>Il 27 ottobre si \u00e8 svolta ad Assisi la Giornata di riflessione, dialogo e preghiera per la pace e la giustizia nel mondo, dal titolo \u00abPellegrini della verit\u00e0, pellegrini della pace\u00bb.<\/p>\n","protected":false},"author":10,"featured_media":50584,"comment_status":"closed","ping_status":"closed","sticky":false,"template":"","format":"standard","meta":[],"categories":[10,1],"tags":[],"_links":{"self":[{"href":"https:\/\/old.mospat.ru\/it\/wp-json\/wp\/v2\/posts\/50580"}],"collection":[{"href":"https:\/\/old.mospat.ru\/it\/wp-json\/wp\/v2\/posts"}],"about":[{"href":"https:\/\/old.mospat.ru\/it\/wp-json\/wp\/v2\/types\/post"}],"author":[{"embeddable":true,"href":"https:\/\/old.mospat.ru\/it\/wp-json\/wp\/v2\/users\/10"}],"replies":[{"embeddable":true,"href":"https:\/\/old.mospat.ru\/it\/wp-json\/wp\/v2\/comments?post=50580"}],"version-history":[{"count":0,"href":"https:\/\/old.mospat.ru\/it\/wp-json\/wp\/v2\/posts\/50580\/revisions"}],"wp:featuredmedia":[{"embeddable":true,"href":"https:\/\/old.mospat.ru\/it\/wp-json\/wp\/v2\/media\/50584"}],"wp:attachment":[{"href":"https:\/\/old.mospat.ru\/it\/wp-json\/wp\/v2\/media?parent=50580"}],"wp:term":[{"taxonomy":"category","embeddable":true,"href":"https:\/\/old.mospat.ru\/it\/wp-json\/wp\/v2\/categories?post=50580"},{"taxonomy":"post_tag","embeddable":true,"href":"https:\/\/old.mospat.ru\/it\/wp-json\/wp\/v2\/tags?post=50580"}],"curies":[{"name":"wp","href":"https:\/\/api.w.org\/{rel}","templated":true}]}}