{"id":40293,"date":"2011-04-22T21:23:06","date_gmt":"2011-04-22T18:23:06","guid":{"rendered":"http:\/\/www.mospat.ru\/?p=40293"},"modified":"2011-04-28T16:25:43","modified_gmt":"2011-04-28T13:25:43","slug":"maskavas-un-visas-krievzemes-patriarha-kirila-kristus-augsamcelsanas-svetku-vestijums-virsganiem-draudzu-ganiem-muku-kartai-un-visiem-uzticamajiem-krievzemes-pareizticigas-baznicas-berniem","status":"publish","type":"post","link":"https:\/\/old.mospat.ru\/it\/2011\/04\/22\/news40293\/","title":{"rendered":"Maskavas un visas Krievzemes Patriarha Kirila Kristus Aug\u0161\u0101mcel\u0161an\u0101s sv\u0113tku v\u0113st\u012bjums virsganiem, draud\u017eu ganiem, m\u016bku k\u0101rtai un visiem uzticamajiem Krievzemes Pareiztic\u012bg\u0101s Bazn\u012bcas b\u0113rniem"},"content":{"rendered":"<p><\/p>\n<p><strong>Kung\u0101 m\u012b\u013cotie virsgani,<\/strong><\/p>\n<p><strong>visgod\u0101tie priesteri un diakoni,<\/strong><\/p>\n<p><strong>Dievu m\u012blo\u0161ie inoki un inoki\u0146as, d\u0101rgie br\u0101\u013ci un m\u0101sas!<\/strong><\/p>\n<p><strong> <\/strong><\/p>\n<p>No sirds, kas pilna pateic\u012bbas Dievam, pav\u0113stu jums visiem di\u017eeno un pest\u012bjo\u0161o v\u0113sti:<\/p>\n<p>KRISTUS AUG\u0160\u0100MC\u0112LIES!<\/p>\n<p>Ar \u0161o Pashas sveicienu Bazn\u012bca gadu no gada liecina par to vispasaules noz\u012bmes notikumu, kas noticis gandr\u012bz pirms divt\u016bksto\u0161 gadiem. Toreiz agr\u0101 r\u012bt\u0101 mirru nes\u0113jas sievas dev\u0101s uz sava Skolot\u0101ja apbed\u012b\u0161anas vietu un ieraudz\u012bja, ka kaps ir tuk\u0161s. Kristus dievi\u0161\u0137ais sp\u0113ks uzvar\u0113ja n\u0101ves likumu. Vi\u0146\u0161 aug\u0161\u0101mc\u0113l\u0101s, apliecinot visai cilv\u0113cei, ka n\u0101ve \u2013 tas nav dz\u012bves gals, ka n\u0101ve ir p\u0101rvarama ar Dieva sp\u0113ku.<\/p>\n<p>Kristus Aug\u0161\u0101mcel\u0161an\u0101s, b\u016bdama unik\u0101ls notikums pasaules v\u0113stur\u0113, p\u0113c Dievi\u0161\u0137\u0101 nodoma k\u013cuva ar\u012b par m\u016bsu personisko aug\u0161\u0101mcel\u0161anos. Tie\u0161i t\u0101d\u0113\u013c Pest\u012bt\u0101js n\u0101ca pasaul\u0113, cieta, tika sists krust\u0101 un aug\u0161\u0101mc\u0113l\u0101s no kapa, lai katram b\u016btu iesp\u0113ja iziet caur aug\u0161\u0101mcel\u0161an\u0101s pieredzi no miru\u0161ajiem, un nevis p\u0101rnest\u0101, bet tie\u0161\u0101 \u0161\u012b v\u0101rda noz\u012bm\u0113. Par to skaidri run\u0101 apustulis P\u0101vils: <em>\u201e<\/em><em>Dievs <\/em><em>&#8230; uzmodin\u0101s ar\u012b m\u016bs ar Savu sp\u0113ku<\/em><em>\u201d (1 Kor. 6, 14).<\/em><em> <\/em><\/p>\n<p>L\u016bk, k\u0101d\u0113\u013c Aug\u0161\u0101mcel\u0161an\u0101s sv\u0113tki ir dz\u012bves uzvaras sv\u0113tki p\u0101r n\u0101vi, jo ar Kristus Pest\u012bt\u0101ja Aug\u0161\u0101mcel\u0161anos aug\u0161\u0101mcel\u0161an\u0101s no miru\u0161ajiem d\u0101v\u0101ta ar\u012b mums visiem. Un lai ar\u012b caur k\u0101d\u0101m zemes dz\u012bves gr\u016bt\u012bb\u0101m mums n\u0101ktos iet, lai k\u0101di p\u0101rbaud\u012bjumi m\u016bs piemekl\u0113tu, lai ar k\u0101d\u0101m briesm\u0101m m\u016bs bied\u0113tu tie, kuri bez dievi\u0161\u0137\u0101 sp\u0113ka cen\u0161as paredz\u0113t n\u0101kotni, m\u016bsu pasaules uztverei j\u0101b\u016bt mier\u012bgai un l\u012bksmai, jo Kristus aug\u0161\u0101mc\u0113lies!<\/p>\n<p>Sv\u0113taj\u0101 Krievzem\u0113 Pasha bija pa\u0161i di\u017een\u0101kie un gai\u0161\u0101kie sv\u0113tki. P\u0113d\u0113j\u0101s desmitgad\u0113s \u0161ie sv\u0113tki atkal atgriezu\u0161ies daudz\u0101s m\u0101j\u0101s un \u0123imen\u0113s. Un \u0161odien tos atz\u012bm\u0113 ar\u012b tur, kur agr\u0101k nav izskan\u0113jis Pashas sveiciens: slimn\u012bc\u0101s un cietumos, armij\u0101 un flot\u0113, un pat kosmos\u0101. Un lai Dievs dod, ka aiz \u0101r\u0113j\u0101m izmai\u0146\u0101m, kas \u0161odien notiek Krievzemes pareiztic\u012bgaj\u0101s valst\u012bs, notiktu patiesa cilv\u0113ku dv\u0113se\u013cu atdzim\u0161ana, lai Kristus Aug\u0161\u0101mcel\u0161an\u0101s prieks piepild\u012btu sirdi ikvienam, lai ar Dievi\u0161\u0137\u0101s m\u012blest\u012bbas gaismu b\u016btu sasild\u012bti ne tikai m\u016bsu pieder\u012bgie un tuvinieki, bet ar\u012b cilv\u0113ki, kuriem liegta iesp\u0113ja apmekl\u0113t bazn\u012bcu, sirmgalvji, slimnieki un vientu\u013ci cilv\u0113ki.<\/p>\n<p><strong> <\/strong>Pateicoties Kristus Aug\u0161\u0101mcel\u0161an\u0101s notikumam, tic\u012bgs cilv\u0113ks ieg\u016bst iesp\u0113ju k\u013c\u016bt par no aug\u0161as s\u016bt\u012bt\u0101 sp\u0113ka l\u012bdzdal\u012bbnieku, lai dz\u012bvotu p\u0113c Dieva taisn\u012bbas un likumiem: b\u016bt labam un \u017e\u0113lsird\u012bgam, god\u012bgam un labv\u0113l\u012bgam attiec\u012bb\u0101s ar cilv\u0113kiem, sp\u0113j\u012bgam dal\u012bt ar vi\u0146iem gan priekus, gan b\u0113das.<\/p>\n<p>\u0160\u012b krist\u012bg\u0101 attieksme pret tuviniekiem ietver sev\u012b ar\u012b r\u016bpes par savu valsti, par savu tautu, savu \u0123imeni, m\u0101ju. V\u0113stot par m\u016b\u017e\u012bgo gar\u012bgo v\u0113rt\u012bbu priorit\u0101ti, Bazn\u012bca ar\u012b aicina savus b\u0113rnus b\u016bt saudz\u012bgiem attiec\u012bb\u0101 pret laic\u012bg\u0101m, bet re\u0101l\u0101m Dieva rad\u012bt\u0101s pasaules v\u0113rt\u012bb\u0101m: pret m\u016bsu apk\u0101rt\u0113jo dabu, pret bag\u0101t\u012bgo kult\u016bras mantojumu, kuru gadsimtu garum\u0101 veidoju\u0161i m\u016bsu priek\u0161te\u010di. B\u016bt Pareiztic\u012bbas gar\u012bgo d\u0101rgumu un trad\u012bciju glab\u0101t\u0101jiem noz\u012bm\u0113 akt\u012bvi p\u0101rveidot sevi, savu iek\u0161\u0113jo pasauli, k\u0101 ar\u012b uztur\u0113t m\u016bsu apk\u0101rt\u0113j\u0101s pasaules skaistumu un harmoniju, un no jauna veidot tur, kur to sagr\u0101vusi \u013cauna cilv\u0113cisk\u0101 griba.\u00a0 T\u0101ds ir kristie\u0161a aicin\u0101jums un atbild\u012bba.<\/p>\n<p>Kungs no mums neprasa neiesp\u0113jamus varo\u0146darbus. V\u0113r\u0161oties pie ikviena cilv\u0113ka dv\u0113seles, Vi\u0146\u0161 atkal un atkal aicina: <em>\u201e<\/em><em>N\u0101ciet \u0161urp pie Manis visi, kas esat b\u0113d\u012bgi un gr\u016btsird\u012bgi, Es j\u016bs gribu atvieglin\u0101t. \u0145emiet uz sevi Manu j\u016bgu, m\u0101c<\/em><em>ieties no Manis, jo Es esmu l\u0113npr\u0101t\u012bgs un no sirds pazem\u012bgs; tad j\u016bs atrad\u012bsit atvieglojumu sav\u0101m dv\u0113sel\u0113m. Jo Mans j\u016bgs ir pat\u012bkams un Mana nasta viegla<\/em><em>\u201d (Mt. 11, 28-30).<\/em> Lai sajustu un saprastu, cik laba un viegla \u0161\u012b nasta, kuru mums uzliek Kungs, j\u0101s\u0101k dar\u012bt labu gan tuviem, gan t\u0101liem. \u0160aj\u0101 m\u0101c\u012bb\u0101 gr\u016bti ir tikai pirmie so\u013ci: laik\u0101 apst\u0101ties un neatbild\u0113t uz rupj\u012bbu ar rupj\u012bbu, uz \u013caunu ar \u013caunu, uz meliem ar meliem, uz nosod\u012bjumu ar nosod\u012bjumu. Bet p\u0113c tam kaut reizi izjust apmierin\u0101jumu no pareizas un god\u012bgas r\u012bc\u012bbas, kas nes labumu citam cilv\u0113kam \u2013 vienalga, vai \u0123imen\u0113, darb\u0101, draudz\u0113 vai vienk\u0101r\u0161i saskarsm\u0113 ar kaimi\u0146iem un pazi\u0146\u0101m. \u0160\u012bs apmierin\u0101juma j\u016btas sp\u0113j\u012bgas p\u0101raugt priec\u012bg\u0101 un optimistisk\u0101 gara st\u0101vokl\u012b, ja labie darbi, veikti nevis aiz savt\u012bguma, bet no labas sirds, k\u013c\u016bst par da\u013cu no m\u016bsu dz\u012bves. Tikai tad m\u0113s sajut\u012bsim ar\u012b pozit\u012bvas izmai\u0146as sabiedr\u012bbas dz\u012bv\u0113, kad apzin\u0101simies nesaraujam\u0101s saiknes es\u012bbu starp m\u016bsu veiktajiem labajiem darbiem un sabiedr\u012bbas labkl\u0101j\u012bbu.<\/p>\n<p>M\u016bsu r\u012bc\u012bbas eva\u0146\u0123\u0113lisk\u0101 motiv\u0101cija gan person\u012bgaj\u0101, gan ar\u012b profesion\u0101laj\u0101 un sabiedriskaj\u0101 sf\u0113r\u0101, sp\u0113j\u012bga kardin\u0101li izmain\u012bt m\u016bs pa\u0161us un apk\u0101rt\u0113jo pasauli.<\/p>\n<p>\u201eLai Dievs ce\u013cas un Vi\u0146a ienaidnieki tiek izkl\u012bdin\u0101ti!\u201d \u2013 gavil\u0113jam m\u0113s\u00a0 \u0161aj\u0101 gaismu neso\u0161aj\u0101 nakt\u012b. Lai Dievs ce\u013cas m\u016bsu sird\u012bs un lai izkl\u012bst meli, ienaids, \u013caunums, str\u012bdi un nesaska\u0146as m\u016bsu dz\u012bv\u0113.<\/p>\n<p>No sirds sveicu j\u016bs visus, mani d\u0101rgie, Sv\u0113tajos Pashas sv\u0113tkos. Patiesi Aug\u0161\u0101mc\u0113lu\u0161\u0101 Pest\u012bt\u0101ja pal\u012bdz\u012bba un sv\u0113t\u012bba lai pavada ikvienu no mums m\u016bsu turpm\u0101kajos darbos par slavu Bazn\u012bcai, par labu valstij, kur\u0101 m\u0113s dz\u012bvojam, par sv\u0113t\u012bbu tuviem un t\u0101liem. \u0100men.<\/p>\n<p><strong> <\/strong><\/p>\n<p><strong> <\/strong><\/p>\n<p><strong>MASKAVAS UN VISAS KRIEVZEMES PATRIARHS<\/strong><\/p>\n<p><strong> <\/strong><\/p>\n<p>Maskava,<\/p>\n<p>Kristus Pasha<\/p>\n<p>2011.gads<\/p>\n<p><strong> <\/strong><\/p>\n<p><\/p>","protected":false},"excerpt":{"rendered":"<p>KRISTUS AUG\u0160\u0100MC\u0112LIES! (lettone)<\/p>\n","protected":false},"author":2,"featured_media":0,"comment_status":"closed","ping_status":"closed","sticky":false,"template":"","format":"standard","meta":[],"categories":[93],"tags":[],"_links":{"self":[{"href":"https:\/\/old.mospat.ru\/it\/wp-json\/wp\/v2\/posts\/40293"}],"collection":[{"href":"https:\/\/old.mospat.ru\/it\/wp-json\/wp\/v2\/posts"}],"about":[{"href":"https:\/\/old.mospat.ru\/it\/wp-json\/wp\/v2\/types\/post"}],"author":[{"embeddable":true,"href":"https:\/\/old.mospat.ru\/it\/wp-json\/wp\/v2\/users\/2"}],"replies":[{"embeddable":true,"href":"https:\/\/old.mospat.ru\/it\/wp-json\/wp\/v2\/comments?post=40293"}],"version-history":[{"count":0,"href":"https:\/\/old.mospat.ru\/it\/wp-json\/wp\/v2\/posts\/40293\/revisions"}],"wp:attachment":[{"href":"https:\/\/old.mospat.ru\/it\/wp-json\/wp\/v2\/media?parent=40293"}],"wp:term":[{"taxonomy":"category","embeddable":true,"href":"https:\/\/old.mospat.ru\/it\/wp-json\/wp\/v2\/categories?post=40293"},{"taxonomy":"post_tag","embeddable":true,"href":"https:\/\/old.mospat.ru\/it\/wp-json\/wp\/v2\/tags?post=40293"}],"curies":[{"name":"wp","href":"https:\/\/api.w.org\/{rel}","templated":true}]}}