{"id":36649,"date":"2011-02-21T15:04:39","date_gmt":"2011-02-21T12:04:39","guid":{"rendered":"http:\/\/www.mospat.ru\/?p=36649"},"modified":"2011-02-22T23:54:31","modified_gmt":"2011-02-22T20:54:31","slug":"svyatejjshijj-patriarkh-varfolomejj-prinyal-rossijjskuyu-delegaciyu","status":"publish","type":"post","link":"https:\/\/old.mospat.ru\/it\/2011\/02\/21\/news36649\/","title":{"rendered":"Delegazione russa a Costantinopoli"},"content":{"rendered":"<p><\/p>\n<p><p>Il 19 febbraio 2011, dopo la conclusione del Forum sociale russo-turco, il Patriarca di Costantinopoli Bartolomeo ha ricevuto nella sua residenza del Fanar la delegazione russa che aveva partecipato al forum. All\u2019incontro hanno preso parte diversi rappresentanti del governo e del parlamento russo, diplomatici, esponenti del mondo della cultura, degli affari. Tra gli altri, anche l\u2019igumeno Philipp (Rjabych), vicepresidente del Dipartimento per le Relazioni esterne del Patriarcato di Mosca.<\/p>\n<p>Accogliendo gli ospiti, Sua Santit\u00e0 il Patriarca Bartolomeo ha parlato della collaborazione fraterna tra le Chiese Ortodosse di Costantinopoli e di Mosca. Ha inoltre parlato della situazione attuale dei cristiani in Turchia, sottolineando il fatto che negli ultimi anni si \u00e8 intensificata la collaborazione delle Chiese cristiane con le autorit\u00e0 statali e con la comunit\u00e0 islamica del Paese.<\/p>\n<p>Gli ospiti russi hanno poi informato il Patriarca dei risultati del Forum. L\u2019igumeno Philipp ha parlato dell\u2019attivit\u00e0 del gruppo di lavoro per il dialogo interreligioso, sottolineando che la delegazione russa ha trasmesso alla controparte turca il proprio desiderio che dei rappresentanti del Patriarcato di Costantinopoli possano partecipare al dialogo bilaterale, essendo in esso presenti esponenti delle comunit\u00e0 islamiche della Russia.<\/p>\n<p>La delegazione ha fatto dono al patriarca di un\u2019icona russa dei santi dottori Basilio Magno, Gregorio di Nazianzo e Giovanni Crisostomo.<\/p>\n<p>La delegazione russa ha poi visitato la cattedrale di s. Giorgio il vincitore, la chiesa di S. Sofia e il Consolato della Federazione Russa, un tempo sede dell\u2019Ambasciata dell\u2019impero russo.<\/p>\n<p>Il console generale della Federazione Russa A. Erchov con la consorte ha dato un pranzo in onore degli ospiti, nella residenza estiva dei consoli russi. Qui gli ospiti hanno visitato la chiesa dedicata ai santi Costantino e Elena, situata nel territorio della residenza; l\u2019igumeno Philipp ha rivolto una breve preghiera ai due santi.<\/p>\n<\/p>\n<p><\/p>","protected":false},"excerpt":{"rendered":"<p>Il 19 febbraio 2011, dopo la conclusione del Forum sociale russo-turco, il Patriarca di Costantinopoli Bartolomeo ha ricevuto nella sua residenza del Fanar la delegazione russa che aveva partecipato al forum.<\/p>\n","protected":false},"author":8,"featured_media":35153,"comment_status":"closed","ping_status":"closed","sticky":false,"template":"","format":"standard","meta":[],"categories":[9,1],"tags":[],"_links":{"self":[{"href":"https:\/\/old.mospat.ru\/it\/wp-json\/wp\/v2\/posts\/36649"}],"collection":[{"href":"https:\/\/old.mospat.ru\/it\/wp-json\/wp\/v2\/posts"}],"about":[{"href":"https:\/\/old.mospat.ru\/it\/wp-json\/wp\/v2\/types\/post"}],"author":[{"embeddable":true,"href":"https:\/\/old.mospat.ru\/it\/wp-json\/wp\/v2\/users\/8"}],"replies":[{"embeddable":true,"href":"https:\/\/old.mospat.ru\/it\/wp-json\/wp\/v2\/comments?post=36649"}],"version-history":[{"count":0,"href":"https:\/\/old.mospat.ru\/it\/wp-json\/wp\/v2\/posts\/36649\/revisions"}],"wp:featuredmedia":[{"embeddable":true,"href":"https:\/\/old.mospat.ru\/it\/wp-json\/wp\/v2\/media\/35153"}],"wp:attachment":[{"href":"https:\/\/old.mospat.ru\/it\/wp-json\/wp\/v2\/media?parent=36649"}],"wp:term":[{"taxonomy":"category","embeddable":true,"href":"https:\/\/old.mospat.ru\/it\/wp-json\/wp\/v2\/categories?post=36649"},{"taxonomy":"post_tag","embeddable":true,"href":"https:\/\/old.mospat.ru\/it\/wp-json\/wp\/v2\/tags?post=36649"}],"curies":[{"name":"wp","href":"https:\/\/api.w.org\/{rel}","templated":true}]}}