{"id":17026,"date":"2010-04-19T17:45:02","date_gmt":"2010-04-19T13:45:02","guid":{"rendered":"http:\/\/www.mospat.ru\/2010\/04\/19\/news17026\/"},"modified":"2010-04-21T11:17:48","modified_gmt":"2010-04-21T07:17:48","slug":"predsedatel-ovcs-napravil-soboleznovanie-v-svyazi-s-konchinojj-kardinala-tomasha-shpidlika","status":"publish","type":"post","link":"https:\/\/old.mospat.ru\/it\/2010\/04\/19\/news17026\/","title":{"rendered":"Condoglianze del metropolita Hilarion per la morte del card. Spidlik"},"content":{"rendered":"<p><\/p>\n<p><em>Il 16 aprile \u00e8 morto a Roma il card. Tom\u00e1s Spidl\u00edk, gesuita, teologo di fama mondiale, specialista della spiritualit\u00e0 dell&#8217;Oriente cristiano. <\/em><em><\/em><\/p>\n<p><em>Nato in Cecoslovacchia nel 1919, si \u00e8 diplomato all&#8217;Universit\u00e0 di Brno e nel 1940 \u00e8 entrato a far parte della Compagnia di Ges\u00f9 (ordine dei gesuiti). Dopo la guerra ha studiato teologia a Maastricht e il 22 settembre 1949 \u00e8 stato ordinato sacerdote. Dal 1951 ha lavorato alla Radio Vaticana. Per 38 anni \u00e8 stato assistente spirituale del collegio boemo a Roma. Nel 1955 ha sostenuto la tesi di dottorato, dedicandosi in seguito all&#8217;insegnamento della patristica e della spiritualit\u00e0 dell&#8217;Oriente cristiano. <\/em><em><\/em><\/p>\n<p><em>Tutta la sua vita \u00e8 stata consacrata all&#8217;unit\u00e0 dei cristiani. Nel 2003 il Papa Giovanni Paolo II lo ha elevato alla dignit\u00e0 di cardinale. Caratteristica precipua della sua personalit\u00e0 era la capacit\u00e0 di stabilire rapporti personali di fiducia e amicizia con chiunque. Era conosciuto come uomo di Dio e guida spirituale di grande esperienza. Padre Spidl\u00edk ha visitato la Russia diverse volte, nel 1992 si \u00e8 incontrato col Patriarca Alessio II, era membro onorario della Societ\u00e0 di studi bizantino-slavi di Pietroburgo. <\/em><\/p>\n<p><em>In occasione della morte del card. Spidl\u00edk, il metropolita Hilarion di Volokolamsk, presidente del Dipartimento delle relazioni esterne del Patriarcato di Mosca, ha espresso alla Chiesa Cattolica le proprie condoglianze. Riportiamo il testo del suo messaggio. <\/em><\/p>\n<p>A Sua Eminenza Reverendissima il Card. Walter Kasper,<\/p>\n<p>presidente del Pontificio consiglio per la promozione dell&#8217;unit\u00e0 dei cristiani<\/p>\n<p>Al Reverendo Padre Adolfo Nicol\u00e0s<\/p>\n<p>Preposito Generale della Compagnia di Ges\u00f9<\/p>\n<p>Eminenza Reverendissima,<\/p>\n<p>Reverendo padre,<\/p>\n<p>Vogliate accettare le mie pi\u00f9 sentite condoglianze in occasione della morte del card. Tom\u00e1s Spidl\u00edk.<\/p>\n<p>Dopo aver fatto la propria professione monastica a Velehrad, dove si venerano le reliquie di s. Metodio, apostolo dei popoli slavi, padre Tom\u00e1s Spidl\u00edk ha dedicato tutta la sua lunga vita allo studio della teologia bizantina e della tradizione dell&#8217;Oriente cristiano. Il Card. Spidl\u00edk era universalmente conosciuto come uno dei maggiori esperti cattolici della spiritualit\u00e0 ortodossa.<\/p>\n<p>Era conosciuto e stimato anche in Russia, che aveva visitato diverse volte, e nella Chiesa Ortodossa Russa, alla quale \u00e8 sempre stato vicino. Con la morte di padre Tom\u00e1s, la scienza ha perso uno straordinario studioso, il mondo accademico un insegnante di talento, i suoi figli spirituali un pastore saggio e esperto. Sono tuttavia convinto che la sua ricca eredit\u00e0 teologica e i lavori dei suoi numerosi discepoli continueranno anche in avvenire a far conoscere ai cristiani d&#8217;Occidente la tradizione ortodossa.<\/p>\n<p>Il cammino terreno di p. Tom\u00e1s si \u00e8 concluso nel tempo della Pasqua di Cristo, quest&#8217;anno comune per la  Chiesa d&#8217;Oriente e d&#8217;Occidente. Voglia il Signore nostro Ges\u00f9 Cristo, Risorto dai morti, concedere riposo nelle dimore dei giusti all&#8217;anima di questo fedele servitore della causa dell&#8217;unit\u00e0 dei cristiani. Eterna memoria!<\/p>\n<p>Nell&#8217;amore di Cristo Risorto,<\/p>\n<p><strong>+ Hilarion,<\/strong><\/p>\n<p><strong>Metropolita di Volokolamsk,<\/strong><\/p>\n<p><strong>Presidente del Dipartimento<\/strong><\/p>\n<p><strong>delle relazioni esterne<\/strong><\/p>\n<p><strong>del Patriarcato di Mosca<\/strong><\/p>\n<p><\/p>","protected":false},"excerpt":{"rendered":"<p>Il 16 aprile \u00e8 morto a Roma il card. Tom\u00e1s Spidl\u00edk, gesuita, teologo di fama mondiale, specialista della spiritualit\u00e0 dell&#8217;Oriente cristiano.<\/p>\n","protected":false},"author":7,"featured_media":0,"comment_status":"closed","ping_status":"closed","sticky":false,"template":"","format":"standard","meta":[],"categories":[10,2,12],"tags":[],"_links":{"self":[{"href":"https:\/\/old.mospat.ru\/it\/wp-json\/wp\/v2\/posts\/17026"}],"collection":[{"href":"https:\/\/old.mospat.ru\/it\/wp-json\/wp\/v2\/posts"}],"about":[{"href":"https:\/\/old.mospat.ru\/it\/wp-json\/wp\/v2\/types\/post"}],"author":[{"embeddable":true,"href":"https:\/\/old.mospat.ru\/it\/wp-json\/wp\/v2\/users\/7"}],"replies":[{"embeddable":true,"href":"https:\/\/old.mospat.ru\/it\/wp-json\/wp\/v2\/comments?post=17026"}],"version-history":[{"count":0,"href":"https:\/\/old.mospat.ru\/it\/wp-json\/wp\/v2\/posts\/17026\/revisions"}],"wp:attachment":[{"href":"https:\/\/old.mospat.ru\/it\/wp-json\/wp\/v2\/media?parent=17026"}],"wp:term":[{"taxonomy":"category","embeddable":true,"href":"https:\/\/old.mospat.ru\/it\/wp-json\/wp\/v2\/categories?post=17026"},{"taxonomy":"post_tag","embeddable":true,"href":"https:\/\/old.mospat.ru\/it\/wp-json\/wp\/v2\/tags?post=17026"}],"curies":[{"name":"wp","href":"https:\/\/api.w.org\/{rel}","templated":true}]}}