{"id":120598,"date":"2015-06-26T07:24:29","date_gmt":"2015-06-26T04:24:29","guid":{"rendered":"https:\/\/mospat.ru\/?p=120598"},"modified":"2015-07-01T16:39:27","modified_gmt":"2015-07-01T13:39:27","slug":"mitropolit-volokolamskijj-ilarion-vstretilsya-s-prezidentom-italii-s-mattarellojj","status":"publish","type":"post","link":"https:\/\/old.mospat.ru\/it\/2015\/06\/26\/news120598\/","title":{"rendered":"Il metropolita accolto dal Presidente Mattarella"},"content":{"rendered":"<p><\/p>\n\n\t\t<div id='gallery-3' class='gallery galleryid-120598 gallery-columns-3 gallery-size-thumbnail'>\n\t\t<div class='carousel-wrapper'>\n\t\t\t<div id='carousel-3' class='gallery-carousel'>\n\t\t\t\t<a href=\"https:\/\/old.mospat.ru\/wp-content\/uploads\/2015\/06\/IMG_3167.jpg\" id=\"slide_item_300\" class=\"slide fancybox\" rel=\"gallery1\"><img src=\"https:\/\/old.mospat.ru\/wp-content\/uploads\/timthumb.php?src=https:\/\/old.mospat.ru\/wp-content\/uploads\/2015\/06\/IMG_3167.jpg&w=632&h=380&q=95\" width=\"632\" height=\"380\"><\/a><a href=\"https:\/\/old.mospat.ru\/wp-content\/uploads\/2015\/06\/IMG_3169.jpg\" id=\"slide_item_301\" class=\"slide fancybox\" rel=\"gallery1\"><img src=\"https:\/\/old.mospat.ru\/wp-content\/uploads\/timthumb.php?src=https:\/\/old.mospat.ru\/wp-content\/uploads\/2015\/06\/IMG_3169.jpg&w=632&h=380&q=95\" width=\"632\" height=\"380\"><\/a><a href=\"https:\/\/old.mospat.ru\/wp-content\/uploads\/2015\/06\/IMG_3181.jpg\" id=\"slide_item_302\" class=\"slide fancybox\" rel=\"gallery1\"><img src=\"https:\/\/old.mospat.ru\/wp-content\/uploads\/timthumb.php?src=https:\/\/old.mospat.ru\/wp-content\/uploads\/2015\/06\/IMG_3181.jpg&w=632&h=380&q=95\" width=\"632\" height=\"380\"><\/a><a href=\"https:\/\/old.mospat.ru\/wp-content\/uploads\/2015\/06\/IMG_3184.jpg\" id=\"slide_item_303\" class=\"slide fancybox\" rel=\"gallery1\"><img src=\"https:\/\/old.mospat.ru\/wp-content\/uploads\/timthumb.php?src=https:\/\/old.mospat.ru\/wp-content\/uploads\/2015\/06\/IMG_3184.jpg&w=632&h=380&q=95\" width=\"632\" height=\"380\"><\/a>\n\t\t\t<\/div>\n\t\t<\/div>\n\t\t<div class='thumbs-wrapper'>\n\t\t\t<div id='thumbs-3' class='gallery-thumbs'>\n\t\t\t\t<a href=\"#slide_item_300\"><img src=\"https:\/\/old.mospat.ru\/wp-content\/uploads\/timthumb.php?src=https:\/\/old.mospat.ru\/wp-content\/uploads\/2015\/06\/IMG_3167.jpg&w=150&h=100&q=95\"><\/a><a href=\"#slide_item_301\"><img src=\"https:\/\/old.mospat.ru\/wp-content\/uploads\/timthumb.php?src=https:\/\/old.mospat.ru\/wp-content\/uploads\/2015\/06\/IMG_3169.jpg&w=150&h=100&q=95\"><\/a><a href=\"#slide_item_302\"><img src=\"https:\/\/old.mospat.ru\/wp-content\/uploads\/timthumb.php?src=https:\/\/old.mospat.ru\/wp-content\/uploads\/2015\/06\/IMG_3181.jpg&w=150&h=100&q=95\"><\/a><a href=\"#slide_item_303\"><img src=\"https:\/\/old.mospat.ru\/wp-content\/uploads\/timthumb.php?src=https:\/\/old.mospat.ru\/wp-content\/uploads\/2015\/06\/IMG_3184.jpg&w=150&h=100&q=95\"><\/a>\n\t\t\t<\/div>\n\t\t\t<a id='prev-3' class='gallery-thumbs-prev' href='#'><i class='icon-angle-circled-left'><\/i><\/a>\n\t\t\t<a id='next-3' class='gallery-thumbs-next' href='#'><i class='icon-angle-circled-right'><\/i><\/a>\n\t\t<\/div>\n\t<\/div>\n<p>Il 25 giugno 2015 il presidente del Dipartimento per le Relazioni Esterne del Patriarcato di Mosca metropolita Hilarion di Volokolamsk, \u00e8 stato accolto a Palazzo del Quirinale di Roma dal Presidente della Repubblica Italiana Sergio Mattarella.<\/p>\n<p>Nel corso di una lunga conversazione, alla quale ha partecipato anche l&#8217;ambasciatore russo in Italia, S. Razov e il segretario dell&#8217;Amministrazione delle parrocchie del Patriarcato di Mosca in Italia, archimandrita Antonij (Sevrjuk), \u00e8 stata discussa una vasta gamma di questioni di reciproco interesse.<\/p>\n<p>All&#8217;inizio dell&#8217;incontro, il metropolita Hilarion ha portato al Presidente italiano il saluto e i buoni auspici di Sua Santit\u00e0 il Patriarca di Mosca e di tutta la Rus\u2019 Kirill. Il metropolita ha sottolineato che i rapporti positivi e costruttivi con l&#8217;Italia &#8211; Paese di profonde radici cristiane &#8211; sono una delle priorit\u00e0 delle relazioni esterne della Chiesa ortodossa russa.<\/p>\n<p>Durante la conversazione il metropolita Hilarion ha parlato al Presidente Mattarella delle azioni di pace e delle iniziative umanitarie intraprese dalla Chiesa ortodossa russa per assistere le vittime del conflitto nella zona orientale dell&#8217;Ucraina. Egli ha sottolineato che il Patriarcato di Mosca sta facendo tutto il possibile per incoraggiare le parti interessate a cercare una risoluzione pacifica del conflitto, resistendo ai vari tentativi di coinvolgere la Chiesa nella lotta politica.<\/p>\n<p>Il metropolita ha parlato anche della situazione in Medio Oriente, dove non si ferma il genocidio della popolazione cristiana. A questo proposito, ha definito come particolarmente importanti gli sforzi comuni dei diversi leader religiosi, tra cui i rappresentanti dell&#8217;Islam tradizionale, per attirare l&#8217;attenzione del mondo su quella che \u00e8 senza dubbio la pi\u00f9 grande e la pi\u00f9 violenta persecuzione dei cristiani degli ultimi secoli.<\/p>\n<p>Il presidente del Decr ha inoltre informato il Presidente della Repubblica Italiana sulle relazioni tra la Chiesa ortodossa russa e la Chiesa cattolica romana, esprimendo soddisfazione per la dinamica positiva di queste relazioni, e ha condiviso le sue impressioni degli incontri con Papa Francesco.<\/p>\n<p>Il metropolita Hilarion ha parlato anche delle attivit\u00e0 della Chiesa ortodossa russa in Italia, dove oggi esistono pi\u00f9 di 60 parrocchie e comunit\u00e0 del Patriarcato di Mosca, e ha presentato al Presidente Mattarella l\u2019archimandrita Anthonij (Sevryuk), segretario dell&#8217;Amministrazione delle parrocchie del Patriarcato di Mosca in Italia.<\/p>\n<p>A sua volta, il Presidente italiano ha elogiato il ruolo della Chiesa ortodossa russa nel dialogo inter-cristiano e interreligioso. La Chiesa, secondo il parere di Sergio Mattarella, pu\u00f2 dare un contributo significativo al processo di pace nella parte orientale dell&#8217;Ucraina.<\/p>\n<p>Riferendosi alla situazione in Medio Oriente, il Presidente italiano ha espresso preoccupazione per la sorte dei cristiani perseguitati e si \u00e8 pronunciato in favore di una pi\u00f9 stretta cooperazione tra i vari Stati nella lotta al terrorismo e nella tutela dei diritti dei civili perseguitati dagli estremisti.<\/p>\n<p>Al termine dell&#8217;incontro le parti si sono scambiate i doni commemorativi.<\/p>\n<p>&nbsp;<\/p>\n<p><\/p>","protected":false},"excerpt":{"rendered":"<p>Il 25 giugno 2015 il presidente del Dipartimento per le Relazioni Esterne del Patriarcato di Mosca metropolita Hilarion di Volokolamsk, \u00e8 stato accolto a Palazzo del Quirinale di Roma dal Presidente della Repubblica Italiana Sergio Mattarella.<\/p>\n","protected":false},"author":7,"featured_media":120601,"comment_status":"closed","ping_status":"closed","sticky":true,"template":"","format":"standard","meta":[],"categories":[96,16,1,12],"tags":[],"_links":{"self":[{"href":"https:\/\/old.mospat.ru\/it\/wp-json\/wp\/v2\/posts\/120598"}],"collection":[{"href":"https:\/\/old.mospat.ru\/it\/wp-json\/wp\/v2\/posts"}],"about":[{"href":"https:\/\/old.mospat.ru\/it\/wp-json\/wp\/v2\/types\/post"}],"author":[{"embeddable":true,"href":"https:\/\/old.mospat.ru\/it\/wp-json\/wp\/v2\/users\/7"}],"replies":[{"embeddable":true,"href":"https:\/\/old.mospat.ru\/it\/wp-json\/wp\/v2\/comments?post=120598"}],"version-history":[{"count":0,"href":"https:\/\/old.mospat.ru\/it\/wp-json\/wp\/v2\/posts\/120598\/revisions"}],"wp:featuredmedia":[{"embeddable":true,"href":"https:\/\/old.mospat.ru\/it\/wp-json\/wp\/v2\/media\/120601"}],"wp:attachment":[{"href":"https:\/\/old.mospat.ru\/it\/wp-json\/wp\/v2\/media?parent=120598"}],"wp:term":[{"taxonomy":"category","embeddable":true,"href":"https:\/\/old.mospat.ru\/it\/wp-json\/wp\/v2\/categories?post=120598"},{"taxonomy":"post_tag","embeddable":true,"href":"https:\/\/old.mospat.ru\/it\/wp-json\/wp\/v2\/tags?post=120598"}],"curies":[{"name":"wp","href":"https:\/\/api.w.org\/{rel}","templated":true}]}}