{"id":99494,"date":"2014-03-13T15:16:52","date_gmt":"2014-03-13T11:16:52","guid":{"rendered":"https:\/\/mospat.ru\/?p=99494"},"modified":"2014-03-14T18:08:07","modified_gmt":"2014-03-14T14:08:07","slug":"svyatejjshijj-patriarkh-moskovskijj-i-vseya-rusi-kirill-pozdravil-papu-franciska-s-godovshhinojj-izbraniya-na-kafedru-rimskikh-episkopov","status":"publish","type":"post","link":"https:\/\/old.mospat.ru\/fr\/2014\/03\/13\/news99494\/","title":{"rendered":"Message de f\u00e9licitations du Patriarche Cyrille de Moscou et de toute la Russie au Pape Fran\u00e7ois pour le premier anniversaire de son \u00e9lection au si\u00e8ge des \u00e9v\u00eaques de Rome"},"content":{"rendered":"<p><i>Sa Saintet\u00e9 le Patriarche Cyrille de Moscou et de toute la Russie a adress\u00e9 ses f\u00e9licitations au Pape Fran\u00e7ois \u00e0 l\u2019occasion de l\u2019anniversaire de son \u00e9lection au si\u00e8ge des \u00e9v\u00eaques de Rome.<\/i><\/p>\n<p><b>Saintet\u00e9<\/b>\u00a0!<\/p>\n<p>Agr\u00e9ez mes sinc\u00e8res f\u00e9licitations pour l\u2019anniversaire de votre \u00e9lection \u00e0 la chaire des \u00e9v\u00eaques de Rome.<\/p>\n<p>La premi\u00e8re ann\u00e9e de votre pontificat a \u00e9t\u00e9 marqu\u00e9e par de grandes esp\u00e9rances et d\u2019importantes entreprises dans l\u2019\u00c9glise catholique romaine. L\u2019aspiration de Votre Saintet\u00e9 \u00e0 rendre la pr\u00e9sence des id\u00e9aux \u00e9vang\u00e9liques plus visible dans la vie de la soci\u00e9t\u00e9 contemporaine porte d\u00e9j\u00e0 de bons fruits. Votre souci et votre soin des malheureux et des infortun\u00e9s rappellent aux hommes le devoir de l\u2019amour fraternel, l\u2019obligation de manifester par de bonnes \u0153uvres la solidarit\u00e9 envers les n\u00e9cessiteux.<\/p>\n<p>Durant l\u2019ann\u00e9e \u00e9coul\u00e9e, les relations bilat\u00e9rales entre l\u2019\u00c9glise orthodoxe russe et l\u2019\u00c9glise catholique romaine ont continu\u00e9 \u00e0 se d\u00e9velopper. Je remarque avec satisfaction le haut niveau de compr\u00e9hension mutuelle et la volont\u00e9 des deux parties de renforcer la coop\u00e9ration orthodoxe-catholique au nom de l\u2019\u00e9tablissement des valeurs morales et spirituelle chr\u00e9tiennes dans le monde actuel, de la d\u00e9fense des opprim\u00e9s et du service du prochain.<\/p>\n<p>Souhaitant \u00e0 Votre Saintet\u00e9 forces morales et physiques, paix, joie et l\u2019aide du Dieu tr\u00e8s-mis\u00e9ricordieux dans son \u00e9minent minist\u00e8re, je vous assure de ma consid\u00e9ration dans le Seigneur.<\/p>\n<p align=\"right\"><b>+Cyrille,<br \/>\nPatriarche de Moscou et de toute la Russie<\/b><\/p>\n<p><\/p>","protected":false},"excerpt":{"rendered":"<p>Sa Saintet\u00e9 le Patriarche Cyrille de Moscou et de toute la Russie a adress\u00e9 ses f\u00e9licitations au Pape Fran\u00e7ois \u00e0 l\u2019occasion de l\u2019anniversaire de son \u00e9lection au si\u00e8ge des \u00e9v\u00eaques de Rome.<\/p>\n","protected":false},"author":15,"featured_media":99495,"comment_status":"closed","ping_status":"closed","sticky":false,"template":"","format":"standard","meta":[],"categories":[10,1,2,11],"tags":[],"_links":{"self":[{"href":"https:\/\/old.mospat.ru\/fr\/wp-json\/wp\/v2\/posts\/99494"}],"collection":[{"href":"https:\/\/old.mospat.ru\/fr\/wp-json\/wp\/v2\/posts"}],"about":[{"href":"https:\/\/old.mospat.ru\/fr\/wp-json\/wp\/v2\/types\/post"}],"author":[{"embeddable":true,"href":"https:\/\/old.mospat.ru\/fr\/wp-json\/wp\/v2\/users\/15"}],"replies":[{"embeddable":true,"href":"https:\/\/old.mospat.ru\/fr\/wp-json\/wp\/v2\/comments?post=99494"}],"version-history":[{"count":0,"href":"https:\/\/old.mospat.ru\/fr\/wp-json\/wp\/v2\/posts\/99494\/revisions"}],"wp:featuredmedia":[{"embeddable":true,"href":"https:\/\/old.mospat.ru\/fr\/wp-json\/wp\/v2\/media\/99495"}],"wp:attachment":[{"href":"https:\/\/old.mospat.ru\/fr\/wp-json\/wp\/v2\/media?parent=99494"}],"wp:term":[{"taxonomy":"category","embeddable":true,"href":"https:\/\/old.mospat.ru\/fr\/wp-json\/wp\/v2\/categories?post=99494"},{"taxonomy":"post_tag","embeddable":true,"href":"https:\/\/old.mospat.ru\/fr\/wp-json\/wp\/v2\/tags?post=99494"}],"curies":[{"name":"wp","href":"https:\/\/api.w.org\/{rel}","templated":true}]}}