{"id":98368,"date":"2014-02-11T12:22:22","date_gmt":"2014-02-11T08:22:22","guid":{"rendered":"https:\/\/mospat.ru\/?p=98368"},"modified":"2014-02-12T16:20:14","modified_gmt":"2014-02-12T12:20:14","slug":"pervoierarkh-russkojj-zarubezhnojj-cerkvi-vozglavil-prestolnye-torzhestva-v-bruklinskom-khrame-svyatykh-novomuchenikov","status":"publish","type":"post","link":"https:\/\/old.mospat.ru\/fr\/2014\/02\/11\/news98368\/","title":{"rendered":"Le Premier Hi\u00e9rarque de l\u2019\u00c9glise orthodoxe Hors-Fronti\u00e8res a pr\u00e9sid\u00e9 \u00e0 la f\u00eate titulaire de l\u2019\u00e9glise des Nouveaux-Martyrs-Russes de Brooklyn"},"content":{"rendered":"<p>\n\t\t<div id='gallery-2' class='gallery galleryid-98368 gallery-columns-3 gallery-size-thumbnail'>\n\t\t<div class='carousel-wrapper'>\n\t\t\t<div id='carousel-2' class='gallery-carousel'>\n\t\t\t\t<a href=\"https:\/\/old.mospat.ru\/wp-content\/uploads\/2014\/02\/08.jpg\" id=\"slide_item_200\" class=\"slide fancybox\" rel=\"gallery1\"><img src=\"https:\/\/old.mospat.ru\/wp-content\/uploads\/timthumb.php?src=https:\/\/old.mospat.ru\/wp-content\/uploads\/2014\/02\/08.jpg&w=632&h=380&q=95\" width=\"632\" height=\"380\"><\/a><a href=\"https:\/\/old.mospat.ru\/wp-content\/uploads\/2014\/02\/12.jpg\" id=\"slide_item_201\" class=\"slide fancybox\" rel=\"gallery1\"><img src=\"https:\/\/old.mospat.ru\/wp-content\/uploads\/timthumb.php?src=https:\/\/old.mospat.ru\/wp-content\/uploads\/2014\/02\/12.jpg&w=632&h=380&q=95\" width=\"632\" height=\"380\"><\/a><a href=\"https:\/\/old.mospat.ru\/wp-content\/uploads\/2014\/02\/29.jpg\" id=\"slide_item_202\" class=\"slide fancybox\" rel=\"gallery1\"><img src=\"https:\/\/old.mospat.ru\/wp-content\/uploads\/timthumb.php?src=https:\/\/old.mospat.ru\/wp-content\/uploads\/2014\/02\/29.jpg&w=632&h=380&q=95\" width=\"632\" height=\"380\"><\/a>\n\t\t\t<\/div>\n\t\t<\/div>\n\t\t<div class='thumbs-wrapper'>\n\t\t\t<div id='thumbs-2' class='gallery-thumbs'>\n\t\t\t\t<a href=\"#slide_item_200\"><img src=\"https:\/\/old.mospat.ru\/wp-content\/uploads\/timthumb.php?src=https:\/\/old.mospat.ru\/wp-content\/uploads\/2014\/02\/08.jpg&w=150&h=100&q=95\"><\/a><a href=\"#slide_item_201\"><img src=\"https:\/\/old.mospat.ru\/wp-content\/uploads\/timthumb.php?src=https:\/\/old.mospat.ru\/wp-content\/uploads\/2014\/02\/12.jpg&w=150&h=100&q=95\"><\/a><a href=\"#slide_item_202\"><img src=\"https:\/\/old.mospat.ru\/wp-content\/uploads\/timthumb.php?src=https:\/\/old.mospat.ru\/wp-content\/uploads\/2014\/02\/29.jpg&w=150&h=100&q=95\"><\/a>\n\t\t\t<\/div>\n\t\t\t<a id='prev-2' class='gallery-thumbs-prev' href='#'><i class='icon-angle-circled-left'><\/i><\/a>\n\t\t\t<a id='next-2' class='gallery-thumbs-next' href='#'><i class='icon-angle-circled-right'><\/i><\/a>\n\t\t<\/div>\n\t<\/div><br \/>\nLe dimanche des Nouveaux-martyrs et confesseurs russes, les paroissiens de l\u2019\u00e9glise des Saints-Nouveaux-Martyrs de Brooklyn (\u00c9tats-Unis, \u00e9tat de New York) c\u00e9l\u00e9braient la f\u00eate titulaire de leur paroisse. Le clerg\u00e9 des \u00e9glises voisines a aussi pris part \u00e0 la c\u00e9l\u00e9bration.<\/p>\n<p>Le samedi 8 f\u00e9vrier 2014, les Vigiles ont \u00e9t\u00e9 pr\u00e9sid\u00e9es par l\u2019archipr\u00eatre Serguiy Loukianov, recteur de l\u2019\u00e9glise, qui conc\u00e9l\u00e9brait avec de nombreux clercs des paroisses de la r\u00e9gion.<\/p>\n<p>Le 9 f\u00e9vrier 2014, le m\u00e9tropolite Hilarion d\u2019Am\u00e9rique de l\u2019Est et de New York, Premier Hi\u00e9rarque de l\u2019\u00c9glise russe Hors-Fronti\u00e8res, a conc\u00e9l\u00e9br\u00e9 la Divine liturgie avec des membres du clerg\u00e9 venus de diff\u00e9rentes villes.<\/p>\n<p>L\u2019ic\u00f4ne de la M\u00e8re de Dieu dite \u00ab\u00a0De la Racine\u00a0\u00bb de Koursk, l\u2019Hodiguitria de la Diaspora russe, sous la protection de laquelle se d\u00e9roulait la f\u00eate titulaire, avait \u00e9t\u00e9 apport\u00e9e.<\/p>\n<p>La liturgie a \u00e9t\u00e9 pr\u00e9c\u00e9d\u00e9e de la chiroth\u00e9sie du lecteur Alexandre Choukline, devenu sous-diacre.<\/p>\n<p>Des pri\u00e8res sp\u00e9ciales ont \u00e9t\u00e9 dites pour la paix en Ukraine. Une pri\u00e8re aux Nouveaux-martyrs et confesseurs russes a \u00e9t\u00e9 lue.<\/p>\n<p>A la fin de la liturgie, le m\u00e9tropolite Hilarion a salu\u00e9 les fid\u00e8les. Le chef du doyenn\u00e9 et le recteur se sont exprim\u00e9s \u00e0 leur tour, remerciant Mgr Hilarion d\u2019avoir partag\u00e9 avec eux la joie de ces c\u00e9r\u00e9monies en l\u2019honneur des Nouveaux-Martyrs russes.<\/p>\n<p>Des distinctions ont \u00e9t\u00e9 remises \u00e0 plusieurs membres de la paroisse.<\/p>\n<p>Un d\u00e9jeuner puis un concert de musique traditionnelle russe donn\u00e9 \u00e0 la salle paroissiale ont termin\u00e9 les c\u00e9l\u00e9brations.<\/p>","protected":false},"excerpt":{"rendered":"<p>Le dimanche des Nouveaux-martyrs et confesseurs russes, les paroissiens de l\u2019\u00e9glise des Saints-Nouveaux-Martyrs de Brooklyn (\u00c9tats-Unis, \u00e9tat de New York) c\u00e9l\u00e9braient la f\u00eate titulaire de leur paroisse. Le clerg\u00e9 des \u00e9glises voisines a aussi pris part \u00e0 la c\u00e9l\u00e9bration.<\/p>\n","protected":false},"author":15,"featured_media":0,"comment_status":"closed","ping_status":"closed","sticky":false,"template":"","format":"standard","meta":[],"categories":[1],"tags":[],"_links":{"self":[{"href":"https:\/\/old.mospat.ru\/fr\/wp-json\/wp\/v2\/posts\/98368"}],"collection":[{"href":"https:\/\/old.mospat.ru\/fr\/wp-json\/wp\/v2\/posts"}],"about":[{"href":"https:\/\/old.mospat.ru\/fr\/wp-json\/wp\/v2\/types\/post"}],"author":[{"embeddable":true,"href":"https:\/\/old.mospat.ru\/fr\/wp-json\/wp\/v2\/users\/15"}],"replies":[{"embeddable":true,"href":"https:\/\/old.mospat.ru\/fr\/wp-json\/wp\/v2\/comments?post=98368"}],"version-history":[{"count":0,"href":"https:\/\/old.mospat.ru\/fr\/wp-json\/wp\/v2\/posts\/98368\/revisions"}],"wp:attachment":[{"href":"https:\/\/old.mospat.ru\/fr\/wp-json\/wp\/v2\/media?parent=98368"}],"wp:term":[{"taxonomy":"category","embeddable":true,"href":"https:\/\/old.mospat.ru\/fr\/wp-json\/wp\/v2\/categories?post=98368"},{"taxonomy":"post_tag","embeddable":true,"href":"https:\/\/old.mospat.ru\/fr\/wp-json\/wp\/v2\/tags?post=98368"}],"curies":[{"name":"wp","href":"https:\/\/api.w.org\/{rel}","templated":true}]}}