{"id":78922,"date":"2013-01-10T16:23:21","date_gmt":"2013-01-10T12:23:21","guid":{"rendered":"http:\/\/mospat.ru\/?p=78922"},"modified":"2013-01-11T15:13:14","modified_gmt":"2013-01-11T11:13:14","slug":"mitropolit-ilarion-vstretilsya-s-predsedatelem-balkanskogo-afonskogo-obshhestva","status":"publish","type":"post","link":"https:\/\/old.mospat.ru\/fr\/2013\/01\/10\/news78922\/","title":{"rendered":"Le m\u00e9tropolite Hilarion rencontre le pr\u00e9sident de la Soci\u00e9t\u00e9 athonite des Balkans"},"content":{"rendered":"<p>\n\t\t<div id='gallery-4' class='gallery galleryid-78922 gallery-columns-3 gallery-size-thumbnail'>\n\t\t<div class='carousel-wrapper'>\n\t\t\t<div id='carousel-4' class='gallery-carousel'>\n\t\t\t\t<a href=\"https:\/\/old.mospat.ru\/wp-content\/uploads\/2013\/01\/IMG_1709_1.jpg\" id=\"slide_item_400\" class=\"slide fancybox\" rel=\"gallery1\"><img src=\"https:\/\/old.mospat.ru\/wp-content\/uploads\/timthumb.php?src=https:\/\/old.mospat.ru\/wp-content\/uploads\/2013\/01\/IMG_1709_1.jpg&w=632&h=380&q=95\" width=\"632\" height=\"380\"><\/a><a href=\"https:\/\/old.mospat.ru\/wp-content\/uploads\/2013\/01\/IMG_1700_.jpg\" id=\"slide_item_401\" class=\"slide fancybox\" rel=\"gallery1\"><img src=\"https:\/\/old.mospat.ru\/wp-content\/uploads\/timthumb.php?src=https:\/\/old.mospat.ru\/wp-content\/uploads\/2013\/01\/IMG_1700_.jpg&w=632&h=380&q=95\" width=\"632\" height=\"380\"><\/a><a href=\"https:\/\/old.mospat.ru\/wp-content\/uploads\/2013\/01\/IMG_1705_.jpg\" id=\"slide_item_402\" class=\"slide fancybox\" rel=\"gallery1\"><img src=\"https:\/\/old.mospat.ru\/wp-content\/uploads\/timthumb.php?src=https:\/\/old.mospat.ru\/wp-content\/uploads\/2013\/01\/IMG_1705_.jpg&w=632&h=380&q=95\" width=\"632\" height=\"380\"><\/a><a href=\"https:\/\/old.mospat.ru\/wp-content\/uploads\/2013\/01\/IMG_1709_.jpg\" id=\"slide_item_403\" class=\"slide fancybox\" rel=\"gallery1\"><img src=\"https:\/\/old.mospat.ru\/wp-content\/uploads\/timthumb.php?src=https:\/\/old.mospat.ru\/wp-content\/uploads\/2013\/01\/IMG_1709_.jpg&w=632&h=380&q=95\" width=\"632\" height=\"380\"><\/a>\n\t\t\t<\/div>\n\t\t<\/div>\n\t\t<div class='thumbs-wrapper'>\n\t\t\t<div id='thumbs-4' class='gallery-thumbs'>\n\t\t\t\t<a href=\"#slide_item_400\"><img src=\"https:\/\/old.mospat.ru\/wp-content\/uploads\/timthumb.php?src=https:\/\/old.mospat.ru\/wp-content\/uploads\/2013\/01\/IMG_1709_1.jpg&w=150&h=100&q=95\"><\/a><a href=\"#slide_item_401\"><img src=\"https:\/\/old.mospat.ru\/wp-content\/uploads\/timthumb.php?src=https:\/\/old.mospat.ru\/wp-content\/uploads\/2013\/01\/IMG_1700_.jpg&w=150&h=100&q=95\"><\/a><a href=\"#slide_item_402\"><img src=\"https:\/\/old.mospat.ru\/wp-content\/uploads\/timthumb.php?src=https:\/\/old.mospat.ru\/wp-content\/uploads\/2013\/01\/IMG_1705_.jpg&w=150&h=100&q=95\"><\/a><a href=\"#slide_item_403\"><img src=\"https:\/\/old.mospat.ru\/wp-content\/uploads\/timthumb.php?src=https:\/\/old.mospat.ru\/wp-content\/uploads\/2013\/01\/IMG_1709_.jpg&w=150&h=100&q=95\"><\/a>\n\t\t\t<\/div>\n\t\t\t<a id='prev-4' class='gallery-thumbs-prev' href='#'><i class='icon-angle-circled-left'><\/i><\/a>\n\t\t\t<a id='next-4' class='gallery-thumbs-next' href='#'><i class='icon-angle-circled-right'><\/i><\/a>\n\t\t<\/div>\n\t<\/div><\/p>\n<p>Le 10 janvier 2013, au D\u00e9partement des relations eccl\u00e9siastiques ext\u00e9rieures du Patriarcat de Moscou, le m\u00e9tropolite Hilarion de Volokolamsk, pr\u00e9sident du DREE a re\u00e7u le pr\u00e9sident de la soci\u00e9t\u00e9 athonite des Balkans, A. V. Kristov.<\/p>\n<p>L\u2019entretien a port\u00e9 sur de nombres aspects de la coop\u00e9ration entre l\u2019\u00c9glise orthodoxe russe, la Soci\u00e9t\u00e9 athonite des Balkans et le Mont Athos. L\u2019archipr\u00eatre Igor Iakimtchouk, secr\u00e9taire du DREE aux relations interorthodoxes participaient \u00e0 l\u2019entretien.<\/p>\n<p>La Soci\u00e9t\u00e9 athonite des Balkans s\u2019attache \u00e0 populariser l\u2019histoire, les richesses spirituelles et culturelles du Mont Athos en Bulgarie et dans d\u2019autres pays de tradition orthodoxe. Elle organise et prend en charge des p\u00e8lerinages de jeunes gens originaires de ces pays vers la Sainte Montagne. Elle s\u2019occupe \u00e9galement de la r\u00e9alisation de projets visant \u00e0 apporter un soutien mat\u00e9riel aux monast\u00e8res athonites.<\/p>","protected":false},"excerpt":{"rendered":"<p>Le 10 janvier 2013, au D\u00e9partement des relations eccl\u00e9siastiques ext\u00e9rieures du Patriarcat de Moscou, le m\u00e9tropolite Hilarion de Volokolamsk, pr\u00e9sident du DREE a re\u00e7u le pr\u00e9sident de la soci\u00e9t\u00e9 athonite des Balkans, A. V. Kristov.<\/p>\n","protected":false},"author":10,"featured_media":78928,"comment_status":"closed","ping_status":"closed","sticky":false,"template":"","format":"standard","meta":[],"categories":[1,12],"tags":[],"_links":{"self":[{"href":"https:\/\/old.mospat.ru\/fr\/wp-json\/wp\/v2\/posts\/78922"}],"collection":[{"href":"https:\/\/old.mospat.ru\/fr\/wp-json\/wp\/v2\/posts"}],"about":[{"href":"https:\/\/old.mospat.ru\/fr\/wp-json\/wp\/v2\/types\/post"}],"author":[{"embeddable":true,"href":"https:\/\/old.mospat.ru\/fr\/wp-json\/wp\/v2\/users\/10"}],"replies":[{"embeddable":true,"href":"https:\/\/old.mospat.ru\/fr\/wp-json\/wp\/v2\/comments?post=78922"}],"version-history":[{"count":0,"href":"https:\/\/old.mospat.ru\/fr\/wp-json\/wp\/v2\/posts\/78922\/revisions"}],"wp:featuredmedia":[{"embeddable":true,"href":"https:\/\/old.mospat.ru\/fr\/wp-json\/wp\/v2\/media\/78928"}],"wp:attachment":[{"href":"https:\/\/old.mospat.ru\/fr\/wp-json\/wp\/v2\/media?parent=78922"}],"wp:term":[{"taxonomy":"category","embeddable":true,"href":"https:\/\/old.mospat.ru\/fr\/wp-json\/wp\/v2\/categories?post=78922"},{"taxonomy":"post_tag","embeddable":true,"href":"https:\/\/old.mospat.ru\/fr\/wp-json\/wp\/v2\/tags?post=78922"}],"curies":[{"name":"wp","href":"https:\/\/api.w.org\/{rel}","templated":true}]}}