{"id":72333,"date":"2012-10-09T12:13:39","date_gmt":"2012-10-09T08:13:39","guid":{"rendered":"http:\/\/www.mospat.ru\/?p=72333"},"modified":"2012-10-10T23:51:01","modified_gmt":"2012-10-10T19:51:01","slug":"v-evroparlamente-proshel-seminar-posvyashhennyjj-probleme-diskriminacii-khristian-v-evrope","status":"publish","type":"post","link":"https:\/\/old.mospat.ru\/fr\/2012\/10\/09\/news72333\/","title":{"rendered":"Un s\u00e9minaire sur la discrimination des chr\u00e9tiens en Europe au Parlement europ\u00e9en"},"content":{"rendered":"<p>\n\t\t<div id='gallery-3' class='gallery galleryid-72333 gallery-columns-3 gallery-size-thumbnail'>\n\t\t<div class='carousel-wrapper'>\n\t\t\t<div id='carousel-3' class='gallery-carousel'>\n\t\t\t\t<a href=\"https:\/\/old.mospat.ru\/wp-content\/uploads\/2012\/10\/IMG_6784_m.jpg\" id=\"slide_item_300\" class=\"slide fancybox\" rel=\"gallery1\"><img src=\"https:\/\/old.mospat.ru\/wp-content\/uploads\/timthumb.php?src=https:\/\/old.mospat.ru\/wp-content\/uploads\/2012\/10\/IMG_6784_m.jpg&w=632&h=380&q=95\" width=\"632\" height=\"380\"><\/a><a href=\"https:\/\/old.mospat.ru\/wp-content\/uploads\/2012\/10\/IMG_6807_m.jpg\" id=\"slide_item_301\" class=\"slide fancybox\" rel=\"gallery1\"><img src=\"https:\/\/old.mospat.ru\/wp-content\/uploads\/timthumb.php?src=https:\/\/old.mospat.ru\/wp-content\/uploads\/2012\/10\/IMG_6807_m.jpg&w=632&h=380&q=95\" width=\"632\" height=\"380\"><\/a><a href=\"https:\/\/old.mospat.ru\/wp-content\/uploads\/2012\/10\/IMG_6836_m.jpg\" id=\"slide_item_302\" class=\"slide fancybox\" rel=\"gallery1\"><img src=\"https:\/\/old.mospat.ru\/wp-content\/uploads\/timthumb.php?src=https:\/\/old.mospat.ru\/wp-content\/uploads\/2012\/10\/IMG_6836_m.jpg&w=632&h=380&q=95\" width=\"632\" height=\"380\"><\/a>\n\t\t\t<\/div>\n\t\t<\/div>\n\t\t<div class='thumbs-wrapper'>\n\t\t\t<div id='thumbs-3' class='gallery-thumbs'>\n\t\t\t\t<a href=\"#slide_item_300\"><img src=\"https:\/\/old.mospat.ru\/wp-content\/uploads\/timthumb.php?src=https:\/\/old.mospat.ru\/wp-content\/uploads\/2012\/10\/IMG_6784_m.jpg&w=150&h=100&q=95\"><\/a><a href=\"#slide_item_301\"><img src=\"https:\/\/old.mospat.ru\/wp-content\/uploads\/timthumb.php?src=https:\/\/old.mospat.ru\/wp-content\/uploads\/2012\/10\/IMG_6807_m.jpg&w=150&h=100&q=95\"><\/a><a href=\"#slide_item_302\"><img src=\"https:\/\/old.mospat.ru\/wp-content\/uploads\/timthumb.php?src=https:\/\/old.mospat.ru\/wp-content\/uploads\/2012\/10\/IMG_6836_m.jpg&w=150&h=100&q=95\"><\/a>\n\t\t\t<\/div>\n\t\t\t<a id='prev-3' class='gallery-thumbs-prev' href='#'><i class='icon-angle-circled-left'><\/i><\/a>\n\t\t\t<a id='next-3' class='gallery-thumbs-next' href='#'><i class='icon-angle-circled-right'><\/i><\/a>\n\t\t<\/div>\n\t<\/div><\/p>\n<p>Le 2 octobre 2012, un s\u00e9minaire sur le th\u00e8me de la \u00ab\u00a0Discrimination des chr\u00e9tiens en Europe\u00a0\u00bb s\u2019est d\u00e9roul\u00e9 au Parlement europ\u00e9en de Bruxelles.<\/p>\n<p>Organis\u00e9 conjointement par des parlementaires du Parti populaire europ\u00e9en et de la Fraction des Conservateurs et R\u00e9formateurs europ\u00e9ens et par la Commission catholique des conf\u00e9rences \u00e9piscopales de l\u2019Union Europ\u00e9enne, le s\u00e9minaire a r\u00e9uni plusieurs centaines de participants, d\u00e9put\u00e9s europ\u00e9ens, experts en droit religieux, hommes politiques, repr\u00e9sentants d\u2019organisations civiles et eccl\u00e9siastiques.<\/p>\n<p>Les participants du s\u00e9minaire et les experts ont constat\u00e9 la mont\u00e9e \u00e9vidente des manifestations d\u2019intol\u00e9rance \u00e0 l\u2019\u00e9gard des chr\u00e9tiens d\u2019Europe de l\u2019Ouest ces derni\u00e8res ann\u00e9es. Ils se sont demand\u00e9 si les cas de discrimination qui se multiplient d\u2019ann\u00e9e en ann\u00e9e dans les pays de l\u2019Union europ\u00e9enne, les cas de violence, de vandalisme, d\u2019offense aux croyants, de blasph\u00e8me, d\u2019incitation au p\u00e9ch\u00e9, d\u2019hyst\u00e9rie anticl\u00e9ricale dans la presse sont simplement une s\u00e9rie de co\u00efncidences ou s\u2019il s\u2019agit d\u2019un mouvement conscient des structures politiques et sociales \u0153uvrant \u00e0 la marginalisation et \u00e0 la discr\u00e9ditation du christianisme et g\u00e9n\u00e9ral et de l\u2019\u00c9glise en tant qu\u2019institut en particulier.<\/p>\n<p>Les multiples exemples et donn\u00e9es statistiques rassembl\u00e9s dans le rapport de M. K\u00fcgler (Autriche) t\u00e9moignent de ce que les tendances antichr\u00e9tiennes en Europe prennent des proportions mena\u00e7antes et repr\u00e9sentent d\u00e8s maintenant une menace r\u00e9elle \u00e0 la libert\u00e9 de conscience et aux droits de la personne. \u00ab\u00a0Les statistiques ne sont pas compl\u00e8tes, mais la haine est bien dans l\u2019air\u00a0\u00bb a conclu l\u2019expert.<\/p>\n<p>Les exemples suivants, mentionn\u00e9s par les intervenants, r\u00e9sument les tendances actuelles dans toute l\u2019Europe\u00a0:<\/p>\n<p>&#8211;\u00a0\u00a0\u00a0\u00a0\u00a0\u00a0\u00a0\u00a0\u00a0 Perte du droit des parents \u00e0 refuser certaines formes d\u2019\u00e9ducation sexuelle de leurs enfants dans les \u00e9coles\u00a0; les mentions de No\u00ebl, de P\u00e2ques et d\u2019autres f\u00eates chr\u00e9tiennes sont retir\u00e9es des calendriers scolaires\u00a0;<\/p>\n<p>&#8211;\u00a0\u00a0\u00a0\u00a0\u00a0\u00a0\u00a0\u00a0\u00a0 \u00ab\u00a0Guerre culturelle\u00a0\u00bb contre la famille\u00a0: l\u2019expression d\u2019une conception traditionnelle de la famille comme union d\u2019un homme et d\u2019une femme, et non de deux personnes de n\u2019importe quel sexe est r\u00e9prim\u00e9e\u00a0; la loi r\u00e9prime toute d\u00e9signation de l\u2019homosexualit\u00e9 comme un p\u00e9ch\u00e9 et un vice, m\u00eame sous une forme douce\u00a0; matraquage par le lobby LGBT et emploi du terme \u00ab\u00a0homophobie\u00a0\u00bb comme instrument d\u2019exclusion de la sph\u00e8re publique des groupes en d\u00e9saccord\u00a0; en Grande-Bretagne, les agences catholiques d\u2019adoption ont \u00e9t\u00e9 forc\u00e9es de fermer apr\u00e8s 200 ans de services suite \u00e0 une nouvelle loi obligeant de proposer des enfants \u00e0 l\u2019adoption par des couples homosexuels\u00a0;<\/p>\n<p>&#8211;\u00a0\u00a0\u00a0\u00a0\u00a0\u00a0\u00a0\u00a0\u00a0 Obligation faite au personnel m\u00e9dical et aux \u00e9tudiants de proc\u00e9der \u00e0 des avortements, \u00e0 des actes d\u2019euthanasie et d\u2019employer des biotechnologies ne correspondant pas \u00e0 l\u2019\u00e9thique chr\u00e9tienne\u00a0;<\/p>\n<p>&#8211;\u00a0\u00a0\u00a0\u00a0\u00a0\u00a0\u00a0\u00a0\u00a0 Violation du droit de r\u00e9union, les meetings contre l\u2019avortement sont interdits\u00a0;<\/p>\n<p>&#8211;\u00a0\u00a0\u00a0\u00a0\u00a0\u00a0\u00a0\u00a0\u00a0 Mise en place d\u2019une pratique d\u2019accusation des chr\u00e9tiens de crimes dits \u00ab\u00a0de haine\u00a0\u00bb (hate crimes), lorsqu\u2019il s\u2019agit d\u2019interventions contre la propagande de l\u2019homosexualit\u00e9, de l\u2019extr\u00e9misme islamiste et des avortements\u00a0;<\/p>\n<p>&#8211;\u00a0\u00a0\u00a0\u00a0\u00a0\u00a0\u00a0\u00a0\u00a0 La publication d\u2019images insultantes pour les croyants est tol\u00e9r\u00e9e.<\/p>\n<p>Le d\u00e9put\u00e9 europ\u00e9en Konrad Szymanski a affirm\u00e9 que la menace contre les communaut\u00e9s religieuses en Union europ\u00e9enne devenait de plus en plus sensible, en particulier lorsque la haine sociale est volontairement dirig\u00e9e contre la communaut\u00e9 chr\u00e9tienne. Il a regrett\u00e9 le manque d\u2019un v\u00e9ritable dialogue sur ces questions au Parlement europ\u00e9en.<\/p>\n<p>Rocco Buttilglione, vice-pr\u00e9sident du Parlement italien a remarqu\u00e9 que le nombre de paroissiens actifs et pratiquant r\u00e9guliers \u00e9tait malgr\u00e9 tout en constante augmentation dans les \u00e9glises d\u2019Europe. Selon lui, il convient de tenir compte de la fracture s\u00e9parant les minorit\u00e9s influentes, inspirant les d\u00e9cisions politiques en Union europ\u00e9enne, de la majorit\u00e9 chr\u00e9tienne silencieuse qui craint de se retrouver au centre d\u2019un ordre du jour politique br\u00fblant. Il a \u00e9galement invit\u00e9 \u00e0 revenir \u00e0 une compr\u00e9hension de la loi se basant sur une plus grande pr\u00e9cision, se rangeant \u00e0 l\u2019opinion de F. J. Borrego Borrego, ancien juge (\u00e0 partir de 2003) de la Cour europ\u00e9enne des droits de l\u2019homme qui participait au s\u00e9minaire et a d\u00e9clar\u00e9 que la Cour europ\u00e9enne des droits de l\u2019homme s\u2019inspirait non pas de crit\u00e8res objectifs, mais de notions id\u00e9ologiques. \u00ab\u00a0Il faut dire adieu \u00e0 la justice politiquement correcte\u00a0\u00bb a-t-il dit.<\/p>\n<p>Les participants du s\u00e9minaire ont mis en \u00e9vidence la dangereuse tendance \u00e0 un emploi d\u00e9voy\u00e9 de la notion de tol\u00e9rance. Si la tol\u00e9rance d\u00e9signait \u00e0 l\u2019origine une forme de respect envers une opinion que l\u2019on n\u2019approuve cependant pas, le mot \u00ab\u00a0tol\u00e9rance\u00a0\u00bb suppose aujourd\u2019hui l\u2019impossibilit\u00e9 d\u2019exprimer son d\u00e9saccord. Cette compr\u00e9hension touche \u00e0 la libert\u00e9 fondamentale d\u2019expression, et des restrictions suppl\u00e9mentaires de la libert\u00e9 d\u2019expression au niveau l\u00e9gal pourraient avoir des r\u00e9percussions n\u00e9gatives impr\u00e9visibles. \u00ab\u00a0Il n\u2019est pas n\u00e9cessaire de dire que l\u2019\u00c9glise est contre la discrimination, a dit le repr\u00e9sentant du secr\u00e9tariat d\u2019\u00e9tat du Vatican. Mais toute discrimination n\u2019en est pas une\u00a0: il existe aussi un droit \u00e0 la diff\u00e9rence\u00a0\u00bb.<\/p>\n<p>Au cours de la discussion publique, l\u2019un des collaborateurs de la Commission europ\u00e9enne a d\u00e9clar\u00e9 honteuse la nomination par certains membres du Parlement europ\u00e9en du groupe punk ayant, selon lui, \u00ab\u00a0profan\u00e9\u00a0\u00bb l\u2019\u00e9glise du Christ Sauveur de Moscou, au prix Sakharov pour l\u2019ann\u00e9e de 2012. Il a appel\u00e9 \u00e0 protester contre cette proposition \u00ab\u00a0absolument stup\u00e9fiante\u00a0\u00bb. Le d\u00e9put\u00e9 Jan Olbrycht a qualifi\u00e9 \u00e0 son tour cette nomination de destructive, soulignant que de nombreux parlementaires l\u2019avaient per\u00e7ue comme une d\u00e9rision.<\/p>\n<p>L\u2019archipr\u00eatre Andr\u00e9 Elisseev et le pr\u00eatre Artemy Alimarine, collaborateurs des repr\u00e9sentations de l\u2019\u00c9glise orthodoxe russe aux organisations internationales europ\u00e9ennes participaient au s\u00e9minaire. L\u2019archipr\u00eatre Andr\u00e9, secr\u00e9taire de la Repr\u00e9sentation, a soulign\u00e9 que la majorit\u00e9 absolue de la population, non seulement en Russie, mais dans les pays europ\u00e9ens, se pronon\u00e7aient contre la profanation des sanctuaires. Cependant, la tendance \u00e0 pr\u00e9senter les organisations religieuses comme des menaces \u00e0 la libert\u00e9 de conscience et aux droits de l\u2019homme ne peut pas ne pas alarmer.<\/p>\n<p>Le repr\u00e9sentant de l\u2019\u00c9glise a \u00e9galement attir\u00e9 l\u2019attention sur le silence entourant les cas de discrimination et d\u2019humiliation des chr\u00e9tiens et d\u2019autres croyants dans les pays de l\u2019Union europ\u00e9enne de la part du Parlement europ\u00e9en. Il a dit esp\u00e9rer que les probl\u00e8mes d\u00e9battus durant ce s\u00e9minaire seraient un\u00a0 jour discut\u00e9s en s\u00e9ance pl\u00e9ni\u00e8re. Le p\u00e8re Andr\u00e9 a remarqu\u00e9 l\u2019importance d\u2019une d\u00e9fense commune du droit naturel des enfants adoptables \u00e0 une famille compl\u00e8te, droit qui n\u2019est pas pris en compte dans le cas d\u2019une adoption par des couples homosexuels. Il importe \u00e9galement de contr\u00f4ler l\u2019\u00e9ducation des rep\u00e8res moraux dispens\u00e9e par les \u00e9coles europ\u00e9ennes. Il a appel\u00e9 \u00e0 une surveillance des tendances antichr\u00e9tiennes dans le syst\u00e8me politique europ\u00e9en et \u00e0 la cr\u00e9ation de conditions de transparence compl\u00e8te dans la prise de d\u00e9cisions concernant les principes de base de la vie de la soci\u00e9t\u00e9.<\/p>","protected":false},"excerpt":{"rendered":"<p>Le 2 octobre 2012, un s\u00e9minaire sur le th\u00e8me de la \u00ab Discrimination des chr\u00e9tiens en Europe \u00bb s\u2019est d\u00e9roul\u00e9 au Parlement europ\u00e9en de Bruxelles.<\/p>\n","protected":false},"author":15,"featured_media":0,"comment_status":"closed","ping_status":"closed","sticky":false,"template":"","format":"standard","meta":[],"categories":[16,1],"tags":[],"_links":{"self":[{"href":"https:\/\/old.mospat.ru\/fr\/wp-json\/wp\/v2\/posts\/72333"}],"collection":[{"href":"https:\/\/old.mospat.ru\/fr\/wp-json\/wp\/v2\/posts"}],"about":[{"href":"https:\/\/old.mospat.ru\/fr\/wp-json\/wp\/v2\/types\/post"}],"author":[{"embeddable":true,"href":"https:\/\/old.mospat.ru\/fr\/wp-json\/wp\/v2\/users\/15"}],"replies":[{"embeddable":true,"href":"https:\/\/old.mospat.ru\/fr\/wp-json\/wp\/v2\/comments?post=72333"}],"version-history":[{"count":0,"href":"https:\/\/old.mospat.ru\/fr\/wp-json\/wp\/v2\/posts\/72333\/revisions"}],"wp:attachment":[{"href":"https:\/\/old.mospat.ru\/fr\/wp-json\/wp\/v2\/media?parent=72333"}],"wp:term":[{"taxonomy":"category","embeddable":true,"href":"https:\/\/old.mospat.ru\/fr\/wp-json\/wp\/v2\/categories?post=72333"},{"taxonomy":"post_tag","embeddable":true,"href":"https:\/\/old.mospat.ru\/fr\/wp-json\/wp\/v2\/tags?post=72333"}],"curies":[{"name":"wp","href":"https:\/\/api.w.org\/{rel}","templated":true}]}}