{"id":69311,"date":"2012-08-22T16:36:06","date_gmt":"2012-08-22T12:36:06","guid":{"rendered":"http:\/\/www.mospat.ru\/?p=69311"},"modified":"2012-08-23T15:32:49","modified_gmt":"2012-08-23T11:32:49","slug":"mitropolit-minskijj-i-sluckijj-filaret-vstretilsya-s-ierarkhami-rimsko-katolicheskojj-cerkvi","status":"publish","type":"post","link":"https:\/\/old.mospat.ru\/fr\/2012\/08\/22\/news69311\/","title":{"rendered":"Le m\u00e9tropolite de Philar\u00e8te de Minsk et de Sloutsk rencontre des hi\u00e9rarques de l\u2019\u00c9glise catholique romaine"},"content":{"rendered":"<p>Le 21 ao\u00fbt 2012, le m\u00e9tropolite Philar\u00e8te de Minsk et de Sloutsk, exarque patriarcal de toute la Bi\u00e9lorussie, a re\u00e7u \u00e0 la direction dioc\u00e9saine de Minsk le cardinal Theodore McCarrick, archev\u00eaque en retraite de Washington, membre de la Conf\u00e9rence des \u00e9v\u00eaques catholiques des \u00c9tats-Unis, et le nonce apostolique en R\u00e9publique bi\u00e9lorusse, l\u2019archev\u00eaque Claudio Gugerotti. Prenaient part \u00e0 la rencontre l\u2019archev\u00eaque Gourias de Novogroudok et de Lida, chancelier de l\u2019\u00c9glise orthodoxe de Bi\u00e9lorussie, et l\u2019archipr\u00eatre Nicolas Korjitch, secr\u00e9taire de la direction dioc\u00e9saine.<\/p>\n<p>Les invit\u00e9s ont visit\u00e9 la chapelle de la direction dioc\u00e9saine de Minsk, d\u00e9di\u00e9e \u00e0 tous les saints de Bi\u00e9lorussie, ainsi que le b\u00e2timent du centre administratif de l\u2019exarquat bi\u00e9lorusse.<\/p>\n<p>Le m\u00e9tropolite Philar\u00e8te s\u2019est ensuite entretenu avec les pr\u00e9lats catholiques de l\u2019intensification du t\u00e9moignage chr\u00e9tien dans le monde s\u00e9culier.<\/p>","protected":false},"excerpt":{"rendered":"<p>Le 21 ao\u00fbt 2012, le m\u00e9tropolite Philar\u00e8te de Minsk et de Sloutsk, exarque patriarcal de toute la Bi\u00e9lorussie, a re\u00e7u \u00e0 la direction dioc\u00e9saine de Minsk le cardinal Theodore McCarrick, archev\u00eaque en retraite de Washington, membre de la Conf\u00e9rence des \u00e9v\u00eaques catholiques des \u00c9tats-Unis, et le nonce apostolique en R\u00e9publique bi\u00e9lorusse, l\u2019archev\u00eaque Claudio Gugerotti. Prenaient part \u00e0 la rencontre l\u2019archev\u00eaque Gourias de Novogroudok et de Lida, chancelier de l\u2019\u00c9glise orthodoxe de Bi\u00e9lorussie, et l\u2019archipr\u00eatre Nicolas Korjitch, secr\u00e9taire de la direction dioc\u00e9saine.<\/p>\n","protected":false},"author":8,"featured_media":69313,"comment_status":"closed","ping_status":"closed","sticky":false,"template":"","format":"standard","meta":[],"categories":[10,1],"tags":[],"_links":{"self":[{"href":"https:\/\/old.mospat.ru\/fr\/wp-json\/wp\/v2\/posts\/69311"}],"collection":[{"href":"https:\/\/old.mospat.ru\/fr\/wp-json\/wp\/v2\/posts"}],"about":[{"href":"https:\/\/old.mospat.ru\/fr\/wp-json\/wp\/v2\/types\/post"}],"author":[{"embeddable":true,"href":"https:\/\/old.mospat.ru\/fr\/wp-json\/wp\/v2\/users\/8"}],"replies":[{"embeddable":true,"href":"https:\/\/old.mospat.ru\/fr\/wp-json\/wp\/v2\/comments?post=69311"}],"version-history":[{"count":0,"href":"https:\/\/old.mospat.ru\/fr\/wp-json\/wp\/v2\/posts\/69311\/revisions"}],"wp:featuredmedia":[{"embeddable":true,"href":"https:\/\/old.mospat.ru\/fr\/wp-json\/wp\/v2\/media\/69313"}],"wp:attachment":[{"href":"https:\/\/old.mospat.ru\/fr\/wp-json\/wp\/v2\/media?parent=69311"}],"wp:term":[{"taxonomy":"category","embeddable":true,"href":"https:\/\/old.mospat.ru\/fr\/wp-json\/wp\/v2\/categories?post=69311"},{"taxonomy":"post_tag","embeddable":true,"href":"https:\/\/old.mospat.ru\/fr\/wp-json\/wp\/v2\/tags?post=69311"}],"curies":[{"name":"wp","href":"https:\/\/api.w.org\/{rel}","templated":true}]}}