{"id":68664,"date":"2012-08-06T13:03:56","date_gmt":"2012-08-06T09:03:56","guid":{"rendered":"http:\/\/www.mospat.ru\/?p=68664"},"modified":"2012-08-08T14:54:39","modified_gmt":"2012-08-08T10:54:39","slug":"na-svyatojj-zemle-proshli-prazdnovaniya-v-chest-svyatojj-ravnoapostolnojj-marii-magdaliny","status":"publish","type":"post","link":"https:\/\/old.mospat.ru\/fr\/2012\/08\/06\/news68664\/","title":{"rendered":"F\u00eate de sainte Marie-Madeleine en Terre Sainte"},"content":{"rendered":"<p><a href=\"http:\/\/www.mospat.ru\/wp-content\/uploads\/2012\/08\/1-1-1.jpg\"><img loading=\"lazy\" class=\"alignleft  wp-image-68669\" style=\"margin: 6px;\" title=\"1-1-1\" src=\"http:\/\/www.mospat.ru\/wp-content\/uploads\/2012\/08\/1-1-1-300x200.jpg\" alt=\"\" width=\"168\" height=\"112\" srcset=\"https:\/\/old.mospat.ru\/wp-content\/uploads\/2012\/08\/1-1-1-300x200.jpg 300w, https:\/\/old.mospat.ru\/wp-content\/uploads\/2012\/08\/1-1-1-170x114.jpg 170w, https:\/\/old.mospat.ru\/wp-content\/uploads\/2012\/08\/1-1-1-1024x682.jpg 1024w, https:\/\/old.mospat.ru\/wp-content\/uploads\/2012\/08\/1-1-1-321x213.jpg 321w, https:\/\/old.mospat.ru\/wp-content\/uploads\/2012\/08\/1-1-1.jpg 1200w\" sizes=\"(max-width: 168px) 100vw, 168px\" \/><\/a><\/p>\n<p>Le 4 ao\u00fbt 2012, le m\u00e9tochion de la Mission russe \u00e0 Magdala et le monast\u00e8re Sainte-Marie-Madeleine de Geths\u00e9mani ont c\u00e9l\u00e9br\u00e9 leur f\u00eate patronale.<\/p>\n<p>Le m\u00e9tochion Sainte-Marie-Madeleine est situ\u00e9 au village natal de la sainte, Magdala, sur les bords du lac de Galil\u00e9e. Le 4 ao\u00fbt, m\u00e9moire de la sainte \u00e9gale-aux-ap\u00f4tres, le m\u00e9tropolite Cyriaque de Nazareth a pr\u00e9sid\u00e9 la c\u00e9l\u00e9bration de la Divine liturgie. Conc\u00e9l\u00e9braient le hi\u00e9romoine Antoine (Goutnik), secr\u00e9taire de la Mission ainsi que des clercs du Patriarcat de J\u00e9rusalem. A l\u2019issue de la Liturgie, clercs et fid\u00e8les se sont rendus en procession \u00e0 la source Sainte-Marie-Madeleine o\u00f9 un office d\u2019intercession a \u00e9t\u00e9 c\u00e9l\u00e9br\u00e9.<\/p>\n<p>Le m\u00eame jour, le monast\u00e8re russe Sainte-Marie-Madeleine de Geths\u00e9mani c\u00e9l\u00e9brait \u00e9galement sa f\u00eate patronale. Les vigiles et la Divine liturgie ont \u00e9t\u00e9 pr\u00e9sid\u00e9es par l\u2019archev\u00eaque Marc d\u2019Allemagne et de Grande-Bretagne. L\u2019archimandrite Isisore (Minaev) repr\u00e9sentait la Mission russe dont il est le directeur. Une procession a suivi la liturgie.<\/p>","protected":false},"excerpt":{"rendered":"<p>Le 4 ao\u00fbt 2012, le m\u00e9tochion de la Mission russe \u00e0 Magdala et le monast\u00e8re Sainte-Marie-Madeleine de Geths\u00e9mani ont c\u00e9l\u00e9br\u00e9 leur f\u00eate patronale.<\/p>\n","protected":false},"author":10,"featured_media":0,"comment_status":"closed","ping_status":"closed","sticky":false,"template":"","format":"standard","meta":[],"categories":[16,9,1],"tags":[],"_links":{"self":[{"href":"https:\/\/old.mospat.ru\/fr\/wp-json\/wp\/v2\/posts\/68664"}],"collection":[{"href":"https:\/\/old.mospat.ru\/fr\/wp-json\/wp\/v2\/posts"}],"about":[{"href":"https:\/\/old.mospat.ru\/fr\/wp-json\/wp\/v2\/types\/post"}],"author":[{"embeddable":true,"href":"https:\/\/old.mospat.ru\/fr\/wp-json\/wp\/v2\/users\/10"}],"replies":[{"embeddable":true,"href":"https:\/\/old.mospat.ru\/fr\/wp-json\/wp\/v2\/comments?post=68664"}],"version-history":[{"count":0,"href":"https:\/\/old.mospat.ru\/fr\/wp-json\/wp\/v2\/posts\/68664\/revisions"}],"wp:attachment":[{"href":"https:\/\/old.mospat.ru\/fr\/wp-json\/wp\/v2\/media?parent=68664"}],"wp:term":[{"taxonomy":"category","embeddable":true,"href":"https:\/\/old.mospat.ru\/fr\/wp-json\/wp\/v2\/categories?post=68664"},{"taxonomy":"post_tag","embeddable":true,"href":"https:\/\/old.mospat.ru\/fr\/wp-json\/wp\/v2\/tags?post=68664"}],"curies":[{"name":"wp","href":"https:\/\/api.w.org\/{rel}","templated":true}]}}