{"id":64707,"date":"2012-05-28T21:39:05","date_gmt":"2012-05-28T17:39:05","guid":{"rendered":"http:\/\/www.mospat.ru\/?p=64707"},"modified":"2012-05-30T20:01:36","modified_gmt":"2012-05-30T16:01:36","slug":"v-kieve-proshla-konferenciya-posvyashhennaya-dvadcatiletiyu-kharkovskogo-sobora-ukrainskojj-pravoslavnojj-cerkvi","status":"publish","type":"post","link":"https:\/\/old.mospat.ru\/fr\/2012\/05\/28\/news64707\/","title":{"rendered":"A Kiev, une conf\u00e9rence sur le vingti\u00e8me anniversaire du Concile de Kharkov"},"content":{"rendered":"<p><\/p>\n\n\t\t<div id='gallery-4' class='gallery galleryid-64707 gallery-columns-3 gallery-size-thumbnail'>\n\t\t<div class='carousel-wrapper'>\n\t\t\t<div id='carousel-4' class='gallery-carousel'>\n\t\t\t\t<a href=\"https:\/\/old.mospat.ru\/wp-content\/uploads\/2012\/05\/phoca_thumb_l_bbs_3758.jpg\" id=\"slide_item_400\" class=\"slide fancybox\" rel=\"gallery1\"><img src=\"https:\/\/old.mospat.ru\/wp-content\/uploads\/timthumb.php?src=https:\/\/old.mospat.ru\/wp-content\/uploads\/2012\/05\/phoca_thumb_l_bbs_3758.jpg&w=632&h=380&q=95\" width=\"632\" height=\"380\"><\/a><a href=\"https:\/\/old.mospat.ru\/wp-content\/uploads\/2012\/05\/phoca_thumb_l_img_7164.jpg\" id=\"slide_item_401\" class=\"slide fancybox\" rel=\"gallery1\"><img src=\"https:\/\/old.mospat.ru\/wp-content\/uploads\/timthumb.php?src=https:\/\/old.mospat.ru\/wp-content\/uploads\/2012\/05\/phoca_thumb_l_img_7164.jpg&w=632&h=380&q=95\" width=\"632\" height=\"380\"><\/a><a href=\"https:\/\/old.mospat.ru\/wp-content\/uploads\/2012\/05\/phoca_thumb_l_img_7173.jpg\" id=\"slide_item_402\" class=\"slide fancybox\" rel=\"gallery1\"><img src=\"https:\/\/old.mospat.ru\/wp-content\/uploads\/timthumb.php?src=https:\/\/old.mospat.ru\/wp-content\/uploads\/2012\/05\/phoca_thumb_l_img_7173.jpg&w=632&h=380&q=95\" width=\"632\" height=\"380\"><\/a><a href=\"https:\/\/old.mospat.ru\/wp-content\/uploads\/2012\/05\/phoca_thumb_l_img_7259.jpg\" id=\"slide_item_403\" class=\"slide fancybox\" rel=\"gallery1\"><img src=\"https:\/\/old.mospat.ru\/wp-content\/uploads\/timthumb.php?src=https:\/\/old.mospat.ru\/wp-content\/uploads\/2012\/05\/phoca_thumb_l_img_7259.jpg&w=632&h=380&q=95\" width=\"632\" height=\"380\"><\/a><a href=\"https:\/\/old.mospat.ru\/wp-content\/uploads\/2012\/05\/phoca_thumb_l_bbs_3897.jpg\" id=\"slide_item_404\" class=\"slide fancybox\" rel=\"gallery1\"><img src=\"https:\/\/old.mospat.ru\/wp-content\/uploads\/timthumb.php?src=https:\/\/old.mospat.ru\/wp-content\/uploads\/2012\/05\/phoca_thumb_l_bbs_3897.jpg&w=632&h=380&q=95\" width=\"632\" height=\"380\"><\/a><a href=\"https:\/\/old.mospat.ru\/wp-content\/uploads\/2012\/05\/phoca_thumb_l_img_7284.jpg\" id=\"slide_item_405\" class=\"slide fancybox\" rel=\"gallery1\"><img src=\"https:\/\/old.mospat.ru\/wp-content\/uploads\/timthumb.php?src=https:\/\/old.mospat.ru\/wp-content\/uploads\/2012\/05\/phoca_thumb_l_img_7284.jpg&w=632&h=380&q=95\" width=\"632\" height=\"380\"><\/a>\n\t\t\t<\/div>\n\t\t<\/div>\n\t\t<div class='thumbs-wrapper'>\n\t\t\t<div id='thumbs-4' class='gallery-thumbs'>\n\t\t\t\t<a href=\"#slide_item_400\"><img src=\"https:\/\/old.mospat.ru\/wp-content\/uploads\/timthumb.php?src=https:\/\/old.mospat.ru\/wp-content\/uploads\/2012\/05\/phoca_thumb_l_bbs_3758.jpg&w=150&h=100&q=95\"><\/a><a href=\"#slide_item_401\"><img src=\"https:\/\/old.mospat.ru\/wp-content\/uploads\/timthumb.php?src=https:\/\/old.mospat.ru\/wp-content\/uploads\/2012\/05\/phoca_thumb_l_img_7164.jpg&w=150&h=100&q=95\"><\/a><a href=\"#slide_item_402\"><img src=\"https:\/\/old.mospat.ru\/wp-content\/uploads\/timthumb.php?src=https:\/\/old.mospat.ru\/wp-content\/uploads\/2012\/05\/phoca_thumb_l_img_7173.jpg&w=150&h=100&q=95\"><\/a><a href=\"#slide_item_403\"><img src=\"https:\/\/old.mospat.ru\/wp-content\/uploads\/timthumb.php?src=https:\/\/old.mospat.ru\/wp-content\/uploads\/2012\/05\/phoca_thumb_l_img_7259.jpg&w=150&h=100&q=95\"><\/a><a href=\"#slide_item_404\"><img src=\"https:\/\/old.mospat.ru\/wp-content\/uploads\/timthumb.php?src=https:\/\/old.mospat.ru\/wp-content\/uploads\/2012\/05\/phoca_thumb_l_bbs_3897.jpg&w=150&h=100&q=95\"><\/a><a href=\"#slide_item_405\"><img src=\"https:\/\/old.mospat.ru\/wp-content\/uploads\/timthumb.php?src=https:\/\/old.mospat.ru\/wp-content\/uploads\/2012\/05\/phoca_thumb_l_img_7284.jpg&w=150&h=100&q=95\"><\/a>\n\t\t\t<\/div>\n\t\t\t<a id='prev-4' class='gallery-thumbs-prev' href='#'><i class='icon-angle-circled-left'><\/i><\/a>\n\t\t\t<a id='next-4' class='gallery-thumbs-next' href='#'><i class='icon-angle-circled-right'><\/i><\/a>\n\t\t<\/div>\n\t<\/div>\n<p>Le 28 mai 2012, l\u2019\u00c9glise orthodoxe ukrainienne f\u00eatait le vingti\u00e8me anniversaire de la convocation du Concile des \u00e9v\u00eaques \u00e0 Kharkov, au cours duquel le m\u00e9tropolite Vladimir avait \u00e9t\u00e9 \u00e9lu m\u00e9tropolite de Kiev et de toute l\u2019Ukraine, Primat de l\u2019\u00c9glise orthodoxe ukrainienne. Dans le cadre des festivit\u00e9s autour de cet anniversaire, \u00e0 l\u2019initiative du Saint Synode de l\u2019\u00c9glise orthodoxe ukrainienne, une conf\u00e9rence internationale s\u2019est tenue sous la pr\u00e9sidence du m\u00e9tropolite Vladimir. Organis\u00e9e par l\u2019Acad\u00e9mie de th\u00e9ologie de Kiev, elle avait pour th\u00e8me \u00ab\u00a0l\u2019\u00c9glise orthodoxe ukrainienne au tournant du mill\u00e9naire\u00a0\u00bb.<\/p>\n<p>Sa Saintet\u00e9 le Patriarche Cyrille de Moscou et de toute la Russie a adress\u00e9 aux participants et aux invit\u00e9s de la conf\u00e9rence ses salutations dans un message lu par le m\u00e9tropolite Hilarion de Volokolamsk, pr\u00e9sident du D\u00e9partement des relations eccl\u00e9siastiques ext\u00e9rieures du Patriarcat de Moscou. Ont \u00e9galement \u00e9t\u00e9 entendus les messages du Patriarche Bartholom\u00e9e de Constantinople et de V. Yanoukovitch, pr\u00e9sident de l\u2019Ukraine.<\/p>\n<p>Le discours du m\u00e9tropolite Vladimir sur \u00ab\u00a0L\u2019\u00c9glise orthodoxe ukrainienne au tournant du mill\u00e9naire\u00a0: progr\u00e8s et d\u00e9fis\u00a0\u00bb a \u00e9t\u00e9 lu par l\u2019archev\u00eaque Antoine de Borispol, chancelier de l\u2019\u00c9glise orthodoxe ukrainienne.<\/p>\n<p>Sont \u00e9galement intervenus le m\u00e9tropolite Hilarion de Volokolamsk, l\u2019\u00e9v\u00eaque Naoum de Stobia, secr\u00e9taire g\u00e9n\u00e9ral de l\u2019\u00c9glise orthodoxe bulgare Youry Bogoutsky, premier vice-ministre de la culture d\u2019Ukraine et d\u2019autres.<\/p>\n<p>Prenaient part \u00e0 la conf\u00e9rence des hi\u00e9rarques et des clercs de l\u2019\u00c9glise orthodoxe d\u2019Ukraine, ainsi que des hommes politiques et des acteurs de la vie publique ukrainiens.<\/p>\n<p><\/p>","protected":false},"excerpt":{"rendered":"<p>Le 28 mai 2012, l\u2019\u00c9glise orthodoxe ukrainienne f\u00eatait le vingti\u00e8me anniversaire de la convocation du Concile des \u00e9v\u00eaques \u00e0 Kharkov, au cours duquel le m\u00e9tropolite Vladimir avait \u00e9t\u00e9 \u00e9lu m\u00e9tropolite de Kiev et de toute l\u2019Ukraine, Primat de l\u2019\u00c9glise orthodoxe ukrainienne.<\/p>\n","protected":false},"author":7,"featured_media":0,"comment_status":"closed","ping_status":"closed","sticky":false,"template":"","format":"standard","meta":[],"categories":[1,12],"tags":[],"_links":{"self":[{"href":"https:\/\/old.mospat.ru\/fr\/wp-json\/wp\/v2\/posts\/64707"}],"collection":[{"href":"https:\/\/old.mospat.ru\/fr\/wp-json\/wp\/v2\/posts"}],"about":[{"href":"https:\/\/old.mospat.ru\/fr\/wp-json\/wp\/v2\/types\/post"}],"author":[{"embeddable":true,"href":"https:\/\/old.mospat.ru\/fr\/wp-json\/wp\/v2\/users\/7"}],"replies":[{"embeddable":true,"href":"https:\/\/old.mospat.ru\/fr\/wp-json\/wp\/v2\/comments?post=64707"}],"version-history":[{"count":0,"href":"https:\/\/old.mospat.ru\/fr\/wp-json\/wp\/v2\/posts\/64707\/revisions"}],"wp:attachment":[{"href":"https:\/\/old.mospat.ru\/fr\/wp-json\/wp\/v2\/media?parent=64707"}],"wp:term":[{"taxonomy":"category","embeddable":true,"href":"https:\/\/old.mospat.ru\/fr\/wp-json\/wp\/v2\/categories?post=64707"},{"taxonomy":"post_tag","embeddable":true,"href":"https:\/\/old.mospat.ru\/fr\/wp-json\/wp\/v2\/tags?post=64707"}],"curies":[{"name":"wp","href":"https:\/\/api.w.org\/{rel}","templated":true}]}}