{"id":61082,"date":"2012-04-07T23:23:16","date_gmt":"2012-04-07T19:23:16","guid":{"rendered":"http:\/\/www.mospat.ru\/?p=61082"},"modified":"2012-04-09T16:39:01","modified_gmt":"2012-04-09T12:39:01","slug":"predstoyatel-russkojj-pravoslavnojj-cerkvi-pozdravil-svyatejjshego-patriarkha-serbskogo-irineya-s-dnem-krestnojj-slavy","status":"publish","type":"post","link":"https:\/\/old.mospat.ru\/fr\/2012\/04\/07\/news61082\/","title":{"rendered":"Le Primat de l\u2019\u00c9glise orthodoxe russe adresse ses v\u0153ux au Patriarche Ir\u00e9n\u00e9e de Serbie pour la f\u00eate de la Slava"},"content":{"rendered":"<p><\/p>\n<p><em>Le Patriarche Cyrille de Moscou et de toute la Russie a adress\u00e9 ses v\u0153ux au Patriarche Ir\u00e9n\u00e9e de Serbie, archev\u00eaque de Pe<\/em><em>\u0107<\/em><em>, m\u00e9tropolite de Belgrade et de Karlovci<\/em> <em>\u00e0 l\u2019occasion de la Slava, terme qui d\u00e9signe en Serbie la f\u00eate du saint patron d\u2019une famille. Le Primat de l\u2019\u00c9glise orthodoxe serbe f\u00eate la Slava le Samedi de Lazare.<\/em><\/p>\n<p><strong>Saintet\u00e9, <\/strong><strong><br \/>\n<strong>Bien-aim\u00e9 confr\u00e8re et coministre devant le tr\u00f4ne de Dieu\u00a0!<\/strong><\/strong><\/p>\n<p>En ce jour o\u00f9 vous c\u00e9l\u00e9brez la Slava, je vous adresse toutes mes f\u00e9licitations.<\/p>\n<p>Que le Seigneur J\u00e9sus Christ, vrai Dieu et vie \u00e9ternelle (I Jn 5, 20), envoie \u00e0 Votre Saintet\u00e9 sa gr\u00e2ce et vous comble de forces physiques et spirituelles, d\u2019audace dans la pri\u00e8re pour vos fid\u00e8les, de Son aide toute-puissante dans votre minist\u00e8re primatial.<\/p>\n<p>Je profite de l\u2019occasion pour assurer Votre Saintet\u00e9 de l\u2019in\u00e9branlable solidarit\u00e9 de notre \u00c9glise envers les fr\u00e8res serbes de la r\u00e9gion du Kosovo qui souffrent aujourd\u2019hui. Que le Dieu de mis\u00e9ricorde console le c\u0153ur de tous ceux qui sont dans l\u2019affliction.<\/p>\n<p>Fraternellement dans le Seigneur,<\/p>\n<p style=\"text-align: right;\"><strong>+ CYRILLE,<br \/>\nPatriarche de Moscou et de toute la Russie<\/strong><\/p>\n<\/p>\n<p><\/p>","protected":false},"excerpt":{"rendered":"<p>Le Patriarche Cyrille de Moscou et de toute la Russie a adress\u00e9 ses v\u0153ux au Patriarche Ir\u00e9n\u00e9e de Serbie, archev\u00eaque de Pe\u0107, m\u00e9tropolite de Belgrade et de Karlovci \u00e0 l\u2019occasion de la Slava, terme qui d\u00e9signe en Serbie la f\u00eate du saint patron d\u2019une famille. Le Primat de l\u2019\u00c9glise orthodoxe serbe f\u00eate la Slava le Samedi de Lazare.<\/p>\n","protected":false},"author":7,"featured_media":22175,"comment_status":"closed","ping_status":"closed","sticky":false,"template":"","format":"standard","meta":[],"categories":[9,1,2,11],"tags":[],"_links":{"self":[{"href":"https:\/\/old.mospat.ru\/fr\/wp-json\/wp\/v2\/posts\/61082"}],"collection":[{"href":"https:\/\/old.mospat.ru\/fr\/wp-json\/wp\/v2\/posts"}],"about":[{"href":"https:\/\/old.mospat.ru\/fr\/wp-json\/wp\/v2\/types\/post"}],"author":[{"embeddable":true,"href":"https:\/\/old.mospat.ru\/fr\/wp-json\/wp\/v2\/users\/7"}],"replies":[{"embeddable":true,"href":"https:\/\/old.mospat.ru\/fr\/wp-json\/wp\/v2\/comments?post=61082"}],"version-history":[{"count":0,"href":"https:\/\/old.mospat.ru\/fr\/wp-json\/wp\/v2\/posts\/61082\/revisions"}],"wp:featuredmedia":[{"embeddable":true,"href":"https:\/\/old.mospat.ru\/fr\/wp-json\/wp\/v2\/media\/22175"}],"wp:attachment":[{"href":"https:\/\/old.mospat.ru\/fr\/wp-json\/wp\/v2\/media?parent=61082"}],"wp:term":[{"taxonomy":"category","embeddable":true,"href":"https:\/\/old.mospat.ru\/fr\/wp-json\/wp\/v2\/categories?post=61082"},{"taxonomy":"post_tag","embeddable":true,"href":"https:\/\/old.mospat.ru\/fr\/wp-json\/wp\/v2\/tags?post=61082"}],"curies":[{"name":"wp","href":"https:\/\/api.w.org\/{rel}","templated":true}]}}