{"id":54109,"date":"2011-12-06T12:29:50","date_gmt":"2011-12-06T08:29:50","guid":{"rendered":"http:\/\/www.mospat.ru\/?p=54109"},"modified":"2011-12-07T11:37:49","modified_gmt":"2011-12-07T07:37:49","slug":"mitropolit-volokolamskijj-ilarion-pribyl-v-venu-dlya-uchastiya-v-mezhreligioznojj-konferencii-posvyashhennojj-problemam-semi","status":"publish","type":"post","link":"https:\/\/old.mospat.ru\/fr\/2011\/12\/06\/news54109\/","title":{"rendered":"Le m\u00e9tropolite Hilarion de Volokolamsk \u00e0 Vienne pour une conf\u00e9rence interreligieuse sur les probl\u00e8mes de la famille"},"content":{"rendered":"<p><\/p>\n<p>\n\t\t<div id='gallery-4' class='gallery galleryid-54109 gallery-columns-2 gallery-size-thumbnail'>\n\t\t<div class='carousel-wrapper'>\n\t\t\t<div id='carousel-4' class='gallery-carousel'>\n\t\t\t\t<a href=\"https:\/\/old.mospat.ru\/wp-content\/uploads\/2011\/12\/IMG_9825_.jpg\" id=\"slide_item_400\" class=\"slide fancybox\" rel=\"gallery1\"><img src=\"https:\/\/old.mospat.ru\/wp-content\/uploads\/timthumb.php?src=https:\/\/old.mospat.ru\/wp-content\/uploads\/2011\/12\/IMG_9825_.jpg&w=632&h=380&q=95\" width=\"632\" height=\"380\"><\/a><a href=\"https:\/\/old.mospat.ru\/wp-content\/uploads\/2011\/12\/IMG_9798_.jpg\" id=\"slide_item_401\" class=\"slide fancybox\" rel=\"gallery1\"><img src=\"https:\/\/old.mospat.ru\/wp-content\/uploads\/timthumb.php?src=https:\/\/old.mospat.ru\/wp-content\/uploads\/2011\/12\/IMG_9798_.jpg&w=632&h=380&q=95\" width=\"632\" height=\"380\"><\/a><a href=\"https:\/\/old.mospat.ru\/wp-content\/uploads\/2011\/12\/IMG_9794_.jpg\" id=\"slide_item_402\" class=\"slide fancybox\" rel=\"gallery1\"><img src=\"https:\/\/old.mospat.ru\/wp-content\/uploads\/timthumb.php?src=https:\/\/old.mospat.ru\/wp-content\/uploads\/2011\/12\/IMG_9794_.jpg&w=632&h=380&q=95\" width=\"632\" height=\"380\"><\/a><a href=\"https:\/\/old.mospat.ru\/wp-content\/uploads\/2011\/12\/IMG_9793_.jpg\" id=\"slide_item_403\" class=\"slide fancybox\" rel=\"gallery1\"><img src=\"https:\/\/old.mospat.ru\/wp-content\/uploads\/timthumb.php?src=https:\/\/old.mospat.ru\/wp-content\/uploads\/2011\/12\/IMG_9793_.jpg&w=632&h=380&q=95\" width=\"632\" height=\"380\"><\/a>\n\t\t\t<\/div>\n\t\t<\/div>\n\t\t<div class='thumbs-wrapper'>\n\t\t\t<div id='thumbs-4' class='gallery-thumbs'>\n\t\t\t\t<a href=\"#slide_item_400\"><img src=\"https:\/\/old.mospat.ru\/wp-content\/uploads\/timthumb.php?src=https:\/\/old.mospat.ru\/wp-content\/uploads\/2011\/12\/IMG_9825_.jpg&w=150&h=100&q=95\"><\/a><a href=\"#slide_item_401\"><img src=\"https:\/\/old.mospat.ru\/wp-content\/uploads\/timthumb.php?src=https:\/\/old.mospat.ru\/wp-content\/uploads\/2011\/12\/IMG_9798_.jpg&w=150&h=100&q=95\"><\/a><a href=\"#slide_item_402\"><img src=\"https:\/\/old.mospat.ru\/wp-content\/uploads\/timthumb.php?src=https:\/\/old.mospat.ru\/wp-content\/uploads\/2011\/12\/IMG_9794_.jpg&w=150&h=100&q=95\"><\/a><a href=\"#slide_item_403\"><img src=\"https:\/\/old.mospat.ru\/wp-content\/uploads\/timthumb.php?src=https:\/\/old.mospat.ru\/wp-content\/uploads\/2011\/12\/IMG_9793_.jpg&w=150&h=100&q=95\"><\/a>\n\t\t\t<\/div>\n\t\t\t<a id='prev-4' class='gallery-thumbs-prev' href='#'><i class='icon-angle-circled-left'><\/i><\/a>\n\t\t\t<a id='next-4' class='gallery-thumbs-next' href='#'><i class='icon-angle-circled-right'><\/i><\/a>\n\t\t<\/div>\n\t<\/div><br \/>\nAvec la b\u00e9n\u00e9diction du Patriarche Cyrille de Moscou et de toute la Russie, le m\u00e9tropolite Hilarion de Volokolamsk, pr\u00e9sident du D\u00e9partement des relations ecccl\u00e9siatiques ext\u00e9rieures du Patriarcat de Moscou est arriv\u00e9 \u00e0 Vienne \u00e0 la t\u00eate d\u2019une d\u00e9l\u00e9gation de l\u2019Eglise orthodoxe russe pour participer \u00e0 la conf\u00e9rence interreligieuse \u00ab\u00a0La famille en crise\u00a0\u00bb. Font \u00e9galement partie de la d\u00e9l\u00e9gation l\u2019archipr\u00eatre Serge Zvonariev, secr\u00e9taire du DREE aux affaires de l\u2019\u00e9tranger lointain, l\u2019archipr\u00eatre Vladimir Tichtchouk, recteur de la cath\u00e9drale Saint-Nicolas de Vienne, le hi\u00e9romoine Dimitri (Perchine), pr\u00e9sident de la Commission sur la bio\u00e9thique du D\u00e9partement synodal aux affaires de la jeunesse, le diacre Dimitri Safonov du DREE, G. Slobine, adjoint au directeur g\u00e9n\u00e9ral du Service de psychologie \u00ab\u00a0Bien-\u00eatre familial\u00a0\u00bb, A. Komov, repr\u00e9sentant du Congr\u00e8s mondial des familles en Russie, I. Protachtchouk, enseignant de cat\u00e9gorie sup\u00e9rieure.<\/p>\n<p>A son arriv\u00e9e dans la capitale autrichienne, le m\u00e9tropolite Hilarion s\u2019est rendu \u00e0 l\u2019\u00e9glise Saint-Nicolas, cath\u00e9drale du dioc\u00e8se de Vienne et d\u2019Autriche qu\u2019il dirigea de 2003 \u00e0 2009. Monseigneur a \u00e9t\u00e9 accueilli par le recteur de la cath\u00e9drale, l\u2019archipr\u00eatre Vladimir Tichtchuk.<\/p>\n<p>Le soir du m\u00eame jour, le m\u00e9tropolite Hilarion s\u2019est rendu \u00e0 la r\u00e9ception donn\u00e9e par le Pr\u00e9sident autrichien H. Fischer en l\u2019honneur des membres de la conf\u00e9rence.<\/p>\n<p>Etaient pr\u00e9sentes les d\u00e9l\u00e9gations de l\u2019Eglise orthodoxe russe, de l\u2019Eglise catholique romaine, de la Conf\u00e9rence des rabbins europ\u00e9ens et de l\u2019Organisation internationale \u00ab\u00a0Appel \u00e0 la conscience\u00a0\u00bb, dont le centre est situ\u00e9 \u00e0 New York (Etats-Unis). Dans son discours, le Pr\u00e9sident autrichien a soulign\u00e9 l\u2019importance et l\u2019actualit\u00e9 de cette conference.<\/p>\n<p>Le m\u00e9tropolite a chaleureusement salu\u00e9 le Pr\u00e9sident du pays et toute l\u2019assistance, soulignant \u00e0 son tour l\u2019importance du th\u00e8me de la sauvegarde de la famille traditionnelle dans le monde contemporain. Le president du DREE a d\u00e9nonc\u00e9 le risque que repr\u00e9sente le rejet des representations traditionnelles de la famille au profit des normes lib\u00e9rales. Selon lui, l\u2019une des t\u00e2ches de la conf\u00e9rence \u00e0 venir consiste \u00e0 d\u00e9fendre ensemble la famille traditionnelle au nom de l\u2019avenir.<\/p>\n<p>L\u2019archev\u00eaque de Vienne, Christopher Sch\u00f6nborn \u00e9tait \u00e9galement pr\u00e9sent, ainsi que le rabbin Arthur Schneider, president de l\u2019organisation \u201cAppel \u00e0 la conscience\u201d et le grand rabbin de Moscou, Pinchas Goldschmidt.<\/p>\n<p>Pendant la r\u00e9ception, le pr\u00e9sident du DREE s\u2019est entretenu avec le Pr\u00e9sident autrichien H. Fischer, le rabbin Arthur Schneider et le cardinal Christopher Sch\u00f6nborn.<\/p>\n<p><\/p>","protected":false},"excerpt":{"rendered":"<p>Avec la b\u00e9n\u00e9diction du Patriarche Cyrille de Moscou et de toute la Russie, le m\u00e9tropolite Hilarion de Volokolamsk, pr\u00e9sident du D\u00e9partement des relations ecccl\u00e9siatiques ext\u00e9rieures du Patriarcat de Moscou est arriv\u00e9 \u00e0 Vienne \u00e0 la t\u00eate d\u2019une d\u00e9l\u00e9gation de l\u2019Eglise orthodoxe russe pour participer \u00e0 la conf\u00e9rence interreligieuse \u00ab La famille en crise \u00bb.<\/p>\n","protected":false},"author":10,"featured_media":0,"comment_status":"closed","ping_status":"closed","sticky":false,"template":"","format":"standard","meta":[],"categories":[1,12],"tags":[],"_links":{"self":[{"href":"https:\/\/old.mospat.ru\/fr\/wp-json\/wp\/v2\/posts\/54109"}],"collection":[{"href":"https:\/\/old.mospat.ru\/fr\/wp-json\/wp\/v2\/posts"}],"about":[{"href":"https:\/\/old.mospat.ru\/fr\/wp-json\/wp\/v2\/types\/post"}],"author":[{"embeddable":true,"href":"https:\/\/old.mospat.ru\/fr\/wp-json\/wp\/v2\/users\/10"}],"replies":[{"embeddable":true,"href":"https:\/\/old.mospat.ru\/fr\/wp-json\/wp\/v2\/comments?post=54109"}],"version-history":[{"count":0,"href":"https:\/\/old.mospat.ru\/fr\/wp-json\/wp\/v2\/posts\/54109\/revisions"}],"wp:attachment":[{"href":"https:\/\/old.mospat.ru\/fr\/wp-json\/wp\/v2\/media?parent=54109"}],"wp:term":[{"taxonomy":"category","embeddable":true,"href":"https:\/\/old.mospat.ru\/fr\/wp-json\/wp\/v2\/categories?post=54109"},{"taxonomy":"post_tag","embeddable":true,"href":"https:\/\/old.mospat.ru\/fr\/wp-json\/wp\/v2\/tags?post=54109"}],"curies":[{"name":"wp","href":"https:\/\/api.w.org\/{rel}","templated":true}]}}