{"id":53192,"date":"2011-11-23T21:19:51","date_gmt":"2011-11-23T17:19:51","guid":{"rendered":"http:\/\/www.mospat.ru\/?p=53192"},"modified":"2011-11-24T14:40:01","modified_gmt":"2011-11-24T10:40:01","slug":"nachalos-zasedanie-koordinacionnogo-komiteta-smeshannojj-mezhdunarodnojj-komissii-po-bogoslovskomu-dialogu-mezhdu-katolicheskojj-i-pravoslavnojj-cerkvami","status":"publish","type":"post","link":"https:\/\/old.mospat.ru\/fr\/2011\/11\/23\/news53192\/","title":{"rendered":"R\u00e9union du Comit\u00e9 de coordination de la Commission th\u00e9ologique mixte internationale orthodoxe-catholique"},"content":{"rendered":"<p>\n\t\t<div id='gallery-5' class='gallery galleryid-53192 gallery-columns-3 gallery-size-thumbnail'>\n\t\t<div class='carousel-wrapper'>\n\t\t\t<div id='carousel-5' class='gallery-carousel'>\n\t\t\t\t<a href=\"https:\/\/old.mospat.ru\/wp-content\/uploads\/2011\/11\/DSC_6522.jpg\" id=\"slide_item_500\" class=\"slide fancybox\" rel=\"gallery1\"><img src=\"https:\/\/old.mospat.ru\/wp-content\/uploads\/timthumb.php?src=https:\/\/old.mospat.ru\/wp-content\/uploads\/2011\/11\/DSC_6522.jpg&w=632&h=380&q=95\" width=\"632\" height=\"380\"><\/a><a href=\"https:\/\/old.mospat.ru\/wp-content\/uploads\/2011\/11\/DSC_6523.jpg\" id=\"slide_item_501\" class=\"slide fancybox\" rel=\"gallery1\"><img src=\"https:\/\/old.mospat.ru\/wp-content\/uploads\/timthumb.php?src=https:\/\/old.mospat.ru\/wp-content\/uploads\/2011\/11\/DSC_6523.jpg&w=632&h=380&q=95\" width=\"632\" height=\"380\"><\/a><a href=\"https:\/\/old.mospat.ru\/wp-content\/uploads\/2011\/11\/DSC_6525.jpg\" id=\"slide_item_502\" class=\"slide fancybox\" rel=\"gallery1\"><img src=\"https:\/\/old.mospat.ru\/wp-content\/uploads\/timthumb.php?src=https:\/\/old.mospat.ru\/wp-content\/uploads\/2011\/11\/DSC_6525.jpg&w=632&h=380&q=95\" width=\"632\" height=\"380\"><\/a>\n\t\t\t<\/div>\n\t\t<\/div>\n\t\t<div class='thumbs-wrapper'>\n\t\t\t<div id='thumbs-5' class='gallery-thumbs'>\n\t\t\t\t<a href=\"#slide_item_500\"><img src=\"https:\/\/old.mospat.ru\/wp-content\/uploads\/timthumb.php?src=https:\/\/old.mospat.ru\/wp-content\/uploads\/2011\/11\/DSC_6522.jpg&w=150&h=100&q=95\"><\/a><a href=\"#slide_item_501\"><img src=\"https:\/\/old.mospat.ru\/wp-content\/uploads\/timthumb.php?src=https:\/\/old.mospat.ru\/wp-content\/uploads\/2011\/11\/DSC_6523.jpg&w=150&h=100&q=95\"><\/a><a href=\"#slide_item_502\"><img src=\"https:\/\/old.mospat.ru\/wp-content\/uploads\/timthumb.php?src=https:\/\/old.mospat.ru\/wp-content\/uploads\/2011\/11\/DSC_6525.jpg&w=150&h=100&q=95\"><\/a>\n\t\t\t<\/div>\n\t\t\t<a id='prev-5' class='gallery-thumbs-prev' href='#'><i class='icon-angle-circled-left'><\/i><\/a>\n\t\t\t<a id='next-5' class='gallery-thumbs-next' href='#'><i class='icon-angle-circled-right'><\/i><\/a>\n\t\t<\/div>\n\t<\/div><br \/>\nLe 22 novembre 2011, le Comit\u00e9 de coordination de la Commission th\u00e9ologique mixte internationale pour le dialogue entre les \u00c9glises catholique et orthodoxes s\u2019est r\u00e9uni \u00e0 Rome. L\u2019\u00c9glise orthodoxe russe \u00e9tait repr\u00e9sent\u00e9e par le m\u00e9tropolite Hilarion de Volokolamsk, pr\u00e9sident du D\u00e9partement des relations eccl\u00e9siastiques ext\u00e9rieures du Patriarcat de Moscou et par l\u2019archimandrite Cyrille (Govorun), premier vice-pr\u00e9sident du Comit\u00e9 p\u00e9dagogique de l\u2019\u00c9glise orthodoxe russe, en qualit\u00e9 de consultant.<\/p>\n<p>D\u00e8s le d\u00e9but de la s\u00e9ance et d\u2019un commun accord, les membres du comit\u00e9 ont r\u00e9solu d\u2019adresser leurs f\u00e9licitations au Patriarche Cyrille de Moscou et de toute la Russie \u00e0 l\u2019occasion de son 65<sup>e<\/sup> anniversaire. Un message sign\u00e9 des deux copr\u00e9sidents, le m\u00e9tropolite Jean de Pergame (Patriarcat de Constantinople) et le cardinal Kurt Koch, a ainsi \u00e9t\u00e9 envoy\u00e9 .<\/p>\n<p>Dans son discours, le m\u00e9tropolite Hilarion a rappel\u00e9 que l\u2019une des conditions \u00e0 la participation de l\u2019\u00c9glise orthodoxe russe au processus de dialogue orthodoxe-catholique avait \u00e9t\u00e9 un retour sur le probl\u00e8me de l\u2019uniatisme. Les membres orthodoxes de la rencontre ont soutenu cette position. Le m\u00e9tropolite Hilarion a \u00e9galement propos\u00e9 de pr\u00e9ciser la m\u00e9thodologie du travail sur le document consacr\u00e9 \u00e0 la primaut\u00e9 de l&rsquo;Ev\u00eaque de Rome. Selon le m\u00e9tropolite, cette m\u00e9thodologie doit tenir compte de l\u2019exp\u00e9rience s\u00e9culaire de pol\u00e9mique orthodoxe contre les pr\u00e9tentions des papes \u00e0 l\u2019autorit\u00e9 universelle dans l\u2019\u00c9glise.<\/p>\n<p>La Commission poursuivra ses travaux jusqu\u2019au 25 novembre.<\/p>","protected":false},"excerpt":{"rendered":"<p>La Commission poursuivra ses travaux jusqu\u2019au 25 novembre.<\/p>\n","protected":false},"author":2,"featured_media":0,"comment_status":"closed","ping_status":"closed","sticky":false,"template":"","format":"standard","meta":[],"categories":[16,10,1,12],"tags":[],"_links":{"self":[{"href":"https:\/\/old.mospat.ru\/fr\/wp-json\/wp\/v2\/posts\/53192"}],"collection":[{"href":"https:\/\/old.mospat.ru\/fr\/wp-json\/wp\/v2\/posts"}],"about":[{"href":"https:\/\/old.mospat.ru\/fr\/wp-json\/wp\/v2\/types\/post"}],"author":[{"embeddable":true,"href":"https:\/\/old.mospat.ru\/fr\/wp-json\/wp\/v2\/users\/2"}],"replies":[{"embeddable":true,"href":"https:\/\/old.mospat.ru\/fr\/wp-json\/wp\/v2\/comments?post=53192"}],"version-history":[{"count":0,"href":"https:\/\/old.mospat.ru\/fr\/wp-json\/wp\/v2\/posts\/53192\/revisions"}],"wp:attachment":[{"href":"https:\/\/old.mospat.ru\/fr\/wp-json\/wp\/v2\/media?parent=53192"}],"wp:term":[{"taxonomy":"category","embeddable":true,"href":"https:\/\/old.mospat.ru\/fr\/wp-json\/wp\/v2\/categories?post=53192"},{"taxonomy":"post_tag","embeddable":true,"href":"https:\/\/old.mospat.ru\/fr\/wp-json\/wp\/v2\/tags?post=53192"}],"curies":[{"name":"wp","href":"https:\/\/api.w.org\/{rel}","templated":true}]}}