{"id":52521,"date":"2011-11-17T23:47:35","date_gmt":"2011-11-17T19:47:35","guid":{"rendered":"http:\/\/www.mospat.ru\/?p=52521"},"modified":"2011-11-18T19:01:25","modified_gmt":"2011-11-18T15:01:25","slug":"predstaviteli-otdela-vneshnikh-cerkovnykh-svyazejj-i-ministerstva-inostrannykh-del-rossii-obsudili-problemu-khristianofobii","status":"publish","type":"post","link":"https:\/\/old.mospat.ru\/fr\/2011\/11\/17\/news52521\/","title":{"rendered":"Des repr\u00e9sentants du D\u00e9partement des relations eccl\u00e9siastiques ext\u00e9rieures et du Minist\u00e8re des affaires \u00e9trang\u00e8res de la F\u00e9d\u00e9ration de Russie ont discut\u00e9 des pers\u00e9cutions contre les chr\u00e9tiens dans le monde"},"content":{"rendered":"<p>Le 17 novembre 2011, une r\u00e9union du groupe de travail pour la collaboration de l\u2019\u00c9glise orthodoxe russe et du Minist\u00e8re des affaires \u00e9trang\u00e8res a eu lieu dans les locaux du Minist\u00e8re. Y prenaient part, pour le D\u00e9partement des relations ext\u00e9rieures du Patriarcat de Moscou, l\u2019higoum\u00e8ne Philar\u00e8te (Boulekov) vice-pr\u00e9sident du DREE, le pr\u00eatre Alexandre Vassioutine, le diacre Dimitri Safonov, V. Kipchidze et M. Palassio\u00a0; \u00e9taient pr\u00e9sents pour le Minist\u00e8re des affaires \u00e9trang\u00e8res K. Dolgov, charg\u00e9 des questions des droits de l\u2019homme, de la d\u00e9mocratie et de la souverainet\u00e9, O. Vasnetsov, directeur du D\u00e9partement aux relations avec les entit\u00e9s r\u00e9gionales de la F\u00e9d\u00e9ration, le parlement et les unions sociales (DSPO), A. Dogadine, directeur adjoint du DSPO, T. Chlytchkova, le chef de la section du DSPO \u00e0 la collaboration humanitaire et aux droits de l\u2019homme, A. Jeleznikov, du m\u00eame d\u00e9partement et R. Romanov, conseiller du DSPO.<\/p>\n<p>Au cours de l\u2019entretien qui s\u2019est d\u00e9roul\u00e9 dans une atmosph\u00e8re constructive et amicale, les parties en pr\u00e9sence ont discut\u00e9 du probl\u00e8me des pers\u00e9cutions et de la discrimination des chr\u00e9tiens dans le monde et des solutions \u00e0 apporter \u00e0 ce probl\u00e8me. D\u2019autres questions d\u2019ordre pratiques, concernant la collaboration du DREE et du Minist\u00e8re des Affaires \u00e9trang\u00e8res ont \u00e9galement \u00e9t\u00e9 soulev\u00e9es.<\/p>","protected":false},"excerpt":{"rendered":"<p>Le 17 novembre 2011, une r\u00e9union du groupe de travail pour la collaboration de l\u2019\u00c9glise orthodoxe russe et du Minist\u00e8re des affaires \u00e9trang\u00e8res a eu lieu dans les locaux du Minist\u00e8re.<\/p>\n","protected":false},"author":10,"featured_media":0,"comment_status":"closed","ping_status":"closed","sticky":false,"template":"","format":"standard","meta":[],"categories":[1],"tags":[],"_links":{"self":[{"href":"https:\/\/old.mospat.ru\/fr\/wp-json\/wp\/v2\/posts\/52521"}],"collection":[{"href":"https:\/\/old.mospat.ru\/fr\/wp-json\/wp\/v2\/posts"}],"about":[{"href":"https:\/\/old.mospat.ru\/fr\/wp-json\/wp\/v2\/types\/post"}],"author":[{"embeddable":true,"href":"https:\/\/old.mospat.ru\/fr\/wp-json\/wp\/v2\/users\/10"}],"replies":[{"embeddable":true,"href":"https:\/\/old.mospat.ru\/fr\/wp-json\/wp\/v2\/comments?post=52521"}],"version-history":[{"count":0,"href":"https:\/\/old.mospat.ru\/fr\/wp-json\/wp\/v2\/posts\/52521\/revisions"}],"wp:attachment":[{"href":"https:\/\/old.mospat.ru\/fr\/wp-json\/wp\/v2\/media?parent=52521"}],"wp:term":[{"taxonomy":"category","embeddable":true,"href":"https:\/\/old.mospat.ru\/fr\/wp-json\/wp\/v2\/categories?post=52521"},{"taxonomy":"post_tag","embeddable":true,"href":"https:\/\/old.mospat.ru\/fr\/wp-json\/wp\/v2\/tags?post=52521"}],"curies":[{"name":"wp","href":"https:\/\/api.w.org\/{rel}","templated":true}]}}