{"id":50580,"date":"2011-10-28T23:19:34","date_gmt":"2011-10-28T19:19:34","guid":{"rendered":"http:\/\/www.mospat.ru\/?p=50580"},"modified":"2011-10-31T16:37:54","modified_gmt":"2011-10-31T12:37:54","slug":"delegaciya-russkojj-pravoslavnojj-cerkvi-prinyala-uchastie-v-mezhdunarodnojj-vstreche-v-assizi","status":"publish","type":"post","link":"https:\/\/old.mospat.ru\/fr\/2011\/10\/28\/news50580\/","title":{"rendered":"Une d\u00e9l\u00e9gation de l\u2019\u00c9glise orthodoxe russe participe \u00e0 la rencontre d\u2019Assise"},"content":{"rendered":"<p>\n\t\t<div id='gallery-5' class='gallery galleryid-50580 gallery-columns-3 gallery-size-thumbnail'>\n\t\t<div class='carousel-wrapper'>\n\t\t\t<div id='carousel-5' class='gallery-carousel'>\n\t\t\t\t<a href=\"https:\/\/old.mospat.ru\/wp-content\/uploads\/2011\/10\/011.jpg\" id=\"slide_item_500\" class=\"slide fancybox\" rel=\"gallery1\"><img src=\"https:\/\/old.mospat.ru\/wp-content\/uploads\/timthumb.php?src=https:\/\/old.mospat.ru\/wp-content\/uploads\/2011\/10\/011.jpg&w=632&h=380&q=95\" width=\"632\" height=\"380\"><\/a><a href=\"https:\/\/old.mospat.ru\/wp-content\/uploads\/2011\/10\/IMG_6111.jpg\" id=\"slide_item_501\" class=\"slide fancybox\" rel=\"gallery1\"><img src=\"https:\/\/old.mospat.ru\/wp-content\/uploads\/timthumb.php?src=https:\/\/old.mospat.ru\/wp-content\/uploads\/2011\/10\/IMG_6111.jpg&w=632&h=380&q=95\" width=\"632\" height=\"380\"><\/a><a href=\"https:\/\/old.mospat.ru\/wp-content\/uploads\/2011\/10\/IMG_6133.jpg\" id=\"slide_item_502\" class=\"slide fancybox\" rel=\"gallery1\"><img src=\"https:\/\/old.mospat.ru\/wp-content\/uploads\/timthumb.php?src=https:\/\/old.mospat.ru\/wp-content\/uploads\/2011\/10\/IMG_6133.jpg&w=632&h=380&q=95\" width=\"632\" height=\"380\"><\/a><a href=\"https:\/\/old.mospat.ru\/wp-content\/uploads\/2011\/10\/IMG_6147.jpg\" id=\"slide_item_503\" class=\"slide fancybox\" rel=\"gallery1\"><img src=\"https:\/\/old.mospat.ru\/wp-content\/uploads\/timthumb.php?src=https:\/\/old.mospat.ru\/wp-content\/uploads\/2011\/10\/IMG_6147.jpg&w=632&h=380&q=95\" width=\"632\" height=\"380\"><\/a>\n\t\t\t<\/div>\n\t\t<\/div>\n\t\t<div class='thumbs-wrapper'>\n\t\t\t<div id='thumbs-5' class='gallery-thumbs'>\n\t\t\t\t<a href=\"#slide_item_500\"><img src=\"https:\/\/old.mospat.ru\/wp-content\/uploads\/timthumb.php?src=https:\/\/old.mospat.ru\/wp-content\/uploads\/2011\/10\/011.jpg&w=150&h=100&q=95\"><\/a><a href=\"#slide_item_501\"><img src=\"https:\/\/old.mospat.ru\/wp-content\/uploads\/timthumb.php?src=https:\/\/old.mospat.ru\/wp-content\/uploads\/2011\/10\/IMG_6111.jpg&w=150&h=100&q=95\"><\/a><a href=\"#slide_item_502\"><img src=\"https:\/\/old.mospat.ru\/wp-content\/uploads\/timthumb.php?src=https:\/\/old.mospat.ru\/wp-content\/uploads\/2011\/10\/IMG_6133.jpg&w=150&h=100&q=95\"><\/a><a href=\"#slide_item_503\"><img src=\"https:\/\/old.mospat.ru\/wp-content\/uploads\/timthumb.php?src=https:\/\/old.mospat.ru\/wp-content\/uploads\/2011\/10\/IMG_6147.jpg&w=150&h=100&q=95\"><\/a>\n\t\t\t<\/div>\n\t\t\t<a id='prev-5' class='gallery-thumbs-prev' href='#'><i class='icon-angle-circled-left'><\/i><\/a>\n\t\t\t<a id='next-5' class='gallery-thumbs-next' href='#'><i class='icon-angle-circled-right'><\/i><\/a>\n\t\t<\/div>\n\t<\/div><\/p>\n<p>Le 27 octobre 2011, s\u2019est d\u00e9roul\u00e9e \u00e0 Assise une Journ\u00e9e de r\u00e9flexion, de dialogue et de pri\u00e8re pour la paix et la justice dans le monde, autour du th\u00e8me \u00ab\u00a0P\u00e8lerins de la v\u00e9rit\u00e9 et p\u00e8lerins de la paix\u00a0\u00bb.<\/p>\n<p>Plus de 300 repr\u00e9sentants d\u2019\u00c9glises et de communaut\u00e9s chr\u00e9tiennes, ainsi que des repr\u00e9sentants d\u2019autres religions ont particip\u00e9 \u00e0 cette rencontre, afin d\u2019exprimer leur solidarit\u00e9 avec le mouvement pour la coexistence pacifique des civilisations et des peuples.<\/p>\n<p>La rencontre d\u2019Assise ne comportait aucune pri\u00e8re commune\u00a0: les br\u00e8ves interventions des participants alternaient avec des moments de silence, de musique et de r\u00e9flexion silencieuse, auxquels se sont joints des humanistes ath\u00e9es.<\/p>\n<p>Les intervenants se sont concentr\u00e9s sur les d\u00e9fis du monde moderne, la n\u00e9cessit\u00e9 d\u2019unir les efforts des hommes de bonne volont\u00e9 contre les diff\u00e9rentes formes de violences, de discrimination, de s\u00e9cularisme militant, d\u2019instabilit\u00e9 \u00e9conomique et de fondamentalisme.<\/p>\n<p>L\u2019\u00c9glise orthodoxe russe avait d\u00e9l\u00e9gu\u00e9 le m\u00e9tropolite Philar\u00e8te de Minsk et de Sloutsk, exarque patriarcal en Bi\u00e9lorussie, le m\u00e9tropolite Alexandre d\u2019Astana et du Kazakhstan, l\u2019\u00e9v\u00eaque Vladimir de Dneprodzerjinsk et de Tsaritchan, l\u2019archipr\u00eatre Dimitri Sizonenko, secr\u00e9taire du D\u00e9partement des relations ext\u00e9rieures du Patriarcat de Moscou aux relations interchr\u00e9tiennes, l\u2019archipr\u00eatre Nicolas Danilevitch, secr\u00e9taire du DREE de l\u2019\u00c9glise orthodoxe d\u2019Ukraine (Patriarcat de Moscou), le hi\u00e9romoine Antoine (Sevriouk), recteur de l\u2019\u00e9glise Sainte-Catherine de Rome, secr\u00e9taire des paroisses du Patriarcat de Moscou en Italie, l\u2019archipr\u00eatre Igor Vyjanov, clerc de l\u2019\u00e9glise Sainte-Catherine, l\u2019archipr\u00eatre Nicolas Korjitch, secr\u00e9taire de l\u2019Administration dioc\u00e9saine de Minsk, \u00a0Victor Chevtsov, secr\u00e9taire de l\u2019exarque patriarcal en Bi\u00e9lorussie, le diacre Alexis Dikarev, du secr\u00e9tariat du DREE aux relations interchr\u00e9tiennes (Patriarcat de Moscou).<\/p>","protected":false},"excerpt":{"rendered":"<p>Le 27 octobre 2011, s\u2019est d\u00e9roul\u00e9e \u00e0 Assise une Journ\u00e9e de r\u00e9flexion, de dialogue et de pri\u00e8re pour la paix et la justice dans le monde, autour du th\u00e8me \u00ab P\u00e8lerins de la v\u00e9rit\u00e9 et p\u00e8lerins de la paix \u00bb.<\/p>\n","protected":false},"author":10,"featured_media":50584,"comment_status":"closed","ping_status":"closed","sticky":false,"template":"","format":"standard","meta":[],"categories":[10,1],"tags":[],"_links":{"self":[{"href":"https:\/\/old.mospat.ru\/fr\/wp-json\/wp\/v2\/posts\/50580"}],"collection":[{"href":"https:\/\/old.mospat.ru\/fr\/wp-json\/wp\/v2\/posts"}],"about":[{"href":"https:\/\/old.mospat.ru\/fr\/wp-json\/wp\/v2\/types\/post"}],"author":[{"embeddable":true,"href":"https:\/\/old.mospat.ru\/fr\/wp-json\/wp\/v2\/users\/10"}],"replies":[{"embeddable":true,"href":"https:\/\/old.mospat.ru\/fr\/wp-json\/wp\/v2\/comments?post=50580"}],"version-history":[{"count":0,"href":"https:\/\/old.mospat.ru\/fr\/wp-json\/wp\/v2\/posts\/50580\/revisions"}],"wp:featuredmedia":[{"embeddable":true,"href":"https:\/\/old.mospat.ru\/fr\/wp-json\/wp\/v2\/media\/50584"}],"wp:attachment":[{"href":"https:\/\/old.mospat.ru\/fr\/wp-json\/wp\/v2\/media?parent=50580"}],"wp:term":[{"taxonomy":"category","embeddable":true,"href":"https:\/\/old.mospat.ru\/fr\/wp-json\/wp\/v2\/categories?post=50580"},{"taxonomy":"post_tag","embeddable":true,"href":"https:\/\/old.mospat.ru\/fr\/wp-json\/wp\/v2\/tags?post=50580"}],"curies":[{"name":"wp","href":"https:\/\/api.w.org\/{rel}","templated":true}]}}