{"id":44367,"date":"2011-07-05T15:46:21","date_gmt":"2011-07-05T11:46:21","guid":{"rendered":"http:\/\/www.mospat.ru\/?p=44367"},"modified":"2011-07-06T10:09:05","modified_gmt":"2011-07-06T06:09:05","slug":"svyatejjshijj-patriarkh-serbskijj-irinejj-prinyal-uchastnikov-iv-kadetskogo-sbora-v-serbii","status":"publish","type":"post","link":"https:\/\/old.mospat.ru\/fr\/2011\/07\/05\/news44367\/","title":{"rendered":"Le Patriarche Ir\u00e9n\u00e9e de Serbie re\u00e7oit les participants du IVe rassemblement des cadets en Serbie"},"content":{"rendered":"<p>\n\t\t<div id='gallery-2' class='gallery galleryid-44367 gallery-columns-3 gallery-size-thumbnail'>\n\t\t<div class='carousel-wrapper'>\n\t\t\t<div id='carousel-2' class='gallery-carousel'>\n\t\t\t\t<a href=\"https:\/\/old.mospat.ru\/wp-content\/uploads\/2011\/07\/img_9739zs.jpg\" id=\"slide_item_200\" class=\"slide fancybox\" rel=\"gallery1\"><img src=\"https:\/\/old.mospat.ru\/wp-content\/uploads\/timthumb.php?src=https:\/\/old.mospat.ru\/wp-content\/uploads\/2011\/07\/img_9739zs.jpg&w=632&h=380&q=95\" width=\"632\" height=\"380\"><\/a><a href=\"https:\/\/old.mospat.ru\/wp-content\/uploads\/2011\/07\/img_9761zs.jpg\" id=\"slide_item_201\" class=\"slide fancybox\" rel=\"gallery1\"><img src=\"https:\/\/old.mospat.ru\/wp-content\/uploads\/timthumb.php?src=https:\/\/old.mospat.ru\/wp-content\/uploads\/2011\/07\/img_9761zs.jpg&w=632&h=380&q=95\" width=\"632\" height=\"380\"><\/a><a href=\"https:\/\/old.mospat.ru\/wp-content\/uploads\/2011\/07\/img_9783zs.jpg\" id=\"slide_item_202\" class=\"slide fancybox\" rel=\"gallery1\"><img src=\"https:\/\/old.mospat.ru\/wp-content\/uploads\/timthumb.php?src=https:\/\/old.mospat.ru\/wp-content\/uploads\/2011\/07\/img_9783zs.jpg&w=632&h=380&q=95\" width=\"632\" height=\"380\"><\/a><a href=\"https:\/\/old.mospat.ru\/wp-content\/uploads\/2011\/07\/img_9807zs.jpg\" id=\"slide_item_203\" class=\"slide fancybox\" rel=\"gallery1\"><img src=\"https:\/\/old.mospat.ru\/wp-content\/uploads\/timthumb.php?src=https:\/\/old.mospat.ru\/wp-content\/uploads\/2011\/07\/img_9807zs.jpg&w=632&h=380&q=95\" width=\"632\" height=\"380\"><\/a><a href=\"https:\/\/old.mospat.ru\/wp-content\/uploads\/2011\/07\/img_9822zs.jpg\" id=\"slide_item_204\" class=\"slide fancybox\" rel=\"gallery1\"><img src=\"https:\/\/old.mospat.ru\/wp-content\/uploads\/timthumb.php?src=https:\/\/old.mospat.ru\/wp-content\/uploads\/2011\/07\/img_9822zs.jpg&w=632&h=380&q=95\" width=\"632\" height=\"380\"><\/a><a href=\"https:\/\/old.mospat.ru\/wp-content\/uploads\/2011\/07\/img_9834zs.jpg\" id=\"slide_item_205\" class=\"slide fancybox\" rel=\"gallery1\"><img src=\"https:\/\/old.mospat.ru\/wp-content\/uploads\/timthumb.php?src=https:\/\/old.mospat.ru\/wp-content\/uploads\/2011\/07\/img_9834zs.jpg&w=632&h=380&q=95\" width=\"632\" height=\"380\"><\/a>\n\t\t\t<\/div>\n\t\t<\/div>\n\t\t<div class='thumbs-wrapper'>\n\t\t\t<div id='thumbs-2' class='gallery-thumbs'>\n\t\t\t\t<a href=\"#slide_item_200\"><img src=\"https:\/\/old.mospat.ru\/wp-content\/uploads\/timthumb.php?src=https:\/\/old.mospat.ru\/wp-content\/uploads\/2011\/07\/img_9739zs.jpg&w=150&h=100&q=95\"><\/a><a href=\"#slide_item_201\"><img src=\"https:\/\/old.mospat.ru\/wp-content\/uploads\/timthumb.php?src=https:\/\/old.mospat.ru\/wp-content\/uploads\/2011\/07\/img_9761zs.jpg&w=150&h=100&q=95\"><\/a><a href=\"#slide_item_202\"><img src=\"https:\/\/old.mospat.ru\/wp-content\/uploads\/timthumb.php?src=https:\/\/old.mospat.ru\/wp-content\/uploads\/2011\/07\/img_9783zs.jpg&w=150&h=100&q=95\"><\/a><a href=\"#slide_item_203\"><img src=\"https:\/\/old.mospat.ru\/wp-content\/uploads\/timthumb.php?src=https:\/\/old.mospat.ru\/wp-content\/uploads\/2011\/07\/img_9807zs.jpg&w=150&h=100&q=95\"><\/a><a href=\"#slide_item_204\"><img src=\"https:\/\/old.mospat.ru\/wp-content\/uploads\/timthumb.php?src=https:\/\/old.mospat.ru\/wp-content\/uploads\/2011\/07\/img_9822zs.jpg&w=150&h=100&q=95\"><\/a><a href=\"#slide_item_205\"><img src=\"https:\/\/old.mospat.ru\/wp-content\/uploads\/timthumb.php?src=https:\/\/old.mospat.ru\/wp-content\/uploads\/2011\/07\/img_9834zs.jpg&w=150&h=100&q=95\"><\/a>\n\t\t\t<\/div>\n\t\t\t<a id='prev-2' class='gallery-thumbs-prev' href='#'><i class='icon-angle-circled-left'><\/i><\/a>\n\t\t\t<a id='next-2' class='gallery-thumbs-next' href='#'><i class='icon-angle-circled-right'><\/i><\/a>\n\t\t<\/div>\n\t<\/div><br \/>\nLe 4 juillet 2011, Sa Saintet\u00e9 le Patriarche Ir\u00e9n\u00e9e de Serbie a accueilli en sa cath\u00e9drale de l\u2019Archange-Michel, \u00e0 Belgrade, les membres du IVe rassemblement des cadets, qui a lieu actuellement en Serbie. Sa Saintet\u00e9 a souhait\u00e9 bienvenue sur le sol russe aux jeunes cadets, leur a parl\u00e9 des liens spirituels qui unissent le peuple serbe et le peuple russe. \u00ab\u00a0La Serbie et la Russie sont unies sont seulement par des \u00e9v\u00e8nements historiques, mais \u00e9galement par la foi orthodoxe, qui, aux heures difficiles, a \u00e9t\u00e9 l\u2019axe qui leur a permis de tenir et gr\u00e2ce auquel nous nous trouvons ici aujourd\u2019hui vous et moi\u00a0\u00bb.<\/p>\n<p>A l\u2019issue de la rencontre, les \u00e9l\u00e8ves du Corps des cadets cosaque de Moscou \u00ab\u00a0Mikha\u00efl Cholokhov\u00a0\u00bb et leur ataman Matve\u00ef Platov, aussi directeur des Corps de cadets r\u00e9gionaux de Russie ont offert des souvenirs au Primat de l\u2019\u00c9glise orthodoxe serbe. Le directeur g\u00e9n\u00e9ral de la Fondation de soutien aux corps de cadets \u00ab\u00a0Alexis Yordan\u00a0\u00bb, O. Barkovets, a remis \u00e0 Sa Saintet\u00e9 la d\u00e9coration de la Fondation.<\/p>\n<p>Ensuite les cadets russes ont visit\u00e9 l\u2019\u00e9glise de la Sainte Trinit\u00e9, repr\u00e9sentation de l\u2019\u00c9glise orthodoxe russe \u00e0 Belgrade. L\u2019archipr\u00eatre Vitaly Tarassev, recteur de l\u2019\u00e9glise, a parl\u00e9 aux \u00e9l\u00e8ves des corps de cadets de l\u2019histoire riche et douloureuse de sa paroisse. Pendant les bombardements de l\u2019OTAN de 1999, une bombe s\u2019est abattue sur la coupole et l\u2019\u00e9glise a \u00e9t\u00e9 s\u00e9v\u00e8rement endommag\u00e9e. En 2007, des travaux de restauration ont \u00e9t\u00e9 entrepris avec le soutien du D\u00e9partement des relations ext\u00e9rieures du Patriarcat de Moscou, ainsi que celui de nombreuses personnalit\u00e9s c\u00e9l\u00e8bres du monde culturel et des cercles politiques. Parmi les donateurs, dont les noms sont grav\u00e9s sur le mur occidental de l\u2019\u00e9glise, figure celui d\u2019Alexis Yordan, dont la Fondation de soutien au corps des cadets porte le nom.<\/p>","protected":false},"excerpt":{"rendered":"<p>Le 4 juillet 2011, Sa Saintet\u00e9 le Patriarche Ir\u00e9n\u00e9e de Serbie a accueilli en sa cath\u00e9drale de l\u2019Archange-Michel, \u00e0 Belgrade, les membres du IVe rassemblement des cadets, qui a lieu actuellement en Serbie. Sa Saintet\u00e9 a souhait\u00e9 bienvenue sur le sol russe aux jeunes cadets, leur a parl\u00e9 des liens spirituels qui unissent le peuple serbe et le peuple russe.<\/p>\n","protected":false},"author":10,"featured_media":0,"comment_status":"closed","ping_status":"closed","sticky":false,"template":"","format":"standard","meta":[],"categories":[16,1],"tags":[],"_links":{"self":[{"href":"https:\/\/old.mospat.ru\/fr\/wp-json\/wp\/v2\/posts\/44367"}],"collection":[{"href":"https:\/\/old.mospat.ru\/fr\/wp-json\/wp\/v2\/posts"}],"about":[{"href":"https:\/\/old.mospat.ru\/fr\/wp-json\/wp\/v2\/types\/post"}],"author":[{"embeddable":true,"href":"https:\/\/old.mospat.ru\/fr\/wp-json\/wp\/v2\/users\/10"}],"replies":[{"embeddable":true,"href":"https:\/\/old.mospat.ru\/fr\/wp-json\/wp\/v2\/comments?post=44367"}],"version-history":[{"count":0,"href":"https:\/\/old.mospat.ru\/fr\/wp-json\/wp\/v2\/posts\/44367\/revisions"}],"wp:attachment":[{"href":"https:\/\/old.mospat.ru\/fr\/wp-json\/wp\/v2\/media?parent=44367"}],"wp:term":[{"taxonomy":"category","embeddable":true,"href":"https:\/\/old.mospat.ru\/fr\/wp-json\/wp\/v2\/categories?post=44367"},{"taxonomy":"post_tag","embeddable":true,"href":"https:\/\/old.mospat.ru\/fr\/wp-json\/wp\/v2\/tags?post=44367"}],"curies":[{"name":"wp","href":"https:\/\/api.w.org\/{rel}","templated":true}]}}