{"id":43624,"date":"2011-06-21T20:00:08","date_gmt":"2011-06-21T16:00:08","guid":{"rendered":"http:\/\/www.mospat.ru\/?p=43624"},"modified":"2011-06-23T18:05:13","modified_gmt":"2011-06-23T14:05:13","slug":"v-vystuplenii-na-zasedanii-evropejjskogo-soveta-religioznykh-liderov-predsedatel-ovcs-kosnulsya-temy-gonenijj-na-khristian-2","status":"publish","type":"post","link":"https:\/\/old.mospat.ru\/fr\/2011\/06\/21\/news43624\/","title":{"rendered":"Dans son allocution \u00e0 l\u2019assembl\u00e9e du Conseil europ\u00e9en des responsables religieux, le pr\u00e9sident du D\u00e9partement des relations ext\u00e9rieures a \u00e9voqu\u00e9 le th\u00e8me des pers\u00e9cutions contre les chr\u00e9tiens"},"content":{"rendered":"<p>Le 21 juin 2011, le m\u00e9tropolite Hilarion de Volokolamsk, pr\u00e9sident du D\u00e9partement des relations ext\u00e9rieures du Patriarcat de Moscou est intervenu lors de la premi\u00e8re r\u00e9union de l\u2019assembl\u00e9e du Conseil europ\u00e9en des responsables religieux.<\/p>\n<p>Mgr Hilarion a rappel\u00e9 que l\u2019\u00c9glise orthodoxe russe, en la personne du m\u00e9tropolite Cyrille, aujourd\u2019hui Patriarche de Moscou et de toute la Russie, \u00e9tait \u00e0 l\u2019origine de la cr\u00e9ation du Conseil europ\u00e9en des responsables religieux. Au d\u00e9but de l\u2019ann\u00e9e 2002, le m\u00e9tropolite Cyrille, avec d\u2019autres leaders religieux respect\u00e9s d\u2019Europe \u00e9tait entr\u00e9 au comit\u00e9 ex\u00e9cutif du tout nouvellement fond\u00e9 Conseil, lors d\u2019une assembl\u00e9e de l\u2019organisation \u00ab\u00a0Les religions pour la paix\u00a0\u00bb.<\/p>\n<p>Le m\u00e9tropolite Hilarion s\u2019est ensuite arr\u00eat\u00e9 sur le probl\u00e8me des intol\u00e9rables pers\u00e9cutions et de l\u2019atteinte aux droits des personnes en fonction de leur religion. Le pr\u00e9sident du DREE a cit\u00e9 des donn\u00e9es statistiques, selon lesquelles aujourd\u2019hui dans le monde pas moins de 100 millions de chr\u00e9tiens, dont plus d\u2019un million d\u2019enfants font l\u2019objet de pers\u00e9cutions et de discriminations. \u00ab\u00a0A l\u2019heure actuelle, nous vivons une des \u00e9poques de pers\u00e9cutions contre les chr\u00e9tiens les plus massives depuis 2000 ans. Dans les pays prosp\u00e8res d\u2019Europe, peu nombreux sont ceux qui le savent, et ceux qui le savent pr\u00e9f\u00e8rent ne pas r\u00e9agir.\u00a0\u00bb Suivant le pr\u00e9sident du D\u00e9partement des relations ext\u00e9rieures, certains instituts internationaux europ\u00e9ens, comme le Parlement europ\u00e9en, l\u2019Assembl\u00e9e parlementaire du Conseil de l\u2019Europe et divers organisations de d\u00e9fense des droits de l\u2019homme tentent d\u2019attirer l\u2019attention sur cette trag\u00e9die.<\/p>\n<p>\u00ab\u00a0Notre \u00c9glise a exprim\u00e9 sa pr\u00e9occupation face aux pers\u00e9cutions des chr\u00e9tiens dans le monde par une d\u00e9claration du Saint Synode publi\u00e9e le 30 mai dernier\u00a0\u00bb, a rappel\u00e9 le m\u00e9tropolite Hilarion. Suivant le pr\u00e9sident du DREE, les \u00e9v\u00e8nements tragiques de Giza, mentionn\u00e9s dans la d\u00e9claration, lorsque les 7 et 8 mai des \u00e9glises chr\u00e9tiennes avaient \u00e9t\u00e9 br\u00fbl\u00e9es et des paroissiens de l\u2019\u00c9glise copte avaient p\u00e9ris au cours de d\u00e9sordres de masse, ne font malheureusement \u00ab\u00a0qu\u2019illustrer un processus plus global, touchant la vie des chr\u00e9tiens dans un certain nombre de pays, comme l\u2019Irak ou le Pakistan\u00a0\u00bb. N\u00e9anmoins, a insist\u00e9 le m\u00e9tropolite Hilarion, \u00ab\u00a0l\u2019extr\u00e9misme aux slogans islamistes ne doit en aucun cas \u00eatre identifi\u00e9 avec l\u2019islam, qui pr\u00eache la tol\u00e9rance entre les repr\u00e9sentants de diff\u00e9rentes religions.\u00a0\u00bb<\/p>\n<p>Le m\u00e9tropolite Hilarion a propos\u00e9 aux membres du Conseil de r\u00e9fl\u00e9chir \u00e0 la cr\u00e9ation d\u2019un syst\u00e8me de d\u00e9fense des chr\u00e9tiens contre les pers\u00e9cutions. \u00ab\u00a0Les repr\u00e9sentants politiques de l\u2019Union europ\u00e9enne, les leaders des \u00e9tats europ\u00e9ens, de la Russie et des autres pays de la CEI, ceux des confessions chr\u00e9tiennes ainsi que les repr\u00e9sentants d\u2019autres religions, en particulier les musulmans, pourraient participer \u00e0 la mise en place de ce syst\u00e8me. Ce n\u2019est qu\u2019en joignant nos efforts que nous pourrons arr\u00eater la vague extr\u00e9miste qui submerge le Proche-Orient et menace l\u2019existence m\u00eame des chr\u00e9tiens dans certains pays de cette r\u00e9gion\u00a0\u00bb, a d\u00e9clar\u00e9 le repr\u00e9sentant de l\u2019\u00c9glise orthodoxe russe. Il a \u00e9galement formul\u00e9 le v\u0153u que le document final de la rencontre de Moscou aborderait ce th\u00e8me.<\/p>\n<p>Le pr\u00e9sident du D\u00e9partement des relations eccl\u00e9siastiques ext\u00e9rieures s\u2019est ensuite pench\u00e9 sur le probl\u00e8me du s\u00e9cularisme agressif. \u00ab\u00a0Du point de vue des tenants du s\u00e9cularisme, le dialogue interreligieux doit se poursuivre sous le patronage d\u2019instituts civils, pour la simple raison que les leaders religieux seraient soi-disant incapables de s\u2019entendre entre eux. Notre Conseil a la particularit\u00e9 d\u2019avoir \u00e9t\u00e9 \u2013 et j\u2019esp\u00e8re qu\u2019il le restera \u2013 une association de repr\u00e9sentants des religions europ\u00e9ennes traditionnelles ind\u00e9pendante de quelque structure profane que ce soit. Dans le m\u00eame temps, au nom du bien commun, nous sommes toujours ouverts \u00e0 un dialogue d\u2019\u00e9gal \u00e0 \u00e9gal, franc et ouvert aussi bien avec les institutions gouvernementales qu\u2019avec toutes les forces saines de la soci\u00e9t\u00e9\u00a0\u00bb, a t\u00e9moign\u00e9 Mgr Hilarion.<\/p>\n<p>J. Sampaio, repr\u00e9sentant du secr\u00e9taire de l\u2019ONU pour l\u2019Alliance des civilisations a adress\u00e9 \u00e0 l\u2019assembl\u00e9e du Conseil europ\u00e9en des responsables religieux un message vid\u00e9o, dans lequel il disait son intention de faire de la d\u00e9fense de la dignit\u00e9 humaine, \u00e0 l\u2019ordre du jour de la r\u00e9union du Conseil, un th\u00e8me central du forum \u00ab\u00a0Alliance des civilisations\u00a0\u00bb qui aura lieu \u00e0 Doha (Qatar) au mois de d\u00e9cembre.<\/p>\n<p>Lors de la premi\u00e8re assembl\u00e9e pl\u00e9ni\u00e8re a \u00e9galement \u00e9t\u00e9 abord\u00e9 la question des \u00ab\u00a0Droits de l\u2019homme et les valeurs traditionnelles en Europe\u00a0\u00bb. L\u2019\u00e9v\u00eaque Gunnar Staelsett, co-mod\u00e9rateur du Conseil a pr\u00e9sent\u00e9 un expos\u00e9 sur ce th\u00e8me.<\/p>\n<p>La premi\u00e8re journ\u00e9e de l\u2019assembl\u00e9e du Conseil europ\u00e9en des responsables religieux s\u2019est achev\u00e9e par un d\u00eener offert au nom du pr\u00e9sident du DREE \u00e0 l\u2019h\u00f4tel \u00ab\u00a0Danilovskaya\u00a0\u00bb.<\/p>","protected":false},"excerpt":{"rendered":"<p>Le 21 juin 2011, le m\u00e9tropolite Hilarion de Volokolamsk, pr\u00e9sident du D\u00e9partement des relations ext\u00e9rieures du Patriarcat de Moscou est intervenu lors de la premi\u00e8re r\u00e9union de l\u2019assembl\u00e9e du Conseil europ\u00e9en des responsables religieux.<\/p>\n","protected":false},"author":10,"featured_media":39415,"comment_status":"closed","ping_status":"closed","sticky":false,"template":"","format":"standard","meta":[],"categories":[1,12],"tags":[],"_links":{"self":[{"href":"https:\/\/old.mospat.ru\/fr\/wp-json\/wp\/v2\/posts\/43624"}],"collection":[{"href":"https:\/\/old.mospat.ru\/fr\/wp-json\/wp\/v2\/posts"}],"about":[{"href":"https:\/\/old.mospat.ru\/fr\/wp-json\/wp\/v2\/types\/post"}],"author":[{"embeddable":true,"href":"https:\/\/old.mospat.ru\/fr\/wp-json\/wp\/v2\/users\/10"}],"replies":[{"embeddable":true,"href":"https:\/\/old.mospat.ru\/fr\/wp-json\/wp\/v2\/comments?post=43624"}],"version-history":[{"count":0,"href":"https:\/\/old.mospat.ru\/fr\/wp-json\/wp\/v2\/posts\/43624\/revisions"}],"wp:featuredmedia":[{"embeddable":true,"href":"https:\/\/old.mospat.ru\/fr\/wp-json\/wp\/v2\/media\/39415"}],"wp:attachment":[{"href":"https:\/\/old.mospat.ru\/fr\/wp-json\/wp\/v2\/media?parent=43624"}],"wp:term":[{"taxonomy":"category","embeddable":true,"href":"https:\/\/old.mospat.ru\/fr\/wp-json\/wp\/v2\/categories?post=43624"},{"taxonomy":"post_tag","embeddable":true,"href":"https:\/\/old.mospat.ru\/fr\/wp-json\/wp\/v2\/tags?post=43624"}],"curies":[{"name":"wp","href":"https:\/\/api.w.org\/{rel}","templated":true}]}}