{"id":43464,"date":"2011-06-20T16:10:08","date_gmt":"2011-06-20T12:10:08","guid":{"rendered":"http:\/\/www.mospat.ru\/?p=43464"},"modified":"2011-06-21T19:14:15","modified_gmt":"2011-06-21T15:14:15","slug":"sostoyalas-vstrecha-predsedatelya-ovcs-s-gosudarstvennym-sekretarem-ministerstva-gosudarstvennogo-upravleniya-i-yusticii-vengerskojj-respubliki-laslo-sasfalvi","status":"publish","type":"post","link":"https:\/\/old.mospat.ru\/fr\/2011\/06\/20\/news43464\/","title":{"rendered":"Rencontre du pr\u00e9sident du D\u00e9partement des relations ext\u00e9rieures avec Laslo Sazfalvi, secr\u00e9taire d\u2019\u00e9tat du Minist\u00e8re de l\u2019Administration publique et de la justice de la R\u00e9publique de Hongrie"},"content":{"rendered":"<p>\n\t\t<div id='gallery-3' class='gallery galleryid-43464 gallery-columns-3 gallery-size-thumbnail'>\n\t\t<div class='carousel-wrapper'>\n\t\t\t<div id='carousel-3' class='gallery-carousel'>\n\t\t\t\t<a href=\"https:\/\/old.mospat.ru\/wp-content\/uploads\/2011\/06\/17.jpg\" id=\"slide_item_300\" class=\"slide fancybox\" rel=\"gallery1\"><img src=\"https:\/\/old.mospat.ru\/wp-content\/uploads\/timthumb.php?src=https:\/\/old.mospat.ru\/wp-content\/uploads\/2011\/06\/17.jpg&w=632&h=380&q=95\" width=\"632\" height=\"380\"><\/a><a href=\"https:\/\/old.mospat.ru\/wp-content\/uploads\/2011\/06\/23.jpg\" id=\"slide_item_301\" class=\"slide fancybox\" rel=\"gallery1\"><img src=\"https:\/\/old.mospat.ru\/wp-content\/uploads\/timthumb.php?src=https:\/\/old.mospat.ru\/wp-content\/uploads\/2011\/06\/23.jpg&w=632&h=380&q=95\" width=\"632\" height=\"380\"><\/a><a href=\"https:\/\/old.mospat.ru\/wp-content\/uploads\/2011\/06\/31.jpg\" id=\"slide_item_302\" class=\"slide fancybox\" rel=\"gallery1\"><img src=\"https:\/\/old.mospat.ru\/wp-content\/uploads\/timthumb.php?src=https:\/\/old.mospat.ru\/wp-content\/uploads\/2011\/06\/31.jpg&w=632&h=380&q=95\" width=\"632\" height=\"380\"><\/a>\n\t\t\t<\/div>\n\t\t<\/div>\n\t\t<div class='thumbs-wrapper'>\n\t\t\t<div id='thumbs-3' class='gallery-thumbs'>\n\t\t\t\t<a href=\"#slide_item_300\"><img src=\"https:\/\/old.mospat.ru\/wp-content\/uploads\/timthumb.php?src=https:\/\/old.mospat.ru\/wp-content\/uploads\/2011\/06\/17.jpg&w=150&h=100&q=95\"><\/a><a href=\"#slide_item_301\"><img src=\"https:\/\/old.mospat.ru\/wp-content\/uploads\/timthumb.php?src=https:\/\/old.mospat.ru\/wp-content\/uploads\/2011\/06\/23.jpg&w=150&h=100&q=95\"><\/a><a href=\"#slide_item_302\"><img src=\"https:\/\/old.mospat.ru\/wp-content\/uploads\/timthumb.php?src=https:\/\/old.mospat.ru\/wp-content\/uploads\/2011\/06\/31.jpg&w=150&h=100&q=95\"><\/a>\n\t\t\t<\/div>\n\t\t\t<a id='prev-3' class='gallery-thumbs-prev' href='#'><i class='icon-angle-circled-left'><\/i><\/a>\n\t\t\t<a id='next-3' class='gallery-thumbs-next' href='#'><i class='icon-angle-circled-right'><\/i><\/a>\n\t\t<\/div>\n\t<\/div><br \/>\nLe 19 juin 2011, le m\u00e9tropolite Hilarion de Volokolamsk, pr\u00e9sident du D\u00e9partement des relations ext\u00e9rieures du Patriarcat de Moscou a re\u00e7u Laslo Sazfalvi, secr\u00e9taire d\u2019\u00e9tat du Minist\u00e8re de l\u2019Administration publique et de la justice de la R\u00e9publique de Hongrie.<\/p>\n<p>Des repr\u00e9sentants de l\u2019ambassade de Hongrie en Russie et du minist\u00e8re de l\u2019Administration publique et de la justice, ainsi que M. Palassio, du secr\u00e9tariat du DREE \u00e0 l\u2019\u00e9tranger assistaient \u00e9galement \u00e0 la rencontre, qui a eu lieu dans les locaux de la paroisse Notre-Dame-Joie-de-tous-les-afflig\u00e9s.<\/p>\n<p>Le Pr\u00e9sident du D\u00e9partement des relations ext\u00e9rieures a rappel\u00e9 qu\u2019il avait rencontr\u00e9 le vice premier ministre hongrois Zsolt Semj\u00e9n et L. Sazfalvi \u00e0 Budapest le 2 juin. \u00ab\u00a0Je suis heureux de vous rencontrer \u00e0 nouveau. Je me r\u00e9jouis de votre visite en Russie, de ce que vous fassiez plus ample connaissance avec l\u2019\u00c9glise orthodoxe russe contemporaine\u00a0\u00bb, a dit le m\u00e9tropolite Hilarion.<\/p>\n<p>Laslo Sazfalvi a fait part de ses impressions sur l\u2019\u00c9glise orthodoxe russe (il a visit\u00e9 Voron\u00e8ge et Moscou). Le secr\u00e9taire d\u2019\u00e9tat du Minist\u00e8re de l\u2019Administration publique et de la justice de la R\u00e9publique de Hongrie a racont\u00e9 que le gouvernement hongrois avait adopt\u00e9 une nouvelle constitution soulignant les racines chr\u00e9tiennes de la Hongrie. \u00ab\u00a0C\u2019est un pas important pour la Hongrie\u00a0\u00bb, a-t-il soulign\u00e9. L. Sazfalvi a dit s\u2019attendre \u00e0 une r\u00e9action n\u00e9gative des cercles lib\u00e9raux europ\u00e9ens.<\/p>\n<p>De son c\u00f4t\u00e9, le m\u00e9tropolite Hilarion a soulign\u00e9 que l\u2019\u00c9glise orthodoxe russe saluait les Lois fondamentales du pays sign\u00e9es par le Pr\u00e9sident hongrois Pal Schmitt. Le nouveau texte institutionalise l\u2019axe de d\u00e9veloppement choisi par la Hongrie, fond\u00e9 sur la priorit\u00e9 des valeurs traditionnelles chr\u00e9tiennes. Monseigneur estime que la Constitution hongroise fixe ce qui constitue la base de l\u2019identit\u00e9 nationale des Hongrois, la foi en Dieu, les valeurs chr\u00e9tiennes et familiales. \u00ab\u00a0Aujourd\u2019hui, cette base morale est soumise \u00e0 une r\u00e9vision dans le monde politique et m\u00eame parmi les chr\u00e9tiens. J\u2019esp\u00e8re que vous saurez d\u00e9fendre votre nouvelle constitution. En la d\u00e9fendant, vous d\u00e9fendez l\u2019avenir de votre peuple\u00a0\u00bb, a-t-il insist\u00e9.<\/p>\n<p>Le Pr\u00e9sident du DREE a \u00e9galement parl\u00e9 de la n\u00e9cessit\u00e9 d\u2019organiser un syst\u00e8me de d\u00e9fense des chr\u00e9tiens en difficult\u00e9 au Proche-Orient, en Afrique du Nord, dans le Caucase.<\/p>\n<p>Le m\u00e9tropolite Hilarion a dit sa certitude qu\u2019il existait \u00ab\u00a0un grand terrain d\u2019action commune entre les confessions chr\u00e9tiennes et les \u00e9tats de l\u2019Union europ\u00e9enne. Nous devons inviter nos fr\u00e8res musulmans \u00e0 collaborer\u00a0\u00bb. Il a rappel\u00e9 la d\u00e9claration du Saint Synode de l\u2019\u00c9glise orthodoxe russe sur la situation des chr\u00e9tiens dans certains pays, en particulier l\u2019\u00c9gypte et l\u2019Iran. Les autorit\u00e9s musulmanes de Russie ont publi\u00e9 \u00e0 leur tour une d\u00e9claration en faveur de la d\u00e9fense des chr\u00e9tiens.<\/p>\n<p>Dans le cadre de sa r\u00e9cente visite de travail au Caire, le m\u00e9tropolite Hilarion avait rencontr\u00e9 le grand imam de l\u2019Universit\u00e9 \u00ab\u00a0Al-Azhar\u00a0\u00bb, qui avait clairement exprim\u00e9 son soutien \u00e0 ce sujet. \u00ab\u00a0Les repr\u00e9sentants de l\u2019islam traditionnel sont tr\u00e8s affect\u00e9s par la situation actuelle et pr\u00eats \u00e0 nous rejoindre pour faire changer les choses\u00a0\u00bb. Le m\u00e9tropolite Hilarion a exprim\u00e9 l\u2019espoir que le gouvernement hongrois accorderait \u00e0 cette question l\u2019attention qui lui revient.<\/p>\n<p>De son c\u00f4t\u00e9, Laslo Sazfalvi a not\u00e9 l\u2019importance du r\u00f4le des m\u00e9dias dans la soci\u00e9t\u00e9 contemporaine. Il s\u2019est dit favorable \u00e0 la cr\u00e9ation d\u2019une cha\u00eene de t\u00e9l\u00e9vision religieuse en Hongrie.<\/p>\n<p>Au cours de l\u2019entretien, il a \u00e9galement \u00e9t\u00e9 question de la reconstruction des \u00e9glises orthodoxes de Hongrie. Le secr\u00e9taire d\u2019\u00e9tat du Minist\u00e8re de l\u2019Administration publique et de la justice de la R\u00e9publique de Hongrie a ajout\u00e9 qu\u2019il travaillait actuellement \u00e0 ce que l\u2019\u00c9glise orthodoxe russe figure sur la liste des \u00c9glises historiques de Hongrie.<\/p>\n<p>A la fin de la rencontre, les interlocuteurs ont proc\u00e9d\u00e9 \u00e0 un \u00e9change de cadeaux.<\/p>","protected":false},"excerpt":{"rendered":"<p>Le 19 juin 2011, le m\u00e9tropolite Hilarion de Volokolamsk, pr\u00e9sident du D\u00e9partement des relations ext\u00e9rieures du Patriarcat de Moscou a re\u00e7u Laslo Sazfalvi, secr\u00e9taire d\u2019\u00e9tat du Minist\u00e8re de l\u2019Administration publique et de la justice de la R\u00e9publique de Hongrie.<\/p>\n","protected":false},"author":10,"featured_media":0,"comment_status":"closed","ping_status":"closed","sticky":false,"template":"","format":"standard","meta":[],"categories":[10,1,12],"tags":[],"_links":{"self":[{"href":"https:\/\/old.mospat.ru\/fr\/wp-json\/wp\/v2\/posts\/43464"}],"collection":[{"href":"https:\/\/old.mospat.ru\/fr\/wp-json\/wp\/v2\/posts"}],"about":[{"href":"https:\/\/old.mospat.ru\/fr\/wp-json\/wp\/v2\/types\/post"}],"author":[{"embeddable":true,"href":"https:\/\/old.mospat.ru\/fr\/wp-json\/wp\/v2\/users\/10"}],"replies":[{"embeddable":true,"href":"https:\/\/old.mospat.ru\/fr\/wp-json\/wp\/v2\/comments?post=43464"}],"version-history":[{"count":0,"href":"https:\/\/old.mospat.ru\/fr\/wp-json\/wp\/v2\/posts\/43464\/revisions"}],"wp:attachment":[{"href":"https:\/\/old.mospat.ru\/fr\/wp-json\/wp\/v2\/media?parent=43464"}],"wp:term":[{"taxonomy":"category","embeddable":true,"href":"https:\/\/old.mospat.ru\/fr\/wp-json\/wp\/v2\/categories?post=43464"},{"taxonomy":"post_tag","embeddable":true,"href":"https:\/\/old.mospat.ru\/fr\/wp-json\/wp\/v2\/tags?post=43464"}],"curies":[{"name":"wp","href":"https:\/\/api.w.org\/{rel}","templated":true}]}}