{"id":37691,"date":"2011-03-11T23:02:32","date_gmt":"2011-03-11T20:02:32","guid":{"rendered":"http:\/\/www.mospat.ru\/?p=37691"},"modified":"2011-03-14T17:44:36","modified_gmt":"2011-03-14T14:44:36","slug":"mitropolit-volokolamskijj-ilarion-vstretilsya-s-zamestitelem-ministra-inostrannykh-del-kolumbii","status":"publish","type":"post","link":"https:\/\/old.mospat.ru\/fr\/2011\/03\/11\/news37691\/","title":{"rendered":"Le m\u00e9tropolite Hilarion de Volokolamsk re\u00e7oit le vice-ministre des Affaires \u00e9trang\u00e8res de Colombie"},"content":{"rendered":"<p><\/p>\n<p>\n\t\t<div id='gallery-4' class='gallery galleryid-37691 gallery-columns-3 gallery-size-thumbnail'>\n\t\t<div class='carousel-wrapper'>\n\t\t\t<div id='carousel-4' class='gallery-carousel'>\n\t\t\t\t<a href=\"https:\/\/old.mospat.ru\/wp-content\/uploads\/2011\/03\/IMG_4141_.jpg\" id=\"slide_item_400\" class=\"slide fancybox\" rel=\"gallery1\"><img src=\"https:\/\/old.mospat.ru\/wp-content\/uploads\/timthumb.php?src=https:\/\/old.mospat.ru\/wp-content\/uploads\/2011\/03\/IMG_4141_.jpg&w=632&h=380&q=95\" width=\"632\" height=\"380\"><\/a><a href=\"https:\/\/old.mospat.ru\/wp-content\/uploads\/2011\/03\/IMG_4147_.jpg\" id=\"slide_item_401\" class=\"slide fancybox\" rel=\"gallery1\"><img src=\"https:\/\/old.mospat.ru\/wp-content\/uploads\/timthumb.php?src=https:\/\/old.mospat.ru\/wp-content\/uploads\/2011\/03\/IMG_4147_.jpg&w=632&h=380&q=95\" width=\"632\" height=\"380\"><\/a>\n\t\t\t<\/div>\n\t\t<\/div>\n\t\t<div class='thumbs-wrapper'>\n\t\t\t<div id='thumbs-4' class='gallery-thumbs'>\n\t\t\t\t<a href=\"#slide_item_400\"><img src=\"https:\/\/old.mospat.ru\/wp-content\/uploads\/timthumb.php?src=https:\/\/old.mospat.ru\/wp-content\/uploads\/2011\/03\/IMG_4141_.jpg&w=150&h=100&q=95\"><\/a><a href=\"#slide_item_401\"><img src=\"https:\/\/old.mospat.ru\/wp-content\/uploads\/timthumb.php?src=https:\/\/old.mospat.ru\/wp-content\/uploads\/2011\/03\/IMG_4147_.jpg&w=150&h=100&q=95\"><\/a>\n\t\t\t<\/div>\n\t\t\t<a id='prev-4' class='gallery-thumbs-prev' href='#'><i class='icon-angle-circled-left'><\/i><\/a>\n\t\t\t<a id='next-4' class='gallery-thumbs-next' href='#'><i class='icon-angle-circled-right'><\/i><\/a>\n\t\t<\/div>\n\t<\/div><br \/>\nLe 11 mars 2011, au D\u00e9partement des relations ext\u00e9rieures du Patriarcat de Moscou, a eu lieu la rencontre du m\u00e9tropolite Hilarion de Volokolamsk, pr\u00e9sident du D\u00e9partement, avec <a href=\"http:\/\/www.cancilleria.gov.co\/wps\/portal\/espanol\/%21ut\/p\/c1\/04_SB8K8xLLM9MSSzPy8xBz9CP0os_jQsKAwo2AXYwN3Vx8nA08zNz9LEwNLYwNHI6B8JJK8v2-QqYFRmI9ZoJersRFQJQHdfh75uan6BbkR5QCQOuM7\/dl2\/d1\/L2dJQSEvUUt3QS9ZQnB3LzZfVVZSVjJTRDMwMDhSQzBJTTBISDdBUjNHOTM%21\/?WCM_GLOBAL_CONTEXT=\/wps\/wcm\/connect\/WCM_MRE\/ministerio\/ministro\/perfil+viceministerio+de+asuntos+multilaterales\">Patti Londo\u00f1o Jaramillo<\/a>, vice-ministre des Affaires \u00e9trang\u00e8res de la R\u00e9publique de Colombie. Prenaient \u00e9galement part \u00e0 la rencontre, pour le D\u00e9partement des relations ext\u00e9rieures M. Palassio, collaborateur du Secr\u00e9tariat aux affaires de l\u2019\u00e9tranger, pour la Colombie, Diego Jos\u00e9 Tobon Etcheverry, ambassadeur pl\u00e9nipotentiaire de la Colombie en Russie et Alfonso Soria Mendossa, directeur du D\u00e9partement europ\u00e9en du Minist\u00e8re des Affaires \u00e9trang\u00e8res de Colombie.<\/p>\n<p>Monseigneur a chaleureusement accueilli ses invit\u00e9s. Il a constat\u00e9 que la Colombie occupait une place importante dans la politique \u00e9trang\u00e8re de l\u2019\u00c9glise orthodoxe russe sur le continent sud-am\u00e9ricain. Le pr\u00e9sident du D\u00e9partement des relations ext\u00e9rieures a not\u00e9 avec satisfaction l\u2019ample participation de l\u2019\u00c9glise catholique de Colombie \u00e0 la vie sociale du pays.<\/p>\n<p>Le m\u00e9tropolite Hilarion a attir\u00e9 l\u2019attention sur le fait que le travail de l\u2019\u00c9glise orthodoxe russe en Am\u00e9rique latine consistait principalement dans le suivi pastoral des ressortissants russes, ukrainiens, bi\u00e9lorusses, moldaves ou venant d\u2019autres pays confi\u00e9s \u00e0 la responsabilit\u00e9 spirituelle du Patriarcat de Moscou. Il a \u00e9voqu\u00e9 la situation de la communaut\u00e9 russophone orthodoxe de Colombie, qui compte plusieurs milliers de fid\u00e8les.<\/p>\n<p>De son c\u00f4t\u00e9, P. <a href=\"http:\/\/www.cancilleria.gov.co\/wps\/portal\/espanol\/%21ut\/p\/c1\/04_SB8K8xLLM9MSSzPy8xBz9CP0os_jQsKAwo2AXYwN3Vx8nA08zNz9LEwNLYwNHI6B8JJK8v2-QqYFRmI9ZoJersRFQJQHdfh75uan6BbkR5QCQOuM7\/dl2\/d1\/L2dJQSEvUUt3QS9ZQnB3LzZfVVZSVjJTRDMwMDhSQzBJTTBISDdBUjNHOTM%21\/?WCM_GLOBAL_CONTEXT=\/wps\/wcm\/connect\/WCM_MRE\/ministerio\/ministro\/perfil+viceministerio+de+asuntos+multilaterales\">Londo\u00f1o Jaramillo<\/a> a remerci\u00e9 le pr\u00e9sident du D\u00e9partement de son accueil. La diplomate a parl\u00e9 \u00e0 son tour de la situation religieuse en Colombie. Selon elle, la soci\u00e9t\u00e9 colombienne est tol\u00e9rante envers les religions. Le vice-ministre des Affaires \u00e9trang\u00e8res de la R\u00e9publique de Colombie a \u00e9mis le v\u0153u d\u2019un \u00e9largissement de la pr\u00e9sence de l\u2019\u00c9glise orthodoxe russe dans son pays.<\/p>\n<p><a href=\"http:\/\/www.cancilleria.gov.co\/wps\/portal\/espanol\/%21ut\/p\/c1\/04_SB8K8xLLM9MSSzPy8xBz9CP0os_jQsKAwo2AXYwN3Vx8nA08zNz9LEwNLYwNHI6B8JJK8v2-QqYFRmI9ZoJersRFQJQHdfh75uan6BbkR5QCQOuM7\/dl2\/d1\/L2dJQSEvUUt3QS9ZQnB3LzZfVVZSVjJTRDMwMDhSQzBJTTBISDdBUjNHOTM%21\/?WCM_GLOBAL_CONTEXT=\/wps\/wcm\/connect\/WCM_MRE\/ministerio\/ministro\/perfil+viceministerio+de+asuntos+multilaterales\">Patti Londo\u00f1o Jaramillo<\/a> a invit\u00e9 le pr\u00e9sident du D\u00e9partement des relations ext\u00e9rieures \u00e0 visiter la Colombie, invitation cordialement accept\u00e9e.<\/p>\n<p>A l\u2019issue de la rencontre, les parties en pr\u00e9sence ont proc\u00e9d\u00e9 \u00e0 l\u2019\u00e9change de cadeaux.<\/p>\n<p><\/p>","protected":false},"excerpt":{"rendered":"<p>Le 11 mars 2011, au D\u00e9partement des relations ext\u00e9rieures du Patriarcat de Moscou, a eu lieu la rencontre du m\u00e9tropolite Hilarion de Volokolamsk, pr\u00e9sident du D\u00e9partement, avec Patti Londo\u00f1o Jaramillo, vice-ministre des Affaires \u00e9trang\u00e8res de la R\u00e9publique de Colombie.<\/p>\n","protected":false},"author":10,"featured_media":0,"comment_status":"closed","ping_status":"closed","sticky":false,"template":"","format":"standard","meta":[],"categories":[16,1,12],"tags":[],"_links":{"self":[{"href":"https:\/\/old.mospat.ru\/fr\/wp-json\/wp\/v2\/posts\/37691"}],"collection":[{"href":"https:\/\/old.mospat.ru\/fr\/wp-json\/wp\/v2\/posts"}],"about":[{"href":"https:\/\/old.mospat.ru\/fr\/wp-json\/wp\/v2\/types\/post"}],"author":[{"embeddable":true,"href":"https:\/\/old.mospat.ru\/fr\/wp-json\/wp\/v2\/users\/10"}],"replies":[{"embeddable":true,"href":"https:\/\/old.mospat.ru\/fr\/wp-json\/wp\/v2\/comments?post=37691"}],"version-history":[{"count":0,"href":"https:\/\/old.mospat.ru\/fr\/wp-json\/wp\/v2\/posts\/37691\/revisions"}],"wp:attachment":[{"href":"https:\/\/old.mospat.ru\/fr\/wp-json\/wp\/v2\/media?parent=37691"}],"wp:term":[{"taxonomy":"category","embeddable":true,"href":"https:\/\/old.mospat.ru\/fr\/wp-json\/wp\/v2\/categories?post=37691"},{"taxonomy":"post_tag","embeddable":true,"href":"https:\/\/old.mospat.ru\/fr\/wp-json\/wp\/v2\/tags?post=37691"}],"curies":[{"name":"wp","href":"https:\/\/api.w.org\/{rel}","templated":true}]}}