{"id":184896,"date":"2020-06-09T22:20:00","date_gmt":"2020-06-09T19:20:00","guid":{"rendered":"https:\/\/mospat.ru\/?p=184896"},"modified":"2020-06-19T13:15:17","modified_gmt":"2020-06-19T10:15:17","slug":"%d1%81%d0%b2%d1%8f%d1%82%d0%b5%d0%b9%d1%88%d0%b8%d0%b9-%d0%bf%d0%b0%d1%82%d1%80%d0%b8%d0%b0%d1%80%d1%85-%d1%81%d0%b5%d1%80%d0%b1%d1%81%d0%ba%d0%b8%d0%b9-%d0%b8%d1%80%d0%b8%d0%bd%d0%b5%d0%b9-%d1%81-5","status":"publish","type":"post","link":"https:\/\/old.mospat.ru\/fr\/2020\/06\/09\/news184896\/","title":{"rendered":"Sa Saintet\u00e9 le patriarche Ir\u00e9n\u00e9e de Serbie a c\u00e9l\u00e9br\u00e9 la Liturgie \u00e0 la repr\u00e9sentation de l\u2019\u00c9glise orthodoxe russe \u00e0 Belgrade"},"content":{"rendered":"<p>\n\t\t<div id='gallery-4' class='gallery galleryid-184896 gallery-columns-3 gallery-size-thumbnail'>\n\t\t<div class='carousel-wrapper'>\n\t\t\t<div id='carousel-4' class='gallery-carousel'>\n\t\t\t\t<a href=\"https:\/\/old.mospat.ru\/wp-content\/uploads\/2020\/06\/DSTL3160.jpg\" id=\"slide_item_400\" class=\"slide fancybox\" rel=\"gallery1\"><img src=\"https:\/\/old.mospat.ru\/wp-content\/uploads\/timthumb.php?src=https:\/\/old.mospat.ru\/wp-content\/uploads\/2020\/06\/DSTL3160.jpg&w=632&h=380&q=95\" width=\"632\" height=\"380\"><\/a><a href=\"https:\/\/old.mospat.ru\/wp-content\/uploads\/2020\/06\/DSTL3180.jpg\" id=\"slide_item_401\" class=\"slide fancybox\" rel=\"gallery1\"><img src=\"https:\/\/old.mospat.ru\/wp-content\/uploads\/timthumb.php?src=https:\/\/old.mospat.ru\/wp-content\/uploads\/2020\/06\/DSTL3180.jpg&w=632&h=380&q=95\" width=\"632\" height=\"380\"><\/a><a href=\"https:\/\/old.mospat.ru\/wp-content\/uploads\/2020\/06\/DSTL3209.jpg\" id=\"slide_item_402\" class=\"slide fancybox\" rel=\"gallery1\"><img src=\"https:\/\/old.mospat.ru\/wp-content\/uploads\/timthumb.php?src=https:\/\/old.mospat.ru\/wp-content\/uploads\/2020\/06\/DSTL3209.jpg&w=632&h=380&q=95\" width=\"632\" height=\"380\"><\/a><a href=\"https:\/\/old.mospat.ru\/wp-content\/uploads\/2020\/06\/DSTL3257.jpg\" id=\"slide_item_403\" class=\"slide fancybox\" rel=\"gallery1\"><img src=\"https:\/\/old.mospat.ru\/wp-content\/uploads\/timthumb.php?src=https:\/\/old.mospat.ru\/wp-content\/uploads\/2020\/06\/DSTL3257.jpg&w=632&h=380&q=95\" width=\"632\" height=\"380\"><\/a><a href=\"https:\/\/old.mospat.ru\/wp-content\/uploads\/2020\/06\/DSTL3260.jpg\" id=\"slide_item_404\" class=\"slide fancybox\" rel=\"gallery1\"><img src=\"https:\/\/old.mospat.ru\/wp-content\/uploads\/timthumb.php?src=https:\/\/old.mospat.ru\/wp-content\/uploads\/2020\/06\/DSTL3260.jpg&w=632&h=380&q=95\" width=\"632\" height=\"380\"><\/a><a href=\"https:\/\/old.mospat.ru\/wp-content\/uploads\/2020\/06\/IMG_3556.jpg\" id=\"slide_item_405\" class=\"slide fancybox\" rel=\"gallery1\"><img src=\"https:\/\/old.mospat.ru\/wp-content\/uploads\/timthumb.php?src=https:\/\/old.mospat.ru\/wp-content\/uploads\/2020\/06\/IMG_3556.jpg&w=632&h=380&q=95\" width=\"632\" height=\"380\"><\/a><a href=\"https:\/\/old.mospat.ru\/wp-content\/uploads\/2020\/06\/IMG_3949.jpg\" id=\"slide_item_406\" class=\"slide fancybox\" rel=\"gallery1\"><img src=\"https:\/\/old.mospat.ru\/wp-content\/uploads\/timthumb.php?src=https:\/\/old.mospat.ru\/wp-content\/uploads\/2020\/06\/IMG_3949.jpg&w=632&h=380&q=95\" width=\"632\" height=\"380\"><\/a><a href=\"https:\/\/old.mospat.ru\/wp-content\/uploads\/2020\/06\/IMG_4032.jpg\" id=\"slide_item_407\" class=\"slide fancybox\" rel=\"gallery1\"><img src=\"https:\/\/old.mospat.ru\/wp-content\/uploads\/timthumb.php?src=https:\/\/old.mospat.ru\/wp-content\/uploads\/2020\/06\/IMG_4032.jpg&w=632&h=380&q=95\" width=\"632\" height=\"380\"><\/a>\n\t\t\t<\/div>\n\t\t<\/div>\n\t\t<div class='thumbs-wrapper'>\n\t\t\t<div id='thumbs-4' class='gallery-thumbs'>\n\t\t\t\t<a href=\"#slide_item_400\"><img src=\"https:\/\/old.mospat.ru\/wp-content\/uploads\/timthumb.php?src=https:\/\/old.mospat.ru\/wp-content\/uploads\/2020\/06\/DSTL3160.jpg&w=150&h=100&q=95\"><\/a><a href=\"#slide_item_401\"><img src=\"https:\/\/old.mospat.ru\/wp-content\/uploads\/timthumb.php?src=https:\/\/old.mospat.ru\/wp-content\/uploads\/2020\/06\/DSTL3180.jpg&w=150&h=100&q=95\"><\/a><a href=\"#slide_item_402\"><img src=\"https:\/\/old.mospat.ru\/wp-content\/uploads\/timthumb.php?src=https:\/\/old.mospat.ru\/wp-content\/uploads\/2020\/06\/DSTL3209.jpg&w=150&h=100&q=95\"><\/a><a href=\"#slide_item_403\"><img src=\"https:\/\/old.mospat.ru\/wp-content\/uploads\/timthumb.php?src=https:\/\/old.mospat.ru\/wp-content\/uploads\/2020\/06\/DSTL3257.jpg&w=150&h=100&q=95\"><\/a><a href=\"#slide_item_404\"><img src=\"https:\/\/old.mospat.ru\/wp-content\/uploads\/timthumb.php?src=https:\/\/old.mospat.ru\/wp-content\/uploads\/2020\/06\/DSTL3260.jpg&w=150&h=100&q=95\"><\/a><a href=\"#slide_item_405\"><img src=\"https:\/\/old.mospat.ru\/wp-content\/uploads\/timthumb.php?src=https:\/\/old.mospat.ru\/wp-content\/uploads\/2020\/06\/IMG_3556.jpg&w=150&h=100&q=95\"><\/a><a href=\"#slide_item_406\"><img src=\"https:\/\/old.mospat.ru\/wp-content\/uploads\/timthumb.php?src=https:\/\/old.mospat.ru\/wp-content\/uploads\/2020\/06\/IMG_3949.jpg&w=150&h=100&q=95\"><\/a><a href=\"#slide_item_407\"><img src=\"https:\/\/old.mospat.ru\/wp-content\/uploads\/timthumb.php?src=https:\/\/old.mospat.ru\/wp-content\/uploads\/2020\/06\/IMG_4032.jpg&w=150&h=100&q=95\"><\/a>\n\t\t\t<\/div>\n\t\t\t<a id='prev-4' class='gallery-thumbs-prev' href='#'><i class='icon-angle-circled-left'><\/i><\/a>\n\t\t\t<a id='next-4' class='gallery-thumbs-next' href='#'><i class='icon-angle-circled-right'><\/i><\/a>\n\t\t<\/div>\n\t<\/div><br \/>\nLe 8 juin 2020, f\u00eate de l\u2019Esprit-Saint, le m\u00e9tochion de l\u2019\u00c9glise orthodoxe russe \u00e0 Belgrade (Serbie) c\u00e9l\u00e9brait sa f\u00eate patronale. Le patriarche Ir\u00e9n\u00e9e de Serbie a pr\u00e9sid\u00e9 la c\u00e9l\u00e9bration de la Divine liturgie. Sa Saintet\u00e9 conc\u00e9l\u00e9brait avec le recteur du m\u00e9tochion, l\u2019archipr\u00eatre Vitali Tarassiev, et avec des clercs de Belgrade.<\/p>\n<p>Le ministre des technologies d\u2019innovation du gouvernement serbe, M. Nenad Popovi\u010d, le chef de la Direction charg\u00e9e de l\u2019interaction avec les \u00c9glises et les associations religieuses, Mileta Radoevi\u010d, le conseiller de l\u2019Ambassade de Russie en Serbie, D. Kouznedeliev, l\u2019acad\u00e9micien Dimitri Stefanovitch et les paroissiens de l\u2019\u00e9glise, assistaient \u00e0 l\u2019office.<\/p>\n<p>Apr\u00e8s la Divine liturgie, l\u2019archipr\u00eatre Vitali Tarassiev a prononc\u00e9 un discours d\u2019accueil, remerciant le patriarche Ir\u00e9n\u00e9e d\u2019avoir pr\u00e9sid\u00e9 la c\u00e9l\u00e9bration. Il a soulign\u00e9 l\u2019importance des liens fraternels entre les \u00c9glises orthodoxes russe et serbe, dont l\u2019anciennet\u00e9 remonte \u00e0 saint Sabas de Serbie, qui fut tonsur\u00e9 au Russikon du Mont Athos. Il a aussi soulign\u00e9 l\u2019importance des efforts communs des deux \u00c9glises pour l\u2019unit\u00e9 de l\u2019Orthodoxie, s\u2019arr\u00eatant plus particuli\u00e8rement au probl\u00e8me de la sauvegarde des sanctuaires orthodoxes au Kosovo et en M\u00e9tochie.<\/p>\n<p>En m\u00e9moire de cette f\u00eate, le recteur du m\u00e9tochion a offert \u00e0 sa Saintet\u00e9 le patriarche Ir\u00e9n\u00e9e une ic\u00f4ne de la Vierge de De\u010dani, mentionnant que l\u2019exemple de la vie de l\u2019archimandrite Th\u00e9odose (Melnik), qui fut un temps assistant du m\u00e9tropolite Antoine (Khrapovitski), \u00e9tait encore un t\u00e9moignage des profonds liens spirituels entre les peuples dont les \u00c9glises russe et serbe ont la charge pastorale. L\u2019archimandrite Th\u00e9odose fut, jusqu\u2019\u00e0 sa mort, en 1957, recteur du monast\u00e8re de Visoki De\u010dani.<\/p>\n<p>Le primat de l\u2019\u00c9glise orthodoxe serbe s\u2019est ensuite exprim\u00e9. Apr\u00e8s avoir souhait\u00e9 une bonne f\u00eate \u00e0 l\u2019assistance, il a constat\u00e9 que l\u2019\u00c9glise, au cours de son histoire, avait travers\u00e9 de nombreuses \u00e9preuves, mais en \u00e9tait sortie plus forte. Le patriarche Ir\u00e9n\u00e9e a mentionn\u00e9 les terribles pers\u00e9cutions par lesquelles est pass\u00e9e l\u2019\u00c9glise orthodoxe russe au XX<sup>e<\/sup> si\u00e8cle. Il a aussi parl\u00e9 des liens spirituels entre les peuples russe et serbe, de l\u2019aide accord\u00e9e par la Russie \u00e0 l\u2019\u00c9glise serbe \u00e0 diff\u00e9rentes \u00e9poques. Parlant des \u00e9preuves que traverse le Patriarcat serbe actuellement, il a, notamment, \u00e9voqu\u00e9 la situation difficile au Mont\u00e9n\u00e9gro, soulignant qu\u2019il \u00e9tait n\u00e9cessaire de tout faire pour pr\u00e9server les sanctuaires antiques au Kosovo.<\/p>\n<p>Apr\u00e8s l\u2019office, une r\u00e9ception a \u00e9t\u00e9 donn\u00e9e \u00e0 la salle de la chancellerie du m\u00e9tochion.<\/p>","protected":false},"excerpt":{"rendered":"<p>Le 8 juin 2020, f\u00eate de l\u2019Esprit-Saint, le m\u00e9tochion de l\u2019\u00c9glise orthodoxe russe \u00e0 Belgrade (Serbie) c\u00e9l\u00e9brait sa f\u00eate patronale. Le patriarche Ir\u00e9n\u00e9e de Serbie a pr\u00e9sid\u00e9 la c\u00e9l\u00e9bration de la Divine liturgie. Sa Saintet\u00e9 conc\u00e9l\u00e9brait avec le recteur du m\u00e9tochion, l\u2019archipr\u00eatre Vitali Tarassiev, et avec des clercs de Belgrade.<\/p>\n","protected":false},"author":7,"featured_media":184903,"comment_status":"closed","ping_status":"closed","sticky":false,"template":"","format":"standard","meta":[],"categories":[9,1],"tags":[],"_links":{"self":[{"href":"https:\/\/old.mospat.ru\/fr\/wp-json\/wp\/v2\/posts\/184896"}],"collection":[{"href":"https:\/\/old.mospat.ru\/fr\/wp-json\/wp\/v2\/posts"}],"about":[{"href":"https:\/\/old.mospat.ru\/fr\/wp-json\/wp\/v2\/types\/post"}],"author":[{"embeddable":true,"href":"https:\/\/old.mospat.ru\/fr\/wp-json\/wp\/v2\/users\/7"}],"replies":[{"embeddable":true,"href":"https:\/\/old.mospat.ru\/fr\/wp-json\/wp\/v2\/comments?post=184896"}],"version-history":[{"count":0,"href":"https:\/\/old.mospat.ru\/fr\/wp-json\/wp\/v2\/posts\/184896\/revisions"}],"wp:featuredmedia":[{"embeddable":true,"href":"https:\/\/old.mospat.ru\/fr\/wp-json\/wp\/v2\/media\/184903"}],"wp:attachment":[{"href":"https:\/\/old.mospat.ru\/fr\/wp-json\/wp\/v2\/media?parent=184896"}],"wp:term":[{"taxonomy":"category","embeddable":true,"href":"https:\/\/old.mospat.ru\/fr\/wp-json\/wp\/v2\/categories?post=184896"},{"taxonomy":"post_tag","embeddable":true,"href":"https:\/\/old.mospat.ru\/fr\/wp-json\/wp\/v2\/tags?post=184896"}],"curies":[{"name":"wp","href":"https:\/\/api.w.org\/{rel}","templated":true}]}}