{"id":182972,"date":"2020-02-16T14:24:52","date_gmt":"2020-02-16T11:24:52","guid":{"rendered":"https:\/\/mospat.ru\/?p=182972"},"modified":"2020-02-18T12:11:06","modified_gmt":"2020-02-18T09:11:06","slug":"%d0%bf%d0%b0%d0%bb%d0%be%d0%bc%d0%bd%d0%b8%d0%ba%d0%b8-%d0%b8%d0%b7-%d0%bb%d0%b8%d0%b2%d0%b0%d0%bd%d0%b0-%d0%bf%d0%be%d1%81%d0%b5%d1%82%d0%b8%d0%bb%d0%b8-%d0%b4%d0%b0%d0%bc%d0%b0%d1%81%d0%ba","status":"publish","type":"post","link":"https:\/\/old.mospat.ru\/fr\/2020\/02\/16\/news182972\/","title":{"rendered":"Des p\u00e8lerins du Liban en visite \u00e0 Damas"},"content":{"rendered":"<p>\n\t\t<div id='gallery-4' class='gallery galleryid-182972 gallery-columns-3 gallery-size-thumbnail'>\n\t\t<div class='carousel-wrapper'>\n\t\t\t<div id='carousel-4' class='gallery-carousel'>\n\t\t\t\t<a href=\"https:\/\/old.mospat.ru\/wp-content\/uploads\/2020\/02\/787748f7-d86a-4414-86d7-3d592c6b4c61.jpeg\" id=\"slide_item_400\" class=\"slide fancybox\" rel=\"gallery1\"><img src=\"https:\/\/old.mospat.ru\/wp-content\/uploads\/timthumb.php?src=https:\/\/old.mospat.ru\/wp-content\/uploads\/2020\/02\/787748f7-d86a-4414-86d7-3d592c6b4c61.jpeg&w=632&h=380&q=95\" width=\"632\" height=\"380\"><\/a><a href=\"https:\/\/old.mospat.ru\/wp-content\/uploads\/2020\/02\/9187fa86-855f-48e4-8b31-df686243924c.jpeg\" id=\"slide_item_401\" class=\"slide fancybox\" rel=\"gallery1\"><img src=\"https:\/\/old.mospat.ru\/wp-content\/uploads\/timthumb.php?src=https:\/\/old.mospat.ru\/wp-content\/uploads\/2020\/02\/9187fa86-855f-48e4-8b31-df686243924c.jpeg&w=632&h=380&q=95\" width=\"632\" height=\"380\"><\/a>\n\t\t\t<\/div>\n\t\t<\/div>\n\t\t<div class='thumbs-wrapper'>\n\t\t\t<div id='thumbs-4' class='gallery-thumbs'>\n\t\t\t\t<a href=\"#slide_item_400\"><img src=\"https:\/\/old.mospat.ru\/wp-content\/uploads\/timthumb.php?src=https:\/\/old.mospat.ru\/wp-content\/uploads\/2020\/02\/787748f7-d86a-4414-86d7-3d592c6b4c61.jpeg&w=150&h=100&q=95\"><\/a><a href=\"#slide_item_401\"><img src=\"https:\/\/old.mospat.ru\/wp-content\/uploads\/timthumb.php?src=https:\/\/old.mospat.ru\/wp-content\/uploads\/2020\/02\/9187fa86-855f-48e4-8b31-df686243924c.jpeg&w=150&h=100&q=95\"><\/a>\n\t\t\t<\/div>\n\t\t\t<a id='prev-4' class='gallery-thumbs-prev' href='#'><i class='icon-angle-circled-left'><\/i><\/a>\n\t\t\t<a id='next-4' class='gallery-thumbs-next' href='#'><i class='icon-angle-circled-right'><\/i><\/a>\n\t\t<\/div>\n\t<\/div><br \/>\nLe 15 f\u00e9vrier 2020, la Repr\u00e9sentation de l\u2019\u00c9glise orthodoxe russe \u00e0 Damas a f\u00eat\u00e9 la Sainte Rencontre du Seigneur. A cette occasion, de nombreux p\u00e8lerins orthodoxes libanais, conduits par l\u2019archimandrite Philippe (Vassiltsev), recteur du m\u00e9tochion du Patriarcat de Moscou \u00e0 Beyrouth, sont venus participer \u00e0 l\u2019office solennel c\u00e9l\u00e9br\u00e9 dans la capitale syrienne.<\/p>\n<p>L\u2019higoum\u00e8ne Ars\u00e8ne (Sokolov), repr\u00e9sentant du patriarche de Moscou et de toute la Russie aupr\u00e8s du patriarche d\u2019Antioche la Grande et de tout l\u2019Orient a conc\u00e9l\u00e9br\u00e9 la Divine liturgie avec l\u2019archimandrite Philippe \u00e0 l\u2019oratoire de la Repr\u00e9sentation.<\/p>\n<p>Apr\u00e8s la lecture de l\u2019\u00c9vangile, l\u2019archimandrite Philippe a prononc\u00e9 une hom\u00e9lie.<\/p>\n<p>A la fin de la liturgie, l\u2019higoum\u00e8ne Ars\u00e8ne a lu le message de Sa Saintet\u00e9 le patriarche Cyrille de Moscou et de toute la Russie pour la Journ\u00e9e de la jeunesse orthodoxe. Ensuite, le p\u00e8re Ars\u00e8ne a souhait\u00e9 la bienvenue \u00e0 ses h\u00f4tes. En souvenir de cet office, il a offert \u00e0 l\u2019archimandrite Philippe une ic\u00f4ne de la M\u00e8re de Dieu peinte en Syrie.<\/p>\n<p>L\u2019ambassadeur extraordinaire et pl\u00e9nipotentiaire de Russie en Syrie, A. Efimov, et les paroissiens de la Repr\u00e9sentation, fid\u00e8les de l\u2019\u00c9glise orthodoxe russe r\u00e9sidant \u00e0 Damas, assistaient aussi \u00e0 la Liturgie.<\/p>\n<p>Ensuite, l\u2019assistance s\u2019est r\u00e9unie \u00e0 la salle de r\u00e9ception de la Repr\u00e9sentation pour des agapes festives, pr\u00e9par\u00e9es par l\u2019\u00e9conome, Z. I. Kolpakova, apr\u00e8s quoi les p\u00e8lerins libanais, accompagn\u00e9s de l\u2019higoum\u00e8ne Ars\u00e8ne, ont visit\u00e9 la \u00ab\u00a0Via recta\u00a0\u00bb (cf Ac 9,11) et la maison d\u2019Ananias, qui baptisa saint Paul, hauts lieux chr\u00e9tiens situ\u00e9s dans la vieille ville de Damas, ainsi que la cath\u00e9drale de l\u2019\u00c9glise orthodoxe d\u2019Antioche.<\/p>\n<p>Le soir, les p\u00e8lerins et l\u2019archimandrite Philippe sont rentr\u00e9s au Liban.<\/p>","protected":false},"excerpt":{"rendered":"<p>Le 15 f\u00e9vrier 2020, la Repr\u00e9sentation de l\u2019\u00c9glise orthodoxe russe \u00e0 Damas a f\u00eat\u00e9 la Sainte Rencontre du Seigneur. A cette occasion, de nombreux p\u00e8lerins orthodoxes libanais, conduits par l\u2019archimandrite Philippe (Vassiltsev), recteur du m\u00e9tochion du Patriarcat de Moscou \u00e0 Beyrouth, sont venus participer \u00e0 l\u2019office solennel c\u00e9l\u00e9br\u00e9 dans la capitale syrienne.<\/p>\n","protected":false},"author":17,"featured_media":182975,"comment_status":"closed","ping_status":"closed","sticky":false,"template":"","format":"standard","meta":[],"categories":[1],"tags":[],"_links":{"self":[{"href":"https:\/\/old.mospat.ru\/fr\/wp-json\/wp\/v2\/posts\/182972"}],"collection":[{"href":"https:\/\/old.mospat.ru\/fr\/wp-json\/wp\/v2\/posts"}],"about":[{"href":"https:\/\/old.mospat.ru\/fr\/wp-json\/wp\/v2\/types\/post"}],"author":[{"embeddable":true,"href":"https:\/\/old.mospat.ru\/fr\/wp-json\/wp\/v2\/users\/17"}],"replies":[{"embeddable":true,"href":"https:\/\/old.mospat.ru\/fr\/wp-json\/wp\/v2\/comments?post=182972"}],"version-history":[{"count":0,"href":"https:\/\/old.mospat.ru\/fr\/wp-json\/wp\/v2\/posts\/182972\/revisions"}],"wp:featuredmedia":[{"embeddable":true,"href":"https:\/\/old.mospat.ru\/fr\/wp-json\/wp\/v2\/media\/182975"}],"wp:attachment":[{"href":"https:\/\/old.mospat.ru\/fr\/wp-json\/wp\/v2\/media?parent=182972"}],"wp:term":[{"taxonomy":"category","embeddable":true,"href":"https:\/\/old.mospat.ru\/fr\/wp-json\/wp\/v2\/categories?post=182972"},{"taxonomy":"post_tag","embeddable":true,"href":"https:\/\/old.mospat.ru\/fr\/wp-json\/wp\/v2\/tags?post=182972"}],"curies":[{"name":"wp","href":"https:\/\/api.w.org\/{rel}","templated":true}]}}