{"id":178173,"date":"2019-09-28T17:07:56","date_gmt":"2019-09-28T14:07:56","guid":{"rendered":"https:\/\/mospat.ru\/?p=178173"},"modified":"2019-10-03T16:00:39","modified_gmt":"2019-10-03T13:00:39","slug":"%d0%b0%d0%b1%d1%81%d0%be%d0%bb%d1%8e%d1%82%d0%bd%d0%be%d0%b5-%d0%b1%d0%be%d0%bb%d1%8c%d1%88%d0%b8%d0%bd%d1%81%d1%82%d0%b2%d0%be-%d0%ba%d0%bb%d0%b8%d1%80%d0%b8%d0%ba%d0%be%d0%b2-%d0%b0%d1%80%d1%85","status":"publish","type":"post","link":"https:\/\/old.mospat.ru\/fr\/2019\/09\/28\/news178173\/","title":{"rendered":"La majorit\u00e9 absolue des clercs de l\u2019Archev\u00each\u00e9 des \u00e9glises de tradition russe en Europe occidentale a rejoint l\u2019\u00c9glise orthodoxe russe"},"content":{"rendered":"<p>Lors de l\u2019Assembl\u00e9e du clerg\u00e9, qui s\u2019est tenue \u00e0 Paris le 28 septembre 2019, la majorit\u00e9 absolue des clercs de l\u2019Archev\u00each\u00e9 des \u00e9glises de tradition russe en Europe occidentale a suivi l\u2019exemple de l\u2019archev\u00eaque Jean de Doubna, et rejoint l\u2019\u00c9glise orthodoxe russe.<\/p>\n<p>L\u2019assembl\u00e9e a adopt\u00e9 une demande de rattachement, adress\u00e9e \u00e0 Sa Saintet\u00e9 le patriarche Cyrille de Moscou et de toute la Russie.<\/p>\n<p>Le Saint-Synode de l\u2019\u00c9glise orthodoxe russe rendra sa d\u00e9cision sur la demande de l\u2019archev\u00eaque et des clercs de l\u2019Archev\u00each\u00e9 des \u00e9glises de tradition russe en Europe occidentale lors de sa prochaine s\u00e9ance.<\/p>\n<p><em>Le 14 septembre 2019, le Saint-Synode, ayant admis l\u2019archev\u00eaque Jean (Renneteau) dans la juridiction du Patriarcat de Moscou avec le titre de \u00ab\u00a0de Doubna\u00a0\u00bb, ainsi que tous les clercs et les paroisses relevant de sa direction qui en exprimeraient le d\u00e9sir, a d\u00e9cr\u00e9t\u00e9\u00a0: \u00ab\u00a0<\/em><em>Apr\u00e8s r\u00e9ception de la lettre de l\u2019assembl\u00e9e des repr\u00e9sentants de ces paroisses, revenir sur l\u2019organisation canonique de ces paroisses en se basant sur les sp\u00e9cificit\u00e9s historiques du fonctionnement dioc\u00e9sain et paroissial ainsi que sur les sp\u00e9cificit\u00e9s pastorales et liturgiques \u00e9tablies par le m\u00e9tropolite Euloge, qui tenait compte des particularit\u00e9s de ces paroisses en Europe Occidentale.\u00a0\u00bb<\/em><\/p>","protected":false},"excerpt":{"rendered":"<p>Lors de l\u2019Assembl\u00e9e du clerg\u00e9, qui s\u2019est tenue \u00e0 Paris le 28 septembre 2019, la majorit\u00e9 absolue des clercs de l\u2019Archev\u00each\u00e9 des \u00e9glises de tradition russe en Europe occidentale a suivi l\u2019exemple de l\u2019archev\u00eaque Jean de Doubna, et rejoint l\u2019\u00c9glise orthodoxe russe.<\/p>\n","protected":false},"author":15,"featured_media":178176,"comment_status":"closed","ping_status":"closed","sticky":false,"template":"","format":"standard","meta":[],"categories":[1],"tags":[],"_links":{"self":[{"href":"https:\/\/old.mospat.ru\/fr\/wp-json\/wp\/v2\/posts\/178173"}],"collection":[{"href":"https:\/\/old.mospat.ru\/fr\/wp-json\/wp\/v2\/posts"}],"about":[{"href":"https:\/\/old.mospat.ru\/fr\/wp-json\/wp\/v2\/types\/post"}],"author":[{"embeddable":true,"href":"https:\/\/old.mospat.ru\/fr\/wp-json\/wp\/v2\/users\/15"}],"replies":[{"embeddable":true,"href":"https:\/\/old.mospat.ru\/fr\/wp-json\/wp\/v2\/comments?post=178173"}],"version-history":[{"count":0,"href":"https:\/\/old.mospat.ru\/fr\/wp-json\/wp\/v2\/posts\/178173\/revisions"}],"wp:featuredmedia":[{"embeddable":true,"href":"https:\/\/old.mospat.ru\/fr\/wp-json\/wp\/v2\/media\/178176"}],"wp:attachment":[{"href":"https:\/\/old.mospat.ru\/fr\/wp-json\/wp\/v2\/media?parent=178173"}],"wp:term":[{"taxonomy":"category","embeddable":true,"href":"https:\/\/old.mospat.ru\/fr\/wp-json\/wp\/v2\/categories?post=178173"},{"taxonomy":"post_tag","embeddable":true,"href":"https:\/\/old.mospat.ru\/fr\/wp-json\/wp\/v2\/tags?post=178173"}],"curies":[{"name":"wp","href":"https:\/\/api.w.org\/{rel}","templated":true}]}}