{"id":177437,"date":"2019-09-11T17:22:55","date_gmt":"2019-09-11T14:22:55","guid":{"rendered":"https:\/\/mospat.ru\/?p=177437"},"modified":"2019-09-12T19:51:47","modified_gmt":"2019-09-12T16:51:47","slug":"%d0%bc%d0%b8%d1%82%d1%80%d0%be%d0%bf%d0%be%d0%bb%d0%b8%d1%82-%d0%b8%d0%bb%d0%b0%d1%80%d0%b8%d0%be%d0%bd-%d0%b2%d1%81%d1%82%d1%80%d0%b5%d1%82%d0%b8%d0%bb%d1%81%d1%8f-%d1%81-%d0%b0%d1%80%d1%85%d0%b8","status":"publish","type":"post","link":"https:\/\/old.mospat.ru\/fr\/2019\/09\/11\/news177437\/","title":{"rendered":"Le m\u00e9tropolite Hilarion a rencontr\u00e9 le cardinal archev\u00eaque de Varsovie, Mgr Kazimierz Nycz"},"content":{"rendered":"<p>\n\t\t<div id='gallery-4' class='gallery galleryid-177437 gallery-columns-3 gallery-size-thumbnail'>\n\t\t<div class='carousel-wrapper'>\n\t\t\t<div id='carousel-4' class='gallery-carousel'>\n\t\t\t\t<a href=\"https:\/\/old.mospat.ru\/wp-content\/uploads\/2019\/09\/ECR_7401.jpg\" id=\"slide_item_400\" class=\"slide fancybox\" rel=\"gallery1\"><img src=\"https:\/\/old.mospat.ru\/wp-content\/uploads\/timthumb.php?src=https:\/\/old.mospat.ru\/wp-content\/uploads\/2019\/09\/ECR_7401.jpg&w=632&h=380&q=95\" width=\"632\" height=\"380\"><\/a><a href=\"https:\/\/old.mospat.ru\/wp-content\/uploads\/2019\/09\/ECR_7406.jpg\" id=\"slide_item_401\" class=\"slide fancybox\" rel=\"gallery1\"><img src=\"https:\/\/old.mospat.ru\/wp-content\/uploads\/timthumb.php?src=https:\/\/old.mospat.ru\/wp-content\/uploads\/2019\/09\/ECR_7406.jpg&w=632&h=380&q=95\" width=\"632\" height=\"380\"><\/a><a href=\"https:\/\/old.mospat.ru\/wp-content\/uploads\/2019\/09\/ECR_7409.jpg\" id=\"slide_item_402\" class=\"slide fancybox\" rel=\"gallery1\"><img src=\"https:\/\/old.mospat.ru\/wp-content\/uploads\/timthumb.php?src=https:\/\/old.mospat.ru\/wp-content\/uploads\/2019\/09\/ECR_7409.jpg&w=632&h=380&q=95\" width=\"632\" height=\"380\"><\/a>\n\t\t\t<\/div>\n\t\t<\/div>\n\t\t<div class='thumbs-wrapper'>\n\t\t\t<div id='thumbs-4' class='gallery-thumbs'>\n\t\t\t\t<a href=\"#slide_item_400\"><img src=\"https:\/\/old.mospat.ru\/wp-content\/uploads\/timthumb.php?src=https:\/\/old.mospat.ru\/wp-content\/uploads\/2019\/09\/ECR_7401.jpg&w=150&h=100&q=95\"><\/a><a href=\"#slide_item_401\"><img src=\"https:\/\/old.mospat.ru\/wp-content\/uploads\/timthumb.php?src=https:\/\/old.mospat.ru\/wp-content\/uploads\/2019\/09\/ECR_7406.jpg&w=150&h=100&q=95\"><\/a><a href=\"#slide_item_402\"><img src=\"https:\/\/old.mospat.ru\/wp-content\/uploads\/timthumb.php?src=https:\/\/old.mospat.ru\/wp-content\/uploads\/2019\/09\/ECR_7409.jpg&w=150&h=100&q=95\"><\/a>\n\t\t\t<\/div>\n\t\t\t<a id='prev-4' class='gallery-thumbs-prev' href='#'><i class='icon-angle-circled-left'><\/i><\/a>\n\t\t\t<a id='next-4' class='gallery-thumbs-next' href='#'><i class='icon-angle-circled-right'><\/i><\/a>\n\t\t<\/div>\n\t<\/div><br \/>\nLe 11 septembre 2019, le m\u00e9tropolite Hilarion de Volokolamsk, pr\u00e9sident du D\u00e9partement des relations eccl\u00e9siastiques ext\u00e9rieures du Patriarcat de Moscou, a re\u00e7u \u00e0 l\u2019Institut des Hautes-\u00c9tudes Saints-Cyrille-et-M\u00e9thode, dont il est le recteur, le cardinal Kazimierz Nycz, archev\u00eaque de Varsovie, qui effectue une visite priv\u00e9e \u00e0 Moscou.<\/p>\n<p>Prenaient part \u00e0 la rencontre\u00a0: l\u2019archev\u00eaque Celestino Migliore, nonce apostolique en F\u00e9d\u00e9ration de Russie, le pr\u00eatre Matteo Campaniaro, secr\u00e9taire du cardinal, le pr\u00eatre Vladimir Kabak, clerc de la cath\u00e9drale catholique de l\u2019Immacul\u00e9e-Conception de Moscou, en tant qu\u2019interpr\u00e8te, et le pr\u00eatre Alexis Dikarev, collaborateur du Secr\u00e9tariat du DREE aux relations interchr\u00e9tiennes.<\/p>\n<p>Mgr Hilarion a chaleureusement souhait\u00e9 la bienvenue \u00e0 son h\u00f4te, pour la seconde fois \u00e0 Moscou. Le m\u00e9tropolite est revenu sur l\u2019importance de la visite de Sa Saintet\u00e9 le patriarche Cyrille de Moscou et de toute la Russie en Pologne, en ao\u00fbt 2012, pendant laquelle Sa Saintet\u00e9 et le primat de la conf\u00e9rence des \u00e9v\u00eaques catholiques de Pologne, l\u2019archev\u00eaque J. Michalik, avaient sign\u00e9 un Message commun, adress\u00e9 aux peuples de Russie et de Pologne, les invitant \u00e0 la r\u00e9conciliation.<\/p>\n<p>Pendant l\u2019entretien, qui s\u2019est d\u00e9roul\u00e9 dans un climat de compr\u00e9hension mutuelle et de bienveillance, il a \u00e9t\u00e9 question des rapports entre l\u2019\u00c9glise et l\u2019\u00e9tat en Russie et en Pologne, notamment du probl\u00e8me de l\u2019enseignement de la religion dans les \u00e9coles publiques. Le cardinal Kazimierz Nycz a racont\u00e9 que les pr\u00eatres de l\u2019\u00c9glise catholique romaine, comme ceux de l\u2019\u00c9glise orthodoxe polonaise, avaient le droit de dispenser des cours de cat\u00e9chisme dans les \u00e9coles, bien que celles-ci soient la\u00efques. Le m\u00e9tropolite Hilarion a constat\u00e9 que les repr\u00e9sentants de l\u2019\u00c9glise orthodoxe russe \u00e9taient priv\u00e9s de cette possibilit\u00e9 en Russie depuis plus de cent ans, ce qui a des cons\u00e9quences n\u00e9fastes sur l\u2019\u00e9ducation morale de la jeunesse.<\/p>\n<p>Les interlocuteurs ont constat\u00e9 avec satisfaction l\u2019\u00e9l\u00e9vation du niveau des relations bilat\u00e9rales entre le Patriarcat de Moscou et l\u2019\u00c9glise catholique romaine, dont la rencontre historique entre le pape Fran\u00e7ois et le patrairche Cyrille, \u00e0 La Havane, le 12 f\u00e9vrier 2016, a \u00e9t\u00e9 un t\u00e9moignage fort, de m\u00eame que la venue des reliques de saint Nicolas en Russie, en mai-juillet 2017.<\/p>\n<p>Des cadeaux ont \u00e9t\u00e9 \u00e9chang\u00e9s \u00e0 la fin de la rencontre.<\/p>","protected":false},"excerpt":{"rendered":"<p>Le 11 septembre 2019, le m\u00e9tropolite Hilarion de Volokolamsk, pr\u00e9sident du D\u00e9partement des relations eccl\u00e9siastiques ext\u00e9rieures du Patriarcat de Moscou, a re\u00e7u \u00e0 l\u2019Institut des Hautes-\u00c9tudes Saints-Cyrille-et-M\u00e9thode, dont il est le recteur, le cardinal Kazimierz Nycz, archev\u00eaque de Varsovie, qui effectue une visite priv\u00e9e \u00e0 Moscou.<\/p>\n","protected":false},"author":15,"featured_media":177438,"comment_status":"closed","ping_status":"closed","sticky":false,"template":"","format":"standard","meta":[],"categories":[1],"tags":[],"_links":{"self":[{"href":"https:\/\/old.mospat.ru\/fr\/wp-json\/wp\/v2\/posts\/177437"}],"collection":[{"href":"https:\/\/old.mospat.ru\/fr\/wp-json\/wp\/v2\/posts"}],"about":[{"href":"https:\/\/old.mospat.ru\/fr\/wp-json\/wp\/v2\/types\/post"}],"author":[{"embeddable":true,"href":"https:\/\/old.mospat.ru\/fr\/wp-json\/wp\/v2\/users\/15"}],"replies":[{"embeddable":true,"href":"https:\/\/old.mospat.ru\/fr\/wp-json\/wp\/v2\/comments?post=177437"}],"version-history":[{"count":0,"href":"https:\/\/old.mospat.ru\/fr\/wp-json\/wp\/v2\/posts\/177437\/revisions"}],"wp:featuredmedia":[{"embeddable":true,"href":"https:\/\/old.mospat.ru\/fr\/wp-json\/wp\/v2\/media\/177438"}],"wp:attachment":[{"href":"https:\/\/old.mospat.ru\/fr\/wp-json\/wp\/v2\/media?parent=177437"}],"wp:term":[{"taxonomy":"category","embeddable":true,"href":"https:\/\/old.mospat.ru\/fr\/wp-json\/wp\/v2\/categories?post=177437"},{"taxonomy":"post_tag","embeddable":true,"href":"https:\/\/old.mospat.ru\/fr\/wp-json\/wp\/v2\/tags?post=177437"}],"curies":[{"name":"wp","href":"https:\/\/api.w.org\/{rel}","templated":true}]}}