{"id":160792,"date":"2018-06-07T21:46:16","date_gmt":"2018-06-07T18:46:16","guid":{"rendered":"https:\/\/mospat.ru\/?p=160792"},"modified":"2018-06-08T18:07:21","modified_gmt":"2018-06-08T15:07:21","slug":"%d0%b0%d1%80%d1%85%d0%b8%d0%b5%d0%bf%d0%b8%d1%81%d0%ba%d0%be%d0%bf-%d1%81%d0%be%d0%bb%d0%bd%d0%b5%d1%87%d0%bd%d0%be%d0%b3%d0%be%d1%80%d1%81%d0%ba%d0%b8%d0%b9-%d1%81%d0%b5%d1%80%d0%b3%d0%b8%d0%b9-3","status":"publish","type":"post","link":"https:\/\/old.mospat.ru\/fr\/2018\/06\/07\/news160792\/","title":{"rendered":"L\u2019archev\u00eaque Serge de Solnetchnogorsk a rencontr\u00e9 l\u2019ambassadeur de Cor\u00e9e du Sud en Russie"},"content":{"rendered":"<p>\n\t\t<div id='gallery-3' class='gallery galleryid-160792 gallery-columns-3 gallery-size-thumbnail'>\n\t\t<div class='carousel-wrapper'>\n\t\t\t<div id='carousel-3' class='gallery-carousel'>\n\t\t\t\t<a href=\"https:\/\/old.mospat.ru\/wp-content\/uploads\/2018\/06\/IMG_8596.jpg\" id=\"slide_item_300\" class=\"slide fancybox\" rel=\"gallery1\"><img src=\"https:\/\/old.mospat.ru\/wp-content\/uploads\/timthumb.php?src=https:\/\/old.mospat.ru\/wp-content\/uploads\/2018\/06\/IMG_8596.jpg&w=632&h=380&q=95\" width=\"632\" height=\"380\"><\/a><a href=\"https:\/\/old.mospat.ru\/wp-content\/uploads\/2018\/06\/IMG_8599.jpg\" id=\"slide_item_301\" class=\"slide fancybox\" rel=\"gallery1\"><img src=\"https:\/\/old.mospat.ru\/wp-content\/uploads\/timthumb.php?src=https:\/\/old.mospat.ru\/wp-content\/uploads\/2018\/06\/IMG_8599.jpg&w=632&h=380&q=95\" width=\"632\" height=\"380\"><\/a>\n\t\t\t<\/div>\n\t\t<\/div>\n\t\t<div class='thumbs-wrapper'>\n\t\t\t<div id='thumbs-3' class='gallery-thumbs'>\n\t\t\t\t<a href=\"#slide_item_300\"><img src=\"https:\/\/old.mospat.ru\/wp-content\/uploads\/timthumb.php?src=https:\/\/old.mospat.ru\/wp-content\/uploads\/2018\/06\/IMG_8596.jpg&w=150&h=100&q=95\"><\/a><a href=\"#slide_item_301\"><img src=\"https:\/\/old.mospat.ru\/wp-content\/uploads\/timthumb.php?src=https:\/\/old.mospat.ru\/wp-content\/uploads\/2018\/06\/IMG_8599.jpg&w=150&h=100&q=95\"><\/a>\n\t\t\t<\/div>\n\t\t\t<a id='prev-3' class='gallery-thumbs-prev' href='#'><i class='icon-angle-circled-left'><\/i><\/a>\n\t\t\t<a id='next-3' class='gallery-thumbs-next' href='#'><i class='icon-angle-circled-right'><\/i><\/a>\n\t\t<\/div>\n\t<\/div><br \/>\nLe 7 juin 2018, l\u2019archev\u00eaque Serge de Solnetchnogorsk, vicaire du patriarche de Moscou et de toute la Russie, administrateur des paroisses du Patriarcat de Moscou dans les pays d\u2019Asie de l\u2019Est et du Sud-Est, a rencontr\u00e9 l\u2019ambassadeur de Cor\u00e9e du Sud en F\u00e9d\u00e9ration de Russie, Woo Yoon-keun.<\/p>\n<p>L\u2019entretien a port\u00e9 sur la coop\u00e9ration humanitaire entre la Russie et la Cor\u00e9e.<\/p>","protected":false},"excerpt":{"rendered":"<p>L\u2019entretien a port\u00e9 sur la coop\u00e9ration humanitaire entre la Russie et la Cor\u00e9e.<\/p>\n","protected":false},"author":17,"featured_media":160795,"comment_status":"closed","ping_status":"closed","sticky":false,"template":"","format":"standard","meta":[],"categories":[1],"tags":[],"_links":{"self":[{"href":"https:\/\/old.mospat.ru\/fr\/wp-json\/wp\/v2\/posts\/160792"}],"collection":[{"href":"https:\/\/old.mospat.ru\/fr\/wp-json\/wp\/v2\/posts"}],"about":[{"href":"https:\/\/old.mospat.ru\/fr\/wp-json\/wp\/v2\/types\/post"}],"author":[{"embeddable":true,"href":"https:\/\/old.mospat.ru\/fr\/wp-json\/wp\/v2\/users\/17"}],"replies":[{"embeddable":true,"href":"https:\/\/old.mospat.ru\/fr\/wp-json\/wp\/v2\/comments?post=160792"}],"version-history":[{"count":0,"href":"https:\/\/old.mospat.ru\/fr\/wp-json\/wp\/v2\/posts\/160792\/revisions"}],"wp:featuredmedia":[{"embeddable":true,"href":"https:\/\/old.mospat.ru\/fr\/wp-json\/wp\/v2\/media\/160795"}],"wp:attachment":[{"href":"https:\/\/old.mospat.ru\/fr\/wp-json\/wp\/v2\/media?parent=160792"}],"wp:term":[{"taxonomy":"category","embeddable":true,"href":"https:\/\/old.mospat.ru\/fr\/wp-json\/wp\/v2\/categories?post=160792"},{"taxonomy":"post_tag","embeddable":true,"href":"https:\/\/old.mospat.ru\/fr\/wp-json\/wp\/v2\/tags?post=160792"}],"curies":[{"name":"wp","href":"https:\/\/api.w.org\/{rel}","templated":true}]}}