{"id":160556,"date":"2018-05-29T16:21:32","date_gmt":"2018-05-29T13:21:32","guid":{"rendered":"https:\/\/mospat.ru\/?p=160556"},"modified":"2018-06-01T11:40:14","modified_gmt":"2018-06-01T08:40:14","slug":"%d0%bf%d1%80%d0%b5%d0%b4%d1%81%d1%82%d0%be%d1%8f%d1%82%d0%b5%d0%bb%d0%b5%d0%bc-%d1%8d%d1%81%d1%82%d0%be%d0%bd%d1%81%d0%ba%d0%be%d0%b9-%d0%bf%d1%80%d0%b0%d0%b2%d0%be%d1%81%d0%bb%d0%b0%d0%b2%d0%bd%d0%be","status":"publish","type":"post","link":"https:\/\/old.mospat.ru\/fr\/2018\/05\/29\/news160556\/","title":{"rendered":"L\u2019archev\u00eaque Eug\u00e8ne de Vere\u00efa \u00e9lu primat de l\u2019\u00c9glise orthodoxe estonienne"},"content":{"rendered":"<p>Un concile extraordinaire de l\u2019\u00c9glise orthodoxe estonienne du Patriarcat de Moscou s\u2019est r\u00e9uni le 29 mai 2018 \u00e0 la cath\u00e9drale Saint-Alexandre-Nevski pour \u00e9lire son nouveau primat.<\/p>\n<p>Suivant les r\u00e9sultats du scrutin secret, l\u2019archev\u00eaque Eug\u00e8ne de Vere\u00efa, vicaire du patriarche de Moscou et de toute la Russie, pr\u00e9sident du Comit\u00e9 p\u00e9dagogique de l\u2019\u00c9glise orthodoxe russe, recteur des \u00e9coles de th\u00e9ologie de Moscou, est \u00e9lu primat de l\u2019\u00c9glise orthodoxe estonienne du Patriarcat de Moscou.<\/p>\n<p>L\u2019archev\u00eaque Eug\u00e8ne (Valeri Guermanovitch Rechetnikov) est n\u00e9 en 1957 au Kazakhstan. Il a pass\u00e9 son enfance et sa jeunesse \u00e0 Kirov et effectu\u00e9 son service militaire de 1977 \u00e0 1979.<\/p>\n<p>Apr\u00e8s sa d\u00e9mobilisation, il a travaill\u00e9 \u00e0 la direction dioc\u00e9saine de Viakta, en tant que sous-diacre de l\u2019\u00e9v\u00eaque Chrysanthe de Viatka.<\/p>\n<p>En 1983, il a termin\u00e9 sa formation au s\u00e9minaire de Moscou, avant de poursuivre ses \u00e9tudes \u00e0 l\u2019Acad\u00e9mie de th\u00e9ologie jusqu\u2019en 1987. Docteur en th\u00e9ologie, il a soutenu une th\u00e8se sur le th\u00e8me \u00ab\u00a0La pastorale dans l\u2019\u00c9glise russe aux X<sup>e<\/sup> \u2013 XIII<sup>e<\/sup> si\u00e8cles\u00a0\u00bb.<\/p>\n<p>Le 27 juillet 1986, il est tonsur\u00e9 moine sous le nom d\u2019Eug\u00e8ne, avant d\u2019\u00eatre ordonn\u00e9 hi\u00e9rodiacre le 3 ao\u00fbt, puis hi\u00e9romoine le 28 ao\u00fbt. En 1988, il est \u00e9lev\u00e9 au rang d\u2019higoum\u00e8ne.<\/p>\n<p>Le 1<sup>er<\/sup> janvier 1989, il est \u00e9lev\u00e9 au rang d\u2019archimandrite et nomm\u00e9 vice-recteur des \u00c9coles de th\u00e9ologie de Moscou, charg\u00e9 de l\u2019\u00e9conomat monastique. A compter du 16 novembre 1990, il occupe les fonctions d\u2019inspecteur du S\u00e9minaire de Moscou.<\/p>\n<p>Le 6 ao\u00fbt 1991, il est nomm\u00e9 recteur du S\u00e9minaire de Stavropol, avant d\u2019\u00eatre nomm\u00e9 pr\u00e9sident int\u00e9rimaire du Comit\u00e9 p\u00e9dagogique aupr\u00e8s du Saint-Synode de l\u2019\u00c9glise orthodoxe russe, le 28 f\u00e9vrier 1994.<\/p>\n<p>Le 16 avril 1994, il est consacr\u00e9 \u00e9v\u00eaque de Vere\u00efa, vicaire du dioc\u00e8se de Moscou.<\/p>\n<p>Le 16 juillet 1995, il est nomm\u00e9 recteur des \u00c9coles de th\u00e9ologie de Moscou et conserve son poste de pr\u00e9sident int\u00e9rimaire du Comit\u00e9 p\u00e9dagogique.<\/p>\n<p>Un d\u00e9cret du Saint-Synode en date du 18 juillet 1998 le nomme pr\u00e9sident du Comit\u00e9 p\u00e9dagogique.<\/p>\n<p>Le 25 f\u00e9vrier 2000, il est \u00e9lev\u00e9 au rang d\u2019archev\u00eaque.<\/p>\n<p>Depuis le 22 mars 2011, il est membre du Haut Conseil de l\u2019\u00c9glise orthodoxe russe.<\/p>\n<p>Il est aussi membre de la Commission synodale biblique et th\u00e9ologique, de la Commission synodale pour la canonisation des saints (depuis 2015) et du Centre de coordination pour le d\u00e9veloppement des sciences th\u00e9ologiques dans l\u2019\u00c9glise orthodoxe russe.<\/p>","protected":false},"excerpt":{"rendered":"<p>Un concile extraordinaire de l\u2019\u00c9glise orthodoxe estonienne du Patriarcat de Moscou s\u2019est r\u00e9uni le 29 mai 2018 \u00e0 la cath\u00e9drale Saint-Alexandre-Nevski pour \u00e9lire son nouveau primat.<\/p>\n","protected":false},"author":7,"featured_media":160557,"comment_status":"closed","ping_status":"closed","sticky":false,"template":"","format":"standard","meta":[],"categories":[1],"tags":[],"_links":{"self":[{"href":"https:\/\/old.mospat.ru\/fr\/wp-json\/wp\/v2\/posts\/160556"}],"collection":[{"href":"https:\/\/old.mospat.ru\/fr\/wp-json\/wp\/v2\/posts"}],"about":[{"href":"https:\/\/old.mospat.ru\/fr\/wp-json\/wp\/v2\/types\/post"}],"author":[{"embeddable":true,"href":"https:\/\/old.mospat.ru\/fr\/wp-json\/wp\/v2\/users\/7"}],"replies":[{"embeddable":true,"href":"https:\/\/old.mospat.ru\/fr\/wp-json\/wp\/v2\/comments?post=160556"}],"version-history":[{"count":0,"href":"https:\/\/old.mospat.ru\/fr\/wp-json\/wp\/v2\/posts\/160556\/revisions"}],"wp:featuredmedia":[{"embeddable":true,"href":"https:\/\/old.mospat.ru\/fr\/wp-json\/wp\/v2\/media\/160557"}],"wp:attachment":[{"href":"https:\/\/old.mospat.ru\/fr\/wp-json\/wp\/v2\/media?parent=160556"}],"wp:term":[{"taxonomy":"category","embeddable":true,"href":"https:\/\/old.mospat.ru\/fr\/wp-json\/wp\/v2\/categories?post=160556"},{"taxonomy":"post_tag","embeddable":true,"href":"https:\/\/old.mospat.ru\/fr\/wp-json\/wp\/v2\/tags?post=160556"}],"curies":[{"name":"wp","href":"https:\/\/api.w.org\/{rel}","templated":true}]}}