{"id":158879,"date":"2018-04-08T14:01:16","date_gmt":"2018-04-08T11:01:16","guid":{"rendered":"https:\/\/mospat.ru\/?p=158879"},"modified":"2018-04-11T22:39:31","modified_gmt":"2018-04-11T19:39:31","slug":"%d0%bf%d1%80%d0%b5%d0%b4%d1%81%d0%b5%d0%b4%d0%b0%d1%82%d0%b5%d0%bb%d1%8c-%d0%be%d0%b2%d1%86%d1%81-%d0%bd%d0%b0%d0%bf%d1%80%d0%b0%d0%b2%d0%b8%d0%bb-%d0%b3%d0%be%d1%81%d1%83%d0%b4%d0%b0%d1%80%d1%81-2","status":"publish","type":"post","link":"https:\/\/old.mospat.ru\/fr\/2018\/04\/08\/news158879\/","title":{"rendered":"Le pr\u00e9sident du DREE a pr\u00e9sent\u00e9 ses v\u0153ux de P\u00e2ques aux hommes d\u2019\u00e9tat \u00e9trangers"},"content":{"rendered":"<p><em>Le m\u00e9tropolite Hilarion de Volokolamsk, pr\u00e9sident du D\u00e9partement des relations eccl\u00e9siastiques ext\u00e9rieures du Patriarcat de Moscou, a adress\u00e9 un message de congratulations \u00e0 la Reine de Grande-Bretagne et d\u2019Irlande du Nord Elisabeth II, au Roi d\u2019Espagne Philippe VI, au Roi de Belgique Philippe, au Roi des Pays-Bas Guillaume-Alexandre, au Prince du Lichtenstein Hans-Adam II, au Pr\u00e9sident de la R\u00e9publique autrichienne Alexander van der Bellen, au Pr\u00e9sident de la R\u00e9publique italienne Sergio Mattarelle, au Chancelier f\u00e9d\u00e9ral d\u2019Allemagne Mme Angela Merkel, au Pr\u00e9sident de la R\u00e9publique fran\u00e7aise Emmanuel Macron, au Pr\u00e9sident de la R\u00e9publique argentine Mauricio Macri, le Pr\u00e9sident du Conseil d\u2019\u00e9tat et du Conseil des ministres de la R\u00e9publique de Cuba Raul Castro Ruz, le Pr\u00e9sident de la R\u00e9publique de Mac\u00e9doine George Ivanov, le Pr\u00e9sident de la R\u00e9publique de Serbie Alexandre Vicic, le Pr\u00e9sident de la R\u00e9publique du Montenegro Philippe Vianovic, le Pr\u00e9sident de la R\u00e9publique slovaque Andrej Kiska, le Pr\u00e9sident de la R\u00e9publique de Slov\u00e9nie Borut Pahor, le Pr\u00e9sident de la R\u00e9publique tch\u00e8que Milos Zeman, le Pr\u00e9sident de la R\u00e9publique grecque Prokopius Pavlopoulos, le Pr\u00e9sident de la R\u00e9publique de Bulgarie Roumen Radev, le pr\u00e9sident de la R\u00e9publique de Chypre Nikos Anastasiadis, le Pr\u00e9sident de la Roumanie Klaus Iohannis, le Pr\u00e9sident de la R\u00e9publique de Pologne Andrzej Duda, le Pr\u00e9sident de la R\u00e9publique lettonne Raimonds Vejonis, le Pr\u00e9sident de la R\u00e9publique lituanienne Dalia Grybauskait\u00e9, le Pr\u00e9sident de la R\u00e9publique estonienne Kersti Kaljulaid, le Pr\u00e9sident de la R\u00e9publique d\u2019Arm\u00e9nie Armen Sarkissian, le Pr\u00e9sident de la R\u00e9publique de Moldavie I. Dodon, le Pr\u00e9sident de la R\u00e9publique de Bi\u00e9lorussie A. Loukachenko, ainsi que le chef de la maison royale bulgare, le tsar Sim\u00e9on II, le chef de la maison royale de Prusse, le prince George Fr\u00e9d\u00e9ric de Prusse et d\u2019autres hommes d\u2019\u00e9tat.<\/em><\/p>\n<p><em>Le message dit notamment\u00a0:<\/em><\/p>\n<p>Recevez mes meilleurs v\u0153ux pour la R\u00e9surrection du Christ, la f\u00eate de P\u00e2ques.<\/p>\n<p>En ces jours de f\u00eate, les c\u0153urs de millions de gens dans le monde entier sont emplis de la joie du Christ ressuscit\u00e9. Cette f\u00eate est pour tout croyant le t\u00e9moignage de la venue de la vie \u00e9ternelle en Dieu\u00a0: le p\u00e9ch\u00e9 n\u2019isole plus les hommes du Cr\u00e9ateur, ni les uns des autres. Inspir\u00e9s par la nouvelle de la R\u00e9surrection du Christ, nous sommes appel\u00e9s \u00e0 porter au monde qui nous entoure la lumi\u00e8re de la foi, \u00e0 contribuer \u00e0 l\u2019\u00e9tablissement des id\u00e9aux \u00e9vang\u00e9liques dans la vie publique, familiale et priv\u00e9e, \u00e0 servir le prochain en paroles et en actes.<\/p>\n<p>Vous souhaitant une bonne sant\u00e9, la paix, la prosp\u00e9rit\u00e9 et que le Sauveur ressuscit\u00e9 vous assiste dans vos travaux, je vous prie d\u2019agr\u00e9er, l\u2019expression de ma haute consid\u00e9ration.<\/p>\n<p style=\"text-align: right;\"><strong>Le pr\u00e9sident du D\u00e9partement <\/strong><\/p>\n<p style=\"text-align: right;\"><strong>des relations eccl\u00e9siastiques ext\u00e9rieures du Patriarcat de Moscou<\/strong><\/p>\n<p style=\"text-align: right;\"><strong>M\u00e9tropolite Hilarion de Volokolamsk<\/strong><\/p>\n<p><\/p>","protected":false},"excerpt":{"rendered":"<p>Le m\u00e9tropolite Hilarion de Volokolamsk, pr\u00e9sident du D\u00e9partement des relations eccl\u00e9siastiques ext\u00e9rieures du Patriarcat de Moscou, a adress\u00e9 un message de congratulations&#8230;<\/p>\n","protected":false},"author":7,"featured_media":103064,"comment_status":"closed","ping_status":"closed","sticky":false,"template":"","format":"standard","meta":[],"categories":[16,1,2,12],"tags":[],"_links":{"self":[{"href":"https:\/\/old.mospat.ru\/fr\/wp-json\/wp\/v2\/posts\/158879"}],"collection":[{"href":"https:\/\/old.mospat.ru\/fr\/wp-json\/wp\/v2\/posts"}],"about":[{"href":"https:\/\/old.mospat.ru\/fr\/wp-json\/wp\/v2\/types\/post"}],"author":[{"embeddable":true,"href":"https:\/\/old.mospat.ru\/fr\/wp-json\/wp\/v2\/users\/7"}],"replies":[{"embeddable":true,"href":"https:\/\/old.mospat.ru\/fr\/wp-json\/wp\/v2\/comments?post=158879"}],"version-history":[{"count":0,"href":"https:\/\/old.mospat.ru\/fr\/wp-json\/wp\/v2\/posts\/158879\/revisions"}],"wp:featuredmedia":[{"embeddable":true,"href":"https:\/\/old.mospat.ru\/fr\/wp-json\/wp\/v2\/media\/103064"}],"wp:attachment":[{"href":"https:\/\/old.mospat.ru\/fr\/wp-json\/wp\/v2\/media?parent=158879"}],"wp:term":[{"taxonomy":"category","embeddable":true,"href":"https:\/\/old.mospat.ru\/fr\/wp-json\/wp\/v2\/categories?post=158879"},{"taxonomy":"post_tag","embeddable":true,"href":"https:\/\/old.mospat.ru\/fr\/wp-json\/wp\/v2\/tags?post=158879"}],"curies":[{"name":"wp","href":"https:\/\/api.w.org\/{rel}","templated":true}]}}