{"id":156611,"date":"2018-02-12T17:57:49","date_gmt":"2018-02-12T14:57:49","guid":{"rendered":"https:\/\/mospat.ru\/?p=156611"},"modified":"2018-02-14T13:43:10","modified_gmt":"2018-02-14T10:43:10","slug":"%d0%bf%d1%80%d0%b5%d0%b4%d1%81%d1%82%d0%be%d1%8f%d1%82%d0%b5%d0%bb%d1%8c-%d0%b0%d0%bd%d1%82%d0%b8%d0%be%d1%85%d0%b8%d0%b9%d1%81%d0%ba%d0%be%d0%b9-%d0%bf%d1%80%d0%b0%d0%b2%d0%be%d1%81%d0%bb%d0%b0-7","status":"publish","type":"post","link":"https:\/\/old.mospat.ru\/fr\/2018\/02\/12\/news156611\/","title":{"rendered":"Le primat de l\u2019\u00c9glise orthodoxe d\u2019Antioche a exprim\u00e9 sa reconnaissance au patriarche Cyrille suite \u00e0 sa r\u00e9cente visite \u00e0 Moscou"},"content":{"rendered":"<p>Sa B\u00e9atitude le patriarche Jean X d\u2019Antioche et de tout l\u2019Orient a adress\u00e9 \u00e0 Sa Saintet\u00e9 le patriarche Cyrille un message de remerciement pour l\u2019hospitalit\u00e9 qui lui a \u00e9t\u00e9 t\u00e9moign\u00e9e durant sa derni\u00e8re visite \u00e0 Moscou, en d\u00e9cembre 2017.<\/p>\n<p>Mentionnant ses rencontres avec le pr\u00e9sident V. Poutine et le ministre des Affaires \u00e9trang\u00e8res, S. Lavrov, le patriarche Jean a constat\u00e9 le r\u00f4le important de l\u2019\u00c9glise orthodoxe russe et de son peuple dans le r\u00e9tablissement de la paix en Syrie\u00a0: \u00ab\u00a0L\u2019\u00c9glise russe, en la personne de son Primat, de ses pasteurs et de son bon peuple, est toujours du c\u00f4t\u00e9 de la justice. Elle est li\u00e9e aux chr\u00e9tiens d\u2019Orient et \u00e0 l\u2019\u00c9glise d\u2019Antioche par des liens historiques profonds, dont la solidit\u00e9 se r\u00e9v\u00e8le dans les temps difficiles.\u00a0\u00bb<\/p>\n<p>Le primat de l\u2019\u00c9glise orthodoxe d\u2019Antioche a soulign\u00e9 que la position de la Russie et de l\u2019\u00c9glise orthodoxe sur la Syrie \u00ab\u00a0avait all\u00e9g\u00e9 les souffrances de beaucoup\u00a0\u00bb.<\/p>\n<p>Sa B\u00e9atitude a qualifi\u00e9 la position du Patriarcat de Moscou dans son soutien \u00e0 l\u2019\u00c9glise d\u2019Antioche de voix \u00ab\u00a0de la v\u00e9rit\u00e9 et de conscience vivante dans un monde qui cherche et attend la paix d\u2019en-haut\u00a0\u00bb.<\/p>","protected":false},"excerpt":{"rendered":"<p>Sa B\u00e9atitude le patriarche Jean X d\u2019Antioche et de tout l\u2019Orient a adress\u00e9 \u00e0 Sa Saintet\u00e9 le patriarche Cyrille un message de remerciement pour l\u2019hospitalit\u00e9 qui lui a \u00e9t\u00e9 t\u00e9moign\u00e9e durant sa derni\u00e8re visite \u00e0 Moscou, en d\u00e9cembre 2017.<\/p>\n","protected":false},"author":15,"featured_media":156612,"comment_status":"closed","ping_status":"closed","sticky":false,"template":"","format":"standard","meta":[],"categories":[9,1],"tags":[],"_links":{"self":[{"href":"https:\/\/old.mospat.ru\/fr\/wp-json\/wp\/v2\/posts\/156611"}],"collection":[{"href":"https:\/\/old.mospat.ru\/fr\/wp-json\/wp\/v2\/posts"}],"about":[{"href":"https:\/\/old.mospat.ru\/fr\/wp-json\/wp\/v2\/types\/post"}],"author":[{"embeddable":true,"href":"https:\/\/old.mospat.ru\/fr\/wp-json\/wp\/v2\/users\/15"}],"replies":[{"embeddable":true,"href":"https:\/\/old.mospat.ru\/fr\/wp-json\/wp\/v2\/comments?post=156611"}],"version-history":[{"count":0,"href":"https:\/\/old.mospat.ru\/fr\/wp-json\/wp\/v2\/posts\/156611\/revisions"}],"wp:featuredmedia":[{"embeddable":true,"href":"https:\/\/old.mospat.ru\/fr\/wp-json\/wp\/v2\/media\/156612"}],"wp:attachment":[{"href":"https:\/\/old.mospat.ru\/fr\/wp-json\/wp\/v2\/media?parent=156611"}],"wp:term":[{"taxonomy":"category","embeddable":true,"href":"https:\/\/old.mospat.ru\/fr\/wp-json\/wp\/v2\/categories?post=156611"},{"taxonomy":"post_tag","embeddable":true,"href":"https:\/\/old.mospat.ru\/fr\/wp-json\/wp\/v2\/tags?post=156611"}],"curies":[{"name":"wp","href":"https:\/\/api.w.org\/{rel}","templated":true}]}}