{"id":155436,"date":"2018-01-11T20:25:54","date_gmt":"2018-01-11T17:25:54","guid":{"rendered":"https:\/\/mospat.ru\/?p=155436"},"modified":"2018-01-12T16:50:32","modified_gmt":"2018-01-12T13:50:32","slug":"%d1%81%d0%be%d1%81%d1%82%d0%be%d1%8f%d0%bb%d0%be%d1%81%d1%8c-%d0%bf%d0%be%d0%b7%d0%b4%d1%80%d0%b0%d0%b2%d0%bb%d0%b5%d0%bd%d0%b8%d0%b5-%d0%b7%d0%b0%d0%bc%d0%b5%d1%81%d1%82%d0%b8%d1%82%d0%b5%d0%bb%d1%8f","status":"publish","type":"post","link":"https:\/\/old.mospat.ru\/fr\/2018\/01\/11\/news155436\/","title":{"rendered":"L\u2019archimandrite Philar\u00e8te (Boulekov), vice-pr\u00e9sident du DREE, f\u00eate son 50e anniversaire"},"content":{"rendered":"<p>\n\t\t<div id='gallery-3' class='gallery galleryid-155436 gallery-columns-3 gallery-size-thumbnail'>\n\t\t<div class='carousel-wrapper'>\n\t\t\t<div id='carousel-3' class='gallery-carousel'>\n\t\t\t\t<a href=\"https:\/\/old.mospat.ru\/wp-content\/uploads\/2018\/01\/ECR_7261.jpg\" id=\"slide_item_300\" class=\"slide fancybox\" rel=\"gallery1\"><img src=\"https:\/\/old.mospat.ru\/wp-content\/uploads\/timthumb.php?src=https:\/\/old.mospat.ru\/wp-content\/uploads\/2018\/01\/ECR_7261.jpg&w=632&h=380&q=95\" width=\"632\" height=\"380\"><\/a><a href=\"https:\/\/old.mospat.ru\/wp-content\/uploads\/2018\/01\/ECR_7257.jpg\" id=\"slide_item_301\" class=\"slide fancybox\" rel=\"gallery1\"><img src=\"https:\/\/old.mospat.ru\/wp-content\/uploads\/timthumb.php?src=https:\/\/old.mospat.ru\/wp-content\/uploads\/2018\/01\/ECR_7257.jpg&w=632&h=380&q=95\" width=\"632\" height=\"380\"><\/a><a href=\"https:\/\/old.mospat.ru\/wp-content\/uploads\/2018\/01\/ECR_7251.jpg\" id=\"slide_item_302\" class=\"slide fancybox\" rel=\"gallery1\"><img src=\"https:\/\/old.mospat.ru\/wp-content\/uploads\/timthumb.php?src=https:\/\/old.mospat.ru\/wp-content\/uploads\/2018\/01\/ECR_7251.jpg&w=632&h=380&q=95\" width=\"632\" height=\"380\"><\/a><a href=\"https:\/\/old.mospat.ru\/wp-content\/uploads\/2018\/01\/ECR_7265.jpg\" id=\"slide_item_303\" class=\"slide fancybox\" rel=\"gallery1\"><img src=\"https:\/\/old.mospat.ru\/wp-content\/uploads\/timthumb.php?src=https:\/\/old.mospat.ru\/wp-content\/uploads\/2018\/01\/ECR_7265.jpg&w=632&h=380&q=95\" width=\"632\" height=\"380\"><\/a><a href=\"https:\/\/old.mospat.ru\/wp-content\/uploads\/2018\/01\/ECR_7272.jpg\" id=\"slide_item_304\" class=\"slide fancybox\" rel=\"gallery1\"><img src=\"https:\/\/old.mospat.ru\/wp-content\/uploads\/timthumb.php?src=https:\/\/old.mospat.ru\/wp-content\/uploads\/2018\/01\/ECR_7272.jpg&w=632&h=380&q=95\" width=\"632\" height=\"380\"><\/a>\n\t\t\t<\/div>\n\t\t<\/div>\n\t\t<div class='thumbs-wrapper'>\n\t\t\t<div id='thumbs-3' class='gallery-thumbs'>\n\t\t\t\t<a href=\"#slide_item_300\"><img src=\"https:\/\/old.mospat.ru\/wp-content\/uploads\/timthumb.php?src=https:\/\/old.mospat.ru\/wp-content\/uploads\/2018\/01\/ECR_7261.jpg&w=150&h=100&q=95\"><\/a><a href=\"#slide_item_301\"><img src=\"https:\/\/old.mospat.ru\/wp-content\/uploads\/timthumb.php?src=https:\/\/old.mospat.ru\/wp-content\/uploads\/2018\/01\/ECR_7257.jpg&w=150&h=100&q=95\"><\/a><a href=\"#slide_item_302\"><img src=\"https:\/\/old.mospat.ru\/wp-content\/uploads\/timthumb.php?src=https:\/\/old.mospat.ru\/wp-content\/uploads\/2018\/01\/ECR_7251.jpg&w=150&h=100&q=95\"><\/a><a href=\"#slide_item_303\"><img src=\"https:\/\/old.mospat.ru\/wp-content\/uploads\/timthumb.php?src=https:\/\/old.mospat.ru\/wp-content\/uploads\/2018\/01\/ECR_7265.jpg&w=150&h=100&q=95\"><\/a><a href=\"#slide_item_304\"><img src=\"https:\/\/old.mospat.ru\/wp-content\/uploads\/timthumb.php?src=https:\/\/old.mospat.ru\/wp-content\/uploads\/2018\/01\/ECR_7272.jpg&w=150&h=100&q=95\"><\/a>\n\t\t\t<\/div>\n\t\t\t<a id='prev-3' class='gallery-thumbs-prev' href='#'><i class='icon-angle-circled-left'><\/i><\/a>\n\t\t\t<a id='next-3' class='gallery-thumbs-next' href='#'><i class='icon-angle-circled-right'><\/i><\/a>\n\t\t<\/div>\n\t<\/div><br \/>\nLe 11 janvier 2018, \u00e0 la Grande salle du D\u00e9partement des relations eccl\u00e9siastiques ext\u00e9rieures du Patriarcat de Moscou, l\u2019archimandrite a re\u00e7u les f\u00e9licitations de ses coll\u00e8gues \u00e0 l\u2019occasion de son 50<sup>e<\/sup> anniversaire.<\/p>\n<p>Le m\u00e9tropolite Hilarion de Volokolamsk a lu le message de f\u00e9licitations suivant\u00a0:<\/p>\n<blockquote><p>\u00ab\u00a0R\u00e9v\u00e9rend, cher p\u00e8re Philar\u00e8te,<\/p>\n<p>Permettez-moi de vous adresser mes cordiales f\u00e9licitations \u00e0 l\u2019occasion de cette importante date dans votre vie, le 50<sup>e<\/sup> anniversaire de votre naissance.<\/p>\n<p>Cette date se double cette ann\u00e9e d\u2019un autre anniversaire, les 30 ans de votre ordination au service de l\u2019\u00c9glise orthodoxe russe dont les d\u00e9buts, comme ceux de beaucoup de nos coll\u00e8gues, confr\u00e8res et conc\u00e9l\u00e9brants, dont l\u2019intention \u00e9tait d\u2019\u0153uvrer pour <em>Le Ma\u00eetre saint et vrai <\/em>(Ap 6, 10), se sont pass\u00e9s dans les murs du D\u00e9partement d\u2019\u00e9ditions du Patriarcat de Moscou.<\/p>\n<p>Depuis 1991, vous travaillez au D\u00e9partement des relations eccl\u00e9siastiques ext\u00e9rieures, o\u00f9 vous avez rempli avec succ\u00e8s les diff\u00e9rentes ob\u00e9diences confi\u00e9es par la Hi\u00e9rarchie. Vous avez \u00e9t\u00e9 tour \u00e0 tour charg\u00e9 de recherches pour le Secteur des relations interchr\u00e9tiennes et chef du Service de communications, avant de poursuivre votre travail \u00e0 l\u2019\u00e9tranger.<\/p>\n<p>Ayant re\u00e7u surabondamment avec foi et charit\u00e9 (cf I Tm, 1, 14) des mains de Sa Saintet\u00e9 le patriarche Cyrille de Moscou et de toute la Russie, alors m\u00e9tropolite de Smolensk et de Kaliningrad, la gr\u00e2ce de l\u2019ordination diaconale et sacerdotale, vous avez occup\u00e9 les fonctions de secr\u00e9taire de la Repr\u00e9sentation du patriarche de Moscou et de toute la Russie aupr\u00e8s du patriarche d\u2019Antioche et de tout l\u2019Orient, \u00e0 Damas, vous avez \u00e9t\u00e9 recteur de la paroisse Saint-Serge-de-Radon\u00e8ge \u00e0 Johannesburg, en Afrique du Sud, puis repr\u00e9sentant de l\u2019\u00c9glise orthodoxe russe aupr\u00e8s du Conseil de l\u2019Europe et recteur de la paroisse de Tous-les-Saints \u00e0 Strasbourg.<\/p>\n<p>Enfin, \u00e0 ma demande, un d\u00e9cret du Saint Synode dat\u00e9 du 22 mars 2011 vous a appel\u00e9 au poste de vice-pr\u00e9sident du D\u00e9partement des relations eccl\u00e9siastiques ext\u00e9rieures du Patriarcat de Moscou, o\u00f9 la riche exp\u00e9rience pastorale, scientifique et administrative accumul\u00e9e au cours des ann\u00e9es pr\u00e9c\u00e9dentes trouve pleinement son emploi.<\/p>\n<p>Il y a peu, aux fonctions de vice-pr\u00e9sident, que vous remplissez dignement, s\u2019est ajout\u00e9e une nouvelle ob\u00e9dience dans l\u2019Institut des Hautes \u00c9tudes Saints-Cyrille-et-M\u00e9thode dont je suis le recteur et o\u00f9 vous occupez le poste de directeur du d\u00e9partement \u00ab\u00a0Relations eccl\u00e9siastiques ext\u00e9rieures\u00a0\u00bb.<\/p>\n<p>Je vous estime hautement pour votre esprit de responsabilit\u00e9 dans l\u2019accomplissement des ob\u00e9diences qui vous sont impos\u00e9es, pour <em>la charit\u00e9 qui proc\u00e8de d\u2019un c\u0153ur pur, d\u2019une bonne conscience et d\u2019une foi sans bornes <\/em>(I Tm, 1, 5) dans vos rapports avec vos coll\u00e8gues eccl\u00e9siastiques. Je crois que vous \u00eates conduit par la gr\u00e2ce de l\u2019aide de saint Philar\u00e8te de Moscou, dont le nom vous a \u00e9t\u00e9 donn\u00e9 lors de votre tonsure monastique, par le patriarche Cyrille.<\/p>\n<p>Je vous souhaite en ce jour la joie spirituelle sans laquelle, selon votre saint patron, il ne peut y avoir de f\u00eate. Je me r\u00e9jouis avec vous et je prie le Pasteur des Pasteurs, le Christ, de vous accorder Sa gr\u00e2ce dans le difficile minist\u00e8re qui est le v\u00f4tre, pour le bien de la sainte \u00c9glise, <em>sachant que votre labeur n\u2019est pas vain dans le Seigneur<\/em> (I Co 15, 58), ainsi qu\u2019une bonne sant\u00e9 et la paix de Dieu qui surpasse <em>toute intelligence<\/em> (Ph 4, 7), selon l\u2019\u00c9criture.\u00a0\u00bb<\/p><\/blockquote>\n<p>Mgr Hilarion a aussi constat\u00e9\u00a0: \u00ab\u00a0Tous ceux qui sont rassembl\u00e9s ici peuvent t\u00e9moigner que votre autorit\u00e9 est justifi\u00e9e. Vos coll\u00e8gues, aussi bien ceux du D\u00e9partement des relations ext\u00e9rieures que les autres, vous respectent. Ce respect, vous l\u2019avez m\u00e9rit\u00e9 par vos travaux, par vos bonnes relations avec le prochain, ind\u00e9pendamment de leur rang, par votre souci de l\u2019\u0153uvre de Dieu, qui doit toujours \u00eatre remplie dignement et comme il se doit. J\u2019estime vos difficiles travaux au D\u00e9partement des relations eccl\u00e9siastiques ext\u00e9rieures et je vous en remercie.\u00a0\u00bb<\/p>\n<p>Terminant son discours, le m\u00e9tropolite a dit, au nom de tous les employ\u00e9s du DREE\u00a0: \u00ab\u00a0Que les cinquante ann\u00e9es suivantes soient aussi actives et aussi fructueuses\u00a0\u00bb.<\/p>\n<p>\u00ab\u00a0Je suis tr\u00e8s touch\u00e9 de vos paroles, a r\u00e9pondu l\u2019archimandrite Philar\u00e8te (Boulekov). Il m\u2019a sembl\u00e9 revivre les diff\u00e9rentes \u00e9tapes de ma vie. Effectivement, toute ma vie est pass\u00e9e devant vos yeux. Il y a ici des gens qui se souviennent de moi alors que je venais d\u2019entrer au D\u00e9partement. Il y a ceux que j\u2019ai vus arriver. On me donne beaucoup de t\u00e2ches, notamment Sa Saintet\u00e9 le patriarche. Elles exigent de grands efforts, nous sommes souvent face \u00e0 des situations stressantes, \u00e0 de v\u00e9ritables branle-bas. Il me serait impossible d\u2019y suffire si nous n\u2019\u00e9tions pas tous alli\u00e9s, si nous ne collaborions pas. Je vous suis infiniment reconnaissant, Monseigneur, de votre confiance et de votre soutien, que je ressens depuis le premier jour o\u00f9 je suis entr\u00e9 dans ce b\u00e2timent en tant que vice-pr\u00e9sident du DREE.\u00a0\u00bb<\/p>\n<p>L\u2019archipr\u00eatre Nicolas Balachov, vice-pr\u00e9sident du DREE, les responsables et les collaborateurs des diff\u00e9rents services ont aussi pr\u00e9sent\u00e9 leurs f\u00e9licitations.<\/p>","protected":false},"excerpt":{"rendered":"<p>Le 11 janvier 2018, \u00e0 la Grande salle du D\u00e9partement des relations eccl\u00e9siastiques ext\u00e9rieures du Patriarcat de Moscou, l\u2019archimandrite a re\u00e7u les f\u00e9licitations de ses coll\u00e8gues \u00e0 l\u2019occasion de son 50e anniversaire.<\/p>\n","protected":false},"author":15,"featured_media":155441,"comment_status":"closed","ping_status":"closed","sticky":false,"template":"","format":"standard","meta":[],"categories":[1,12],"tags":[],"_links":{"self":[{"href":"https:\/\/old.mospat.ru\/fr\/wp-json\/wp\/v2\/posts\/155436"}],"collection":[{"href":"https:\/\/old.mospat.ru\/fr\/wp-json\/wp\/v2\/posts"}],"about":[{"href":"https:\/\/old.mospat.ru\/fr\/wp-json\/wp\/v2\/types\/post"}],"author":[{"embeddable":true,"href":"https:\/\/old.mospat.ru\/fr\/wp-json\/wp\/v2\/users\/15"}],"replies":[{"embeddable":true,"href":"https:\/\/old.mospat.ru\/fr\/wp-json\/wp\/v2\/comments?post=155436"}],"version-history":[{"count":0,"href":"https:\/\/old.mospat.ru\/fr\/wp-json\/wp\/v2\/posts\/155436\/revisions"}],"wp:featuredmedia":[{"embeddable":true,"href":"https:\/\/old.mospat.ru\/fr\/wp-json\/wp\/v2\/media\/155441"}],"wp:attachment":[{"href":"https:\/\/old.mospat.ru\/fr\/wp-json\/wp\/v2\/media?parent=155436"}],"wp:term":[{"taxonomy":"category","embeddable":true,"href":"https:\/\/old.mospat.ru\/fr\/wp-json\/wp\/v2\/categories?post=155436"},{"taxonomy":"post_tag","embeddable":true,"href":"https:\/\/old.mospat.ru\/fr\/wp-json\/wp\/v2\/tags?post=155436"}],"curies":[{"name":"wp","href":"https:\/\/api.w.org\/{rel}","templated":true}]}}