{"id":141448,"date":"2017-01-20T17:48:01","date_gmt":"2017-01-20T14:48:01","guid":{"rendered":"https:\/\/mospat.ru\/?p=141448"},"modified":"2017-01-23T17:59:02","modified_gmt":"2017-01-23T14:59:02","slug":"%d0%bf%d1%80%d0%b5%d0%b4%d1%81%d1%82%d0%b0%d0%b2%d0%b8%d1%82%d0%b5%d0%bb%d0%b8-%d1%80%d0%b0%d0%b7%d0%bd%d1%8b%d1%85-%d0%ba%d0%be%d0%bd%d1%84%d0%b5%d1%81%d1%81%d0%b8%d0%b9-%d0%be%d0%b1%d0%bc%d0%b5","status":"publish","type":"post","link":"https:\/\/old.mospat.ru\/fr\/2017\/01\/20\/news141448\/","title":{"rendered":"Les repr\u00e9sentants de diff\u00e9rentes confessions \u00e9changeront leur exp\u00e9rience de consultation des femmes en situation de crise"},"content":{"rendered":"<p>Une table ronde sur le th\u00e8me \u00ab\u00a0Le minist\u00e8re social des communaut\u00e9s religieuses, un \u00e9change d\u2019exp\u00e9rience interconfessionnel\u00a0\u00bb aura lieu le 26 janvier 2016 dans le cadre des XXV Conf\u00e9rences de No\u00ebl au D\u00e9partement des relations eccl\u00e9siastiques ext\u00e9rieures du Patriarcat de Moscou.<\/p>\n<p>Cette manifestation est organis\u00e9e par le D\u00e9partement des relations eccl\u00e9siastiques ext\u00e9rieures et la Table ronde russe sur l\u2019enseignement religieux et la diaconie.<\/p>\n<p>Prendront part \u00e0 cette rencontre des repr\u00e9sentants du Centre de soutien \u00e0 la vie de Mangiagalli (Milan, Italie), les participants de la V Conf\u00e9rence internationale sur le Sida en Europe de l\u2019Est et en Asie centrale (2016, Moscou). Des repr\u00e9sentants de Caritas et de l\u2019\u00c9glise \u00e9vang\u00e9lique luth\u00e9rienne partageront leur exp\u00e9rience de travail avec les personnes \u00e2g\u00e9es et les femmes en situation de crise. L\u2019organisation juive f\u00e9minine Kesher parlera de son travail de pr\u00e9vention des crises familiales.<\/p>\n<p>Il est pr\u00e9vu de discuter de la coop\u00e9ration des communaut\u00e9s religieuses dans le domaine social. Les participants orthodoxes \u00e0 l\u2019\u00e9v\u00e8nement et les repr\u00e9sentants des autres confessions partageront leur exp\u00e9rience de consultation des femmes enceintes en situation difficile.<\/p>\n<div id=\"dc_vk_code\" style=\"display: none;\"><\/div>\n<p><\/p>","protected":false},"excerpt":{"rendered":"<p>Une table ronde sur le th\u00e8me \u00ab Le minist\u00e8re social des communaut\u00e9s religieuses, un \u00e9change d\u2019exp\u00e9rience interconfessionnel \u00bb aura lieu le 26 janvier 2016 dans le cadre des XXV Conf\u00e9rences de No\u00ebl au D\u00e9partement des relations eccl\u00e9siastiques ext\u00e9rieures du Patriarcat de Moscou.<\/p>\n","protected":false},"author":10,"featured_media":141446,"comment_status":"closed","ping_status":"closed","sticky":false,"template":"","format":"standard","meta":[],"categories":[1],"tags":[],"_links":{"self":[{"href":"https:\/\/old.mospat.ru\/fr\/wp-json\/wp\/v2\/posts\/141448"}],"collection":[{"href":"https:\/\/old.mospat.ru\/fr\/wp-json\/wp\/v2\/posts"}],"about":[{"href":"https:\/\/old.mospat.ru\/fr\/wp-json\/wp\/v2\/types\/post"}],"author":[{"embeddable":true,"href":"https:\/\/old.mospat.ru\/fr\/wp-json\/wp\/v2\/users\/10"}],"replies":[{"embeddable":true,"href":"https:\/\/old.mospat.ru\/fr\/wp-json\/wp\/v2\/comments?post=141448"}],"version-history":[{"count":0,"href":"https:\/\/old.mospat.ru\/fr\/wp-json\/wp\/v2\/posts\/141448\/revisions"}],"wp:featuredmedia":[{"embeddable":true,"href":"https:\/\/old.mospat.ru\/fr\/wp-json\/wp\/v2\/media\/141446"}],"wp:attachment":[{"href":"https:\/\/old.mospat.ru\/fr\/wp-json\/wp\/v2\/media?parent=141448"}],"wp:term":[{"taxonomy":"category","embeddable":true,"href":"https:\/\/old.mospat.ru\/fr\/wp-json\/wp\/v2\/categories?post=141448"},{"taxonomy":"post_tag","embeddable":true,"href":"https:\/\/old.mospat.ru\/fr\/wp-json\/wp\/v2\/tags?post=141448"}],"curies":[{"name":"wp","href":"https:\/\/api.w.org\/{rel}","templated":true}]}}