{"id":139159,"date":"2016-11-26T16:02:29","date_gmt":"2016-11-26T13:02:29","guid":{"rendered":"https:\/\/mospat.ru\/?p=139159"},"modified":"2016-11-30T18:57:09","modified_gmt":"2016-11-30T15:57:09","slug":"%d1%81%d0%be%d0%b1%d0%be%d0%bb%d0%b5%d0%b7%d0%bd%d0%be%d0%b2%d0%b0%d0%bd%d0%b8%d0%b5-%d1%81%d0%b2%d1%8f%d1%82%d0%b5%d0%b9%d1%88%d0%b5%d0%b3%d0%be-%d0%bf%d0%b0%d1%82%d1%80%d0%b8%d0%b0%d1%80%d1%85-14","status":"publish","type":"post","link":"https:\/\/old.mospat.ru\/fr\/2016\/11\/26\/news139159\/","title":{"rendered":"Condol\u00e9ances du Patriarche Cyrille apr\u00e8s le d\u00e9c\u00e8s de Fidel Castro"},"content":{"rendered":"<p><em>Sa Saintet\u00e9 le Patriarche Cyrille de Moscou et de toute la Russie a exprim\u00e9 ses condol\u00e9ances apr\u00e8s le d\u00e9c\u00e8s de Fidel Castro Ruz.<\/em><\/p>\n<p><strong>Au Pr\u00e9sident du Conseil d\u2019\u00e9tat et du Conseil des ministres de la R\u00e9publique de Cuba, le g\u00e9n\u00e9ral Raul Castro Ruz<\/strong><\/p>\n<p>Excellence,<\/p>\n<p>C\u2019est avec une profonde affliction que j\u2019ai appris le d\u00e9c\u00e8s de votre fr\u00e8re a\u00een\u00e9, Fidel Castro Ruz. Permettez-moi de vous pr\u00e9senter, ainsi qu\u2019\u00e0 la famille et aux proches du d\u00e9funt et \u00e0 tout le peuple cubain, mes sinc\u00e8res condol\u00e9ances.<\/p>\n<p>Le Commandant Fidel \u00e9tait l\u2019un des hommes d\u2019\u00e9tat les plus connus et les plus remarquables de notre temps. Il s\u2019\u00e9tait acquis une autorit\u00e9 au niveau international. Il \u00e9tait entr\u00e9 dans la l\u00e9gende de son vivant. Fils du peuple cubain, il a donn\u00e9 toutes ses forces pour que sa patrie devienne vraiment ind\u00e9pendante et occupe une place digne d\u2019elle dans la famille des nations.<\/p>\n<p>Dans l\u2019\u00c9glise orthodoxe russe, le nom de Fidel Castro est prononc\u00e9 avec respect et gratitude. L\u2019\u00e9glise Notre-Dame-de-Kazan de La Havane a \u00e9t\u00e9 b\u00e2tie avec la participation personnelle du Commandant. Fidel, selon sa propre expression, intervenait comme \u00ab\u00a0commissaire de chantier\u00a0\u00bb.<\/p>\n<p>Je garde un chaleureux souvenir de mes rencontres avec le Commandant Fidel. J\u2019ai toujours \u00e9t\u00e9 frapp\u00e9 de l\u2019envergure et de l\u2019acuit\u00e9 de son intelligence, de sa capacit\u00e9 \u00e0 parler des th\u00e8mes les plus diff\u00e9rents avec comp\u00e9tence. Notre derni\u00e8re rencontre date du 13 f\u00e9vrier de l\u2019ann\u00e9e en cours. J\u2019\u00e9tais venu lui rendre visite chez lui, le lendemain de ma rencontre avec le Pape Fran\u00e7ois de Rome.<\/p>\n<p>Je regarderai toujours dans mon c\u0153ur un bon souvenir de cet homme courageux et charismatique, ami sinc\u00e8re de l\u2019\u00c9glise orthodoxe russe.<\/p>\n<p>En ces jours de deuil, que le Seigneur vous envoie, ainsi qu\u2019\u00e0 toute la famille du Commandant Fidel Castro, forces et consolation.<\/p>\n<p>Avec mes profondes condol\u00e9ances.<\/p>\n<p style=\"text-align: right;\"><strong>+CYRILLE,<\/strong><\/p>\n<p style=\"text-align: right;\"><strong>PATRIARCHE DE MOSCOU ET DE TOUTE LA RUSSIE<\/strong><\/p>\n<p><\/p>","protected":false},"excerpt":{"rendered":"<p>Sa Saintet\u00e9 le Patriarche Cyrille de Moscou et de toute la Russie a exprim\u00e9 ses condol\u00e9ances apr\u00e8s le d\u00e9c\u00e8s de Fidel Castro Ruz.<\/p>\n","protected":false},"author":7,"featured_media":139160,"comment_status":"closed","ping_status":"closed","sticky":false,"template":"","format":"standard","meta":[],"categories":[16,1,2,11],"tags":[],"_links":{"self":[{"href":"https:\/\/old.mospat.ru\/fr\/wp-json\/wp\/v2\/posts\/139159"}],"collection":[{"href":"https:\/\/old.mospat.ru\/fr\/wp-json\/wp\/v2\/posts"}],"about":[{"href":"https:\/\/old.mospat.ru\/fr\/wp-json\/wp\/v2\/types\/post"}],"author":[{"embeddable":true,"href":"https:\/\/old.mospat.ru\/fr\/wp-json\/wp\/v2\/users\/7"}],"replies":[{"embeddable":true,"href":"https:\/\/old.mospat.ru\/fr\/wp-json\/wp\/v2\/comments?post=139159"}],"version-history":[{"count":0,"href":"https:\/\/old.mospat.ru\/fr\/wp-json\/wp\/v2\/posts\/139159\/revisions"}],"wp:featuredmedia":[{"embeddable":true,"href":"https:\/\/old.mospat.ru\/fr\/wp-json\/wp\/v2\/media\/139160"}],"wp:attachment":[{"href":"https:\/\/old.mospat.ru\/fr\/wp-json\/wp\/v2\/media?parent=139159"}],"wp:term":[{"taxonomy":"category","embeddable":true,"href":"https:\/\/old.mospat.ru\/fr\/wp-json\/wp\/v2\/categories?post=139159"},{"taxonomy":"post_tag","embeddable":true,"href":"https:\/\/old.mospat.ru\/fr\/wp-json\/wp\/v2\/tags?post=139159"}],"curies":[{"name":"wp","href":"https:\/\/api.w.org\/{rel}","templated":true}]}}