{"id":138342,"date":"2016-11-17T13:47:58","date_gmt":"2016-11-17T10:47:58","guid":{"rendered":"https:\/\/mospat.ru\/?p=138342"},"modified":"2016-11-18T16:51:55","modified_gmt":"2016-11-18T13:51:55","slug":"%d0%b7%d0%b0%d0%bc%d0%b5%d1%81%d1%82%d0%b8%d1%82%d0%b5%d0%bb%d1%8c-%d0%bf%d1%80%d0%b5%d0%b4%d1%81%d0%b5%d0%b4%d0%b0%d1%82%d0%b5%d0%bb%d1%8f-%d0%be%d0%b2%d1%86%d1%81-%d0%bf%d1%80%d0%b8%d0%bd%d1%8f-3","status":"publish","type":"post","link":"https:\/\/old.mospat.ru\/fr\/2016\/11\/17\/news138342\/","title":{"rendered":"LE VICE-PRESIDENT DU DREE A PARTICIPE A UNE CONFERENCE DE PRESSE SUR LE MINISTERE DE L\u2019EGLISE ORTHODOXE RUSSE DANS LE MONDE CONTEMPORAIN"},"content":{"rendered":"<p>\n\t\t<div id='gallery-4' class='gallery galleryid-138342 gallery-columns-3 gallery-size-thumbnail'>\n\t\t<div class='carousel-wrapper'>\n\t\t\t<div id='carousel-4' class='gallery-carousel'>\n\t\t\t\t<a href=\"https:\/\/old.mospat.ru\/wp-content\/uploads\/2016\/11\/DSC02645.jpg\" id=\"slide_item_400\" class=\"slide fancybox\" rel=\"gallery1\"><img src=\"https:\/\/old.mospat.ru\/wp-content\/uploads\/timthumb.php?src=https:\/\/old.mospat.ru\/wp-content\/uploads\/2016\/11\/DSC02645.jpg&w=632&h=380&q=95\" width=\"632\" height=\"380\"><\/a><a href=\"https:\/\/old.mospat.ru\/wp-content\/uploads\/2016\/11\/DSC02664.jpg\" id=\"slide_item_401\" class=\"slide fancybox\" rel=\"gallery1\"><img src=\"https:\/\/old.mospat.ru\/wp-content\/uploads\/timthumb.php?src=https:\/\/old.mospat.ru\/wp-content\/uploads\/2016\/11\/DSC02664.jpg&w=632&h=380&q=95\" width=\"632\" height=\"380\"><\/a>\n\t\t\t<\/div>\n\t\t<\/div>\n\t\t<div class='thumbs-wrapper'>\n\t\t\t<div id='thumbs-4' class='gallery-thumbs'>\n\t\t\t\t<a href=\"#slide_item_400\"><img src=\"https:\/\/old.mospat.ru\/wp-content\/uploads\/timthumb.php?src=https:\/\/old.mospat.ru\/wp-content\/uploads\/2016\/11\/DSC02645.jpg&w=150&h=100&q=95\"><\/a><a href=\"#slide_item_401\"><img src=\"https:\/\/old.mospat.ru\/wp-content\/uploads\/timthumb.php?src=https:\/\/old.mospat.ru\/wp-content\/uploads\/2016\/11\/DSC02664.jpg&w=150&h=100&q=95\"><\/a>\n\t\t\t<\/div>\n\t\t\t<a id='prev-4' class='gallery-thumbs-prev' href='#'><i class='icon-angle-circled-left'><\/i><\/a>\n\t\t\t<a id='next-4' class='gallery-thumbs-next' href='#'><i class='icon-angle-circled-right'><\/i><\/a>\n\t\t<\/div>\n\t<\/div><br \/>\nUne conf\u00e9rence de presse avait lieu \u00e0 Moscou le 16 novembre 2016 sur le th\u00e8me \u00ab\u00a0L\u2019\u00c9glise orthodoxe russe\u00a0: son minist\u00e8re dans un monde \u00e9voluant rapidement\u00a0\u00bb. Y participaient l\u2019\u00e9v\u00eaque Pant\u00e9l\u00e9imon d\u2019Orekhovo-Zou\u00efevo, pr\u00e9sident du D\u00e9partement synodal des \u0153uvres caritatives et du minist\u00e8re social, V. P. Lego\u00efda, pr\u00e9sident du D\u00e9partement synodal aux relations de l\u2019\u00c9glise avec la soci\u00e9t\u00e9 et les m\u00e9dias, l\u2019archimandrite Philar\u00e8te (Boulekov), vice-pr\u00e9sident du D\u00e9partement des relations eccl\u00e9siastiques ext\u00e9rieures du Patriarcat de Moscou, le pr\u00eatre Alexandre Volkov, directeur du service de presse du Patriarche de Moscou et de toute la Russie.<\/p>\n<p>L\u2019\u00c9glise orthodoxe russe accomplit son minist\u00e8re dans le monde contemporain, t\u00e9moignant de la foi orthodoxe, collaborant avec les communaut\u00e9s h\u00e9t\u00e9rodoxes et les repr\u00e9sentants des autres religions pour d\u00e9fendre les valeurs traditionnelles confront\u00e9es aux d\u00e9fis d\u2019un monde s\u00e9cularis\u00e9. L\u2019\u00c9glise se consacre aussi aux \u0153uvres de mis\u00e9ricorde, collectant des fonds pour les n\u00e9cessiteux et les personnes en d\u00e9tresse, appelant toutes les personnes de bonne volont\u00e9 \u00e0 manifester leur charit\u00e9. Les pers\u00e9cutions contre les chr\u00e9tiens au Proche Orient et dans d\u2019autres parties du monde sont aussi \u00e0 l\u2019ordre du jour. La position active de l\u2019\u00c9glise orthodoxe russe sur de nombreux th\u00e8mes d\u2019actualit\u00e9 est pour beaucoup d\u00e9finie par le Patriarche Cyrille. Cette ann\u00e9e, le Primat de l\u2019\u00c9glise russe f\u00eate son 70<sup>e<\/sup> anniversaire.<\/p>\n<p>Le sort des m\u00e9tropolites Paul d\u2019Alep (\u00c9glise orthodoxe d\u2019Antioche) et Gr\u00e9goire Jean Ibrahim (\u00c9glise syro-jacobite) a aussi \u00e9t\u00e9 abord\u00e9. \u00ab\u00a0L\u2019absence d\u2019information sur leur d\u00e9c\u00e8s permet de garder l\u2019espoir, de continuer \u00e0 prier et \u00e0 entreprendre tout ce qui est en notre pouvoir pour favoriser leur lib\u00e9ration. Nous n\u2019avons pas manqu\u00e9 de soulever la question du sort des m\u00e9tropolites enlev\u00e9s \u00e0 Alep \u00e0 chacune de nos rencontres avec les repr\u00e9sentants des autorit\u00e9s eccl\u00e9siastiques ou gouvernementales de tous les pays impliqu\u00e9s dans le conflit au Proche Orient. Nous esp\u00e9rons que les efforts entrepris aboutiront finalement \u00e0 la lib\u00e9ration des m\u00e9tropolites\u00a0\u00bb a dit l\u2019archimandrite Philar\u00e8te (Boulekov).<\/p>\n<p>Le vice-pr\u00e9sident du DREE a fait le point sur l\u2019\u00e9tat de l\u2019\u00c9glise orthodoxe russe. Il a mentionn\u00e9 le centenaire de la r\u00e9volution d\u2019octobre, qui sera c\u00e9l\u00e9br\u00e9 l\u2019an prochain, et les cons\u00e9quences tragiques des \u00e9v\u00e8nements r\u00e9volutionnaires et de la guerre civile, ainsi que des r\u00e9pressions des ann\u00e9es 30. Il a soulign\u00e9 que l\u2019\u00c9glise, au sortir de ces \u00e9preuves, n\u2019\u00e9tait devenue \u00ab\u00a0ni une pi\u00e8ce de mus\u00e9e, ni un \u00e9l\u00e9ment du patrimoine national, mais demeurait un organisme vivant.\u00a0\u00bb<\/p>\n<p>L\u2019archimandrite Philar\u00e8te a rappel\u00e9 que le Patriarche Cyrille avait v\u00e9cu plus de la moiti\u00e9 de cette p\u00e9riode tragique de l\u2019histoire russe. \u00ab\u00a0Il est n\u00e9 \u00e0 l\u2019\u00e9poque des r\u00e9pressions, qui ont touch\u00e9 sa famille et influ\u00e9 sur sa propre destin\u00e9e\u00a0\u00bb a r\u00e9sum\u00e9 le vice-pr\u00e9sident du DREE.<\/p>\n<p>De son c\u00f4t\u00e9, le pr\u00eatre Alexandre Volkov, directeur du Service de presse du Patriarche de Moscou et de toute la Russie, a pr\u00e9sent\u00e9 le programme des c\u00e9l\u00e9brations du 70<sup>e<\/sup> anniversaire de Sa Saintet\u00e9, auxquelles participeront les Primats ou les repr\u00e9sentants de nombreuses \u00c9glises orthodoxes locales. Tous participeront \u00e0 un office solennel \u00e0 l\u2019\u00e9glise du Christ Sauveur et s\u2019entretiendront avec Sa Saintet\u00e9 le Patriarche Cyrille du dialogue entre les \u00c9glises. Selon le directeur du Service de presse du Patriarche, Sa Saintet\u00e9 recevra aussi des d\u00e9l\u00e9gations des \u00c9glises catholique romaine et apostolique arm\u00e9nienne, ainsi que des repr\u00e9sentants du clerg\u00e9 musulman.<\/p>\n<p>Parlant des prochaines c\u00e9r\u00e9monies, Mgr Pant\u00e9l\u00e9imon a rappel\u00e9 que le Patriarche Cyrille a demand\u00e9 aux paroisses moscovites \u00e0 ne pas lui faire adresser de bouquets de fleurs pour son jubil\u00e9, mais \u00e0 faire un don \u00e0 un organisme caritatif. \u00ab\u00a0Les sommes d\u00e9pens\u00e9es auparavant pour des fleurs distribu\u00e9es ensuite dans les \u00e9glises, serviront \u00e0 l\u2019achat de mat\u00e9riel m\u00e9dical pour l\u2019h\u00f4pital Saint-Alexis\u00a0\u00bb a dit le pr\u00e9sident du d\u00e9partement synodal des \u0153uvres caritatives et du minist\u00e8re social.<\/p>\n<p>De son c\u00f4t\u00e9, le pr\u00e9sident du D\u00e9partement synodal aux relations entre l\u2019\u00c9glise et la soci\u00e9t\u00e9 et les m\u00e9dias, V. Lego\u00efda, a d\u00e9clar\u00e9 que l\u2019int\u00e9r\u00eat des m\u00e9dias pour l\u2019activit\u00e9 de l\u2019\u00c9glise orthodoxe russe et du Patriarche Cyrille de Moscou et de toute la Russie \u00e9tait en constante augmentation. Les hom\u00e9lies du Patriarche \u00e0 l\u2019occasion de diff\u00e9rentes comm\u00e9morations, le minist\u00e8re du Primat, l\u2019activit\u00e9 sociale et internationale de l\u2019\u00c9glise orthodoxe russe, ainsi que les initiatives de l\u2019\u00c9glise sur la soci\u00e9t\u00e9 russe et les relations entre l\u2019\u00c9glise et l\u2019\u00e9tat sont les th\u00e8mes qui int\u00e9ressent le plus les m\u00e9dias, a constat\u00e9 V. Lego\u00efda. Quant aux relations entre l\u2019\u00c9glise et l\u2019\u00e9tat, elles peuvent \u00eatre d\u00e9finies actuellement par le terme \u00ab\u00a0coop\u00e9ration\u00a0\u00bb.<\/p>\n<p>Comme l\u2019a constat\u00e9 le pr\u00e9sident du D\u00e9partement synodal aux relations entre l\u2019\u00c9glise et la soci\u00e9t\u00e9 et les m\u00e9dias, la rencontre du Patriarche Cyrille de Moscou avec le Pape Fran\u00e7ois de Rome a particuli\u00e8rement int\u00e9ress\u00e9 les m\u00e9dias. \u00ab\u00a0Les sondages effectu\u00e9s sur ce th\u00e8me ont montr\u00e9s qu\u2019un tr\u00e8s fort pourcentage de reporters ont comment\u00e9 positivement la rencontre des deux Primats et ses r\u00e9sultats\u00a0\u00bb a jout\u00e9 V. Lego\u00efda.<\/p>","protected":false},"excerpt":{"rendered":"<p>Une conf\u00e9rence de presse avait lieu \u00e0 Moscou le 16 novembre 2016 sur le th\u00e8me \u00ab L\u2019\u00c9glise orthodoxe russe : son minist\u00e8re dans un monde \u00e9voluant rapidement \u00bb.<\/p>\n","protected":false},"author":10,"featured_media":138346,"comment_status":"closed","ping_status":"closed","sticky":false,"template":"","format":"standard","meta":[],"categories":[1],"tags":[],"_links":{"self":[{"href":"https:\/\/old.mospat.ru\/fr\/wp-json\/wp\/v2\/posts\/138342"}],"collection":[{"href":"https:\/\/old.mospat.ru\/fr\/wp-json\/wp\/v2\/posts"}],"about":[{"href":"https:\/\/old.mospat.ru\/fr\/wp-json\/wp\/v2\/types\/post"}],"author":[{"embeddable":true,"href":"https:\/\/old.mospat.ru\/fr\/wp-json\/wp\/v2\/users\/10"}],"replies":[{"embeddable":true,"href":"https:\/\/old.mospat.ru\/fr\/wp-json\/wp\/v2\/comments?post=138342"}],"version-history":[{"count":0,"href":"https:\/\/old.mospat.ru\/fr\/wp-json\/wp\/v2\/posts\/138342\/revisions"}],"wp:featuredmedia":[{"embeddable":true,"href":"https:\/\/old.mospat.ru\/fr\/wp-json\/wp\/v2\/media\/138346"}],"wp:attachment":[{"href":"https:\/\/old.mospat.ru\/fr\/wp-json\/wp\/v2\/media?parent=138342"}],"wp:term":[{"taxonomy":"category","embeddable":true,"href":"https:\/\/old.mospat.ru\/fr\/wp-json\/wp\/v2\/categories?post=138342"},{"taxonomy":"post_tag","embeddable":true,"href":"https:\/\/old.mospat.ru\/fr\/wp-json\/wp\/v2\/tags?post=138342"}],"curies":[{"name":"wp","href":"https:\/\/api.w.org\/{rel}","templated":true}]}}