{"id":134765,"date":"2016-08-19T16:42:54","date_gmt":"2016-08-19T13:42:54","guid":{"rendered":"https:\/\/mospat.ru\/?p=134765"},"modified":"2016-08-22T15:36:15","modified_gmt":"2016-08-22T12:36:15","slug":"%d0%b8%d0%b5%d1%80%d0%b0%d1%80%d1%85-%d1%80%d1%83%d1%81%d1%81%d0%ba%d0%be%d0%b9-%d0%bf%d1%80%d0%b0%d0%b2%d0%be%d1%81%d0%bb%d0%b0%d0%b2%d0%bd%d0%be%d0%b9-%d1%86%d0%b5%d1%80%d0%ba%d0%b2%d0%b8-%d0%bf-4","status":"publish","type":"post","link":"https:\/\/old.mospat.ru\/fr\/2016\/08\/19\/news134765\/","title":{"rendered":"Un hi\u00e9rarque de l\u2019\u00c9glise orthodoxe russe a particip\u00e9 aux c\u00e9l\u00e9brations du 1070e anniversaire du tr\u00e9pas de saint Jean de Ryla"},"content":{"rendered":"<p>\n\t\t<div id='gallery-4' class='gallery galleryid-134765 gallery-columns-3 gallery-size-thumbnail'>\n\t\t<div class='carousel-wrapper'>\n\t\t\t<div id='carousel-4' class='gallery-carousel'>\n\t\t\t\t<a href=\"https:\/\/old.mospat.ru\/wp-content\/uploads\/2016\/08\/2-1-1024x682.jpg\" id=\"slide_item_400\" class=\"slide fancybox\" rel=\"gallery1\"><img src=\"https:\/\/old.mospat.ru\/wp-content\/uploads\/timthumb.php?src=https:\/\/old.mospat.ru\/wp-content\/uploads\/2016\/08\/2-1-1024x682.jpg&w=632&h=380&q=95\" width=\"632\" height=\"380\"><\/a><a href=\"https:\/\/old.mospat.ru\/wp-content\/uploads\/2016\/08\/12-1-1024x682.jpg\" id=\"slide_item_401\" class=\"slide fancybox\" rel=\"gallery1\"><img src=\"https:\/\/old.mospat.ru\/wp-content\/uploads\/timthumb.php?src=https:\/\/old.mospat.ru\/wp-content\/uploads\/2016\/08\/12-1-1024x682.jpg&w=632&h=380&q=95\" width=\"632\" height=\"380\"><\/a><a href=\"https:\/\/old.mospat.ru\/wp-content\/uploads\/2016\/08\/14-1-1024x682.jpg\" id=\"slide_item_402\" class=\"slide fancybox\" rel=\"gallery1\"><img src=\"https:\/\/old.mospat.ru\/wp-content\/uploads\/timthumb.php?src=https:\/\/old.mospat.ru\/wp-content\/uploads\/2016\/08\/14-1-1024x682.jpg&w=632&h=380&q=95\" width=\"632\" height=\"380\"><\/a><a href=\"https:\/\/old.mospat.ru\/wp-content\/uploads\/2016\/08\/17-1-1024x682.jpg\" id=\"slide_item_403\" class=\"slide fancybox\" rel=\"gallery1\"><img src=\"https:\/\/old.mospat.ru\/wp-content\/uploads\/timthumb.php?src=https:\/\/old.mospat.ru\/wp-content\/uploads\/2016\/08\/17-1-1024x682.jpg&w=632&h=380&q=95\" width=\"632\" height=\"380\"><\/a><a href=\"https:\/\/old.mospat.ru\/wp-content\/uploads\/2016\/08\/19-1-1024x576.jpg\" id=\"slide_item_404\" class=\"slide fancybox\" rel=\"gallery1\"><img src=\"https:\/\/old.mospat.ru\/wp-content\/uploads\/timthumb.php?src=https:\/\/old.mospat.ru\/wp-content\/uploads\/2016\/08\/19-1-1024x576.jpg&w=632&h=380&q=95\" width=\"632\" height=\"380\"><\/a><a href=\"https:\/\/old.mospat.ru\/wp-content\/uploads\/2016\/08\/20-1-1024x755.jpg\" id=\"slide_item_405\" class=\"slide fancybox\" rel=\"gallery1\"><img src=\"https:\/\/old.mospat.ru\/wp-content\/uploads\/timthumb.php?src=https:\/\/old.mospat.ru\/wp-content\/uploads\/2016\/08\/20-1-1024x755.jpg&w=632&h=380&q=95\" width=\"632\" height=\"380\"><\/a>\n\t\t\t<\/div>\n\t\t<\/div>\n\t\t<div class='thumbs-wrapper'>\n\t\t\t<div id='thumbs-4' class='gallery-thumbs'>\n\t\t\t\t<a href=\"#slide_item_400\"><img src=\"https:\/\/old.mospat.ru\/wp-content\/uploads\/timthumb.php?src=https:\/\/old.mospat.ru\/wp-content\/uploads\/2016\/08\/2-1-1024x682.jpg&w=150&h=100&q=95\"><\/a><a href=\"#slide_item_401\"><img src=\"https:\/\/old.mospat.ru\/wp-content\/uploads\/timthumb.php?src=https:\/\/old.mospat.ru\/wp-content\/uploads\/2016\/08\/12-1-1024x682.jpg&w=150&h=100&q=95\"><\/a><a href=\"#slide_item_402\"><img src=\"https:\/\/old.mospat.ru\/wp-content\/uploads\/timthumb.php?src=https:\/\/old.mospat.ru\/wp-content\/uploads\/2016\/08\/14-1-1024x682.jpg&w=150&h=100&q=95\"><\/a><a href=\"#slide_item_403\"><img src=\"https:\/\/old.mospat.ru\/wp-content\/uploads\/timthumb.php?src=https:\/\/old.mospat.ru\/wp-content\/uploads\/2016\/08\/17-1-1024x682.jpg&w=150&h=100&q=95\"><\/a><a href=\"#slide_item_404\"><img src=\"https:\/\/old.mospat.ru\/wp-content\/uploads\/timthumb.php?src=https:\/\/old.mospat.ru\/wp-content\/uploads\/2016\/08\/19-1-1024x576.jpg&w=150&h=100&q=95\"><\/a><a href=\"#slide_item_405\"><img src=\"https:\/\/old.mospat.ru\/wp-content\/uploads\/timthumb.php?src=https:\/\/old.mospat.ru\/wp-content\/uploads\/2016\/08\/20-1-1024x755.jpg&w=150&h=100&q=95\"><\/a>\n\t\t\t<\/div>\n\t\t\t<a id='prev-4' class='gallery-thumbs-prev' href='#'><i class='icon-angle-circled-left'><\/i><\/a>\n\t\t\t<a id='next-4' class='gallery-thumbs-next' href='#'><i class='icon-angle-circled-right'><\/i><\/a>\n\t\t<\/div>\n\t<\/div><br \/>\nLe 18 ao\u00fbt 2016, m\u00e9moire de saint Jean de Ryla, l\u2019\u00c9glise orthodoxe bulgare f\u00eatait le 1070<sup>e<\/sup> anniversaire du tr\u00e9pas de ce saint.<\/p>\n<p>Le jour de la f\u00eate, le Patriarche N\u00e9ophyte de Bulgarie a c\u00e9l\u00e9br\u00e9 la Divine liturgie au monast\u00e8re de Ryla. Sa Saintet\u00e9 conc\u00e9l\u00e9brait avec les repr\u00e9sentants des \u00c9glises orthodoxes locales d\u2019Alexandrie, de J\u00e9rusalem, de G\u00e9orgie, de Serbie et de Pologne.<\/p>\n<p>Avec la b\u00e9n\u00e9diction de Sa Saintet\u00e9 le Patriarche Cyrille de Moscou et de toute la Russie, l\u2019\u00e9v\u00eaque Jacques de Narian-Mar et de Mezen repr\u00e9sentait l\u2019\u00c9glise orthodoxe russe.<\/p>\n<p>Les membres du Saint Synode de l\u2019\u00c9glise de Bulgarie, l\u2019archimandrite Philippe (Vassilitsev), recteur de l\u2019\u00e9glise Saint-Nicolas, m\u00e9tochion de l\u2019\u00c9glise orthodoxe russe, un repr\u00e9sentant du Patriarcat de Bulgarie et les membres de la communaut\u00e9 monastique ayant rang eccl\u00e9siastique conc\u00e9l\u00e9braient \u00e9galement.<\/p>\n<p>L\u2019office \u00e9tait c\u00e9l\u00e9br\u00e9 en pr\u00e9sence du chef de la Direction des confessions pr\u00e8s du Conseil des ministres de la R\u00e9publique de Bulgarie, E. Velinov, et du maire de Kyoustendil, P. Paounov.<\/p>\n<p>Apr\u00e8s le renvoi, le Patriarche N\u00e9ophyte a prononc\u00e9 une hom\u00e9lie.<\/p>","protected":false},"excerpt":{"rendered":"<p>Le 18 ao\u00fbt 2016, m\u00e9moire de saint Jean de Ryla, l\u2019\u00c9glise orthodoxe bulgare f\u00eatait le 1070e anniversaire du tr\u00e9pas de ce saint.<\/p>\n","protected":false},"author":17,"featured_media":134773,"comment_status":"closed","ping_status":"closed","sticky":false,"template":"","format":"standard","meta":[],"categories":[9,1],"tags":[],"_links":{"self":[{"href":"https:\/\/old.mospat.ru\/fr\/wp-json\/wp\/v2\/posts\/134765"}],"collection":[{"href":"https:\/\/old.mospat.ru\/fr\/wp-json\/wp\/v2\/posts"}],"about":[{"href":"https:\/\/old.mospat.ru\/fr\/wp-json\/wp\/v2\/types\/post"}],"author":[{"embeddable":true,"href":"https:\/\/old.mospat.ru\/fr\/wp-json\/wp\/v2\/users\/17"}],"replies":[{"embeddable":true,"href":"https:\/\/old.mospat.ru\/fr\/wp-json\/wp\/v2\/comments?post=134765"}],"version-history":[{"count":0,"href":"https:\/\/old.mospat.ru\/fr\/wp-json\/wp\/v2\/posts\/134765\/revisions"}],"wp:featuredmedia":[{"embeddable":true,"href":"https:\/\/old.mospat.ru\/fr\/wp-json\/wp\/v2\/media\/134773"}],"wp:attachment":[{"href":"https:\/\/old.mospat.ru\/fr\/wp-json\/wp\/v2\/media?parent=134765"}],"wp:term":[{"taxonomy":"category","embeddable":true,"href":"https:\/\/old.mospat.ru\/fr\/wp-json\/wp\/v2\/categories?post=134765"},{"taxonomy":"post_tag","embeddable":true,"href":"https:\/\/old.mospat.ru\/fr\/wp-json\/wp\/v2\/tags?post=134765"}],"curies":[{"name":"wp","href":"https:\/\/api.w.org\/{rel}","templated":true}]}}