{"id":134285,"date":"2016-07-26T19:27:32","date_gmt":"2016-07-26T16:27:32","guid":{"rendered":"https:\/\/mospat.ru\/?p=134285"},"modified":"2016-08-01T23:14:01","modified_gmt":"2016-08-01T20:14:01","slug":"%d1%81%d0%be%d0%b1%d0%be%d0%bb%d0%b5%d0%b7%d0%bd%d0%be%d0%b2%d0%b0%d0%bd%d0%b8%d0%b5-%d1%81%d0%b2%d1%8f%d1%82%d0%b5%d0%b9%d1%88%d0%b5%d0%b3%d0%be-%d0%bf%d0%b0%d1%82%d1%80%d0%b8%d0%b0%d1%80%d1%85-12","status":"publish","type":"post","link":"https:\/\/old.mospat.ru\/fr\/2016\/07\/26\/news134285\/","title":{"rendered":"Condol\u00e9ances de Sa Saintet\u00e9 le Patriarche Cyrille suite \u00e0 l\u2019attaque contre une \u00e9glise et \u00e0 l\u2019assassinat d\u2019un pr\u00eatre catholique dans la banlieue de Rouen (France)"},"content":{"rendered":"<p><em>Sa Saintet\u00e9 le Patriarche Cyrille de Moscou et de toute la Russie a exprim\u00e9 ses condol\u00e9ances apr\u00e8s la prise d\u2019otages et l\u2019assassinat du pr\u00eatre Jacques Hamel, \u00e2g\u00e9 de 86 ans, dans la banlieue de Rouen dans le nord de la France.<\/em><\/p>\n<p style=\"text-align: center;\"><strong>Son \u00c9minence r\u00e9v\u00e9rendissime le cardinal Andr\u00e9 Vingt-Trois<br \/>\nArchev\u00eaque de Paris,<br \/>\nPr\u00e9sident de la Conf\u00e9rence des \u00e9v\u00eaques de France<\/strong><\/p>\n<p style=\"text-align: center;\">Monsieur le Cardinal,<\/p>\n<p>C\u2019est avec un sentiment de profonde affliction que j\u2019ai appris l\u2019atroce m\u00e9fait commis dans une \u00e9glise catholique de Rouen, la prise d\u2019otages pendant la c\u00e9l\u00e9bration de la messe et l\u2019assassinat du pr\u00eatre Jacques Hamel.<\/p>\n<p>Ce crime insolent a \u00e9t\u00e9 commis dans un lieu saint et frappe par l\u2019inhumaine cruaut\u00e9 avec laquelle toutes les normes morales possibles sont foul\u00e9es aux pieds. Il n\u2019a et ne peut avoir aucune justification.<\/p>\n<p>Je vous exprime mes sinc\u00e8res condol\u00e9ances, ainsi qu\u2019au clerg\u00e9 et aux fid\u00e8les de l\u2019\u00c9glise catholique-romaine en France, aux parents, aux proches et aux enfants spirituels du pasteur assassin\u00e9.<\/p>\n<p>Que Dieu qui \u00ab a tant aim\u00e9 le monde qu\u2019Il a donn\u00e9 Son Fils unique pour que quiconque croit en Lui ne meurt pas, mais ait la vie \u00e9ternelle \u00bb (Jn 3, 16) fasse reposer l\u2019\u00e2me de Son serviteur dans les demeures c\u00e9lestes, console et soutienne toutes les victimes et accorde au peuple fran\u00e7ais paix et b\u00e9n\u00e9diction.<\/p>\n<p>Agr\u00e9ez, Monsieur le Cardinal, l\u2019assurance de mon amiti\u00e9 dans le Seigneur.<\/p>\n<p style=\"text-align: right;\"><strong>+ CYRILLE,<br \/>\nPATRIARCHE DE MOSCOU ET DE TOUTE LA RUSSIE<\/strong><\/p>\n<p><\/p>","protected":false},"excerpt":{"rendered":"<p>Sa Saintet\u00e9 le Patriarche Cyrille de Moscou et de toute la Russie a exprim\u00e9 ses condol\u00e9ances apr\u00e8s la prise d\u2019otages et l\u2019assassinat du pr\u00eatre Jacques Hamel, \u00e2g\u00e9 de 86 ans, dans la banlieue de Rouen dans le nord de la France.<\/p>\n","protected":false},"author":7,"featured_media":101947,"comment_status":"closed","ping_status":"closed","sticky":false,"template":"","format":"standard","meta":[],"categories":[16,10,1,2],"tags":[],"_links":{"self":[{"href":"https:\/\/old.mospat.ru\/fr\/wp-json\/wp\/v2\/posts\/134285"}],"collection":[{"href":"https:\/\/old.mospat.ru\/fr\/wp-json\/wp\/v2\/posts"}],"about":[{"href":"https:\/\/old.mospat.ru\/fr\/wp-json\/wp\/v2\/types\/post"}],"author":[{"embeddable":true,"href":"https:\/\/old.mospat.ru\/fr\/wp-json\/wp\/v2\/users\/7"}],"replies":[{"embeddable":true,"href":"https:\/\/old.mospat.ru\/fr\/wp-json\/wp\/v2\/comments?post=134285"}],"version-history":[{"count":0,"href":"https:\/\/old.mospat.ru\/fr\/wp-json\/wp\/v2\/posts\/134285\/revisions"}],"wp:featuredmedia":[{"embeddable":true,"href":"https:\/\/old.mospat.ru\/fr\/wp-json\/wp\/v2\/media\/101947"}],"wp:attachment":[{"href":"https:\/\/old.mospat.ru\/fr\/wp-json\/wp\/v2\/media?parent=134285"}],"wp:term":[{"taxonomy":"category","embeddable":true,"href":"https:\/\/old.mospat.ru\/fr\/wp-json\/wp\/v2\/categories?post=134285"},{"taxonomy":"post_tag","embeddable":true,"href":"https:\/\/old.mospat.ru\/fr\/wp-json\/wp\/v2\/tags?post=134285"}],"curies":[{"name":"wp","href":"https:\/\/api.w.org\/{rel}","templated":true}]}}