{"id":132741,"date":"2016-06-08T17:02:38","date_gmt":"2016-06-08T14:02:38","guid":{"rendered":"https:\/\/mospat.ru\/?p=132741"},"modified":"2016-06-13T22:46:04","modified_gmt":"2016-06-13T19:46:04","slug":"%d0%b7%d0%b0%d0%bc%d0%b5%d1%81%d1%82%d0%b8%d1%82%d0%b5%d0%bb%d1%8c-%d0%bf%d1%80%d0%b5%d0%b4%d1%81%d0%b5%d0%b4%d0%b0%d1%82%d0%b5%d0%bb%d1%8f-%d0%be%d0%b2%d1%86%d1%81-%d0%b2%d1%81%d1%82%d1%80%d0%b5-4","status":"publish","type":"post","link":"https:\/\/old.mospat.ru\/fr\/2016\/06\/08\/news132741\/","title":{"rendered":"Le vice-pr\u00e9sident du DREE a rencontr\u00e9 le conseiller aux affaires religieuses du minist\u00e8re des Affaires \u00e9trang\u00e8res de France"},"content":{"rendered":"<p>\n\t\t<div id='gallery-2' class='gallery galleryid-132741 gallery-columns-3 gallery-size-thumbnail'>\n\t\t<div class='carousel-wrapper'>\n\t\t\t<div id='carousel-2' class='gallery-carousel'>\n\t\t\t\t<a href=\"https:\/\/old.mospat.ru\/wp-content\/uploads\/2016\/06\/ECR_2988.jpg\" id=\"slide_item_200\" class=\"slide fancybox\" rel=\"gallery1\"><img src=\"https:\/\/old.mospat.ru\/wp-content\/uploads\/timthumb.php?src=https:\/\/old.mospat.ru\/wp-content\/uploads\/2016\/06\/ECR_2988.jpg&w=632&h=380&q=95\" width=\"632\" height=\"380\"><\/a><a href=\"https:\/\/old.mospat.ru\/wp-content\/uploads\/2016\/06\/ECR_2963.jpg\" id=\"slide_item_201\" class=\"slide fancybox\" rel=\"gallery1\"><img src=\"https:\/\/old.mospat.ru\/wp-content\/uploads\/timthumb.php?src=https:\/\/old.mospat.ru\/wp-content\/uploads\/2016\/06\/ECR_2963.jpg&w=632&h=380&q=95\" width=\"632\" height=\"380\"><\/a><a href=\"https:\/\/old.mospat.ru\/wp-content\/uploads\/2016\/06\/ECR_2938.jpg\" id=\"slide_item_202\" class=\"slide fancybox\" rel=\"gallery1\"><img src=\"https:\/\/old.mospat.ru\/wp-content\/uploads\/timthumb.php?src=https:\/\/old.mospat.ru\/wp-content\/uploads\/2016\/06\/ECR_2938.jpg&w=632&h=380&q=95\" width=\"632\" height=\"380\"><\/a>\n\t\t\t<\/div>\n\t\t<\/div>\n\t\t<div class='thumbs-wrapper'>\n\t\t\t<div id='thumbs-2' class='gallery-thumbs'>\n\t\t\t\t<a href=\"#slide_item_200\"><img src=\"https:\/\/old.mospat.ru\/wp-content\/uploads\/timthumb.php?src=https:\/\/old.mospat.ru\/wp-content\/uploads\/2016\/06\/ECR_2988.jpg&w=150&h=100&q=95\"><\/a><a href=\"#slide_item_201\"><img src=\"https:\/\/old.mospat.ru\/wp-content\/uploads\/timthumb.php?src=https:\/\/old.mospat.ru\/wp-content\/uploads\/2016\/06\/ECR_2963.jpg&w=150&h=100&q=95\"><\/a><a href=\"#slide_item_202\"><img src=\"https:\/\/old.mospat.ru\/wp-content\/uploads\/timthumb.php?src=https:\/\/old.mospat.ru\/wp-content\/uploads\/2016\/06\/ECR_2938.jpg&w=150&h=100&q=95\"><\/a>\n\t\t\t<\/div>\n\t\t\t<a id='prev-2' class='gallery-thumbs-prev' href='#'><i class='icon-angle-circled-left'><\/i><\/a>\n\t\t\t<a id='next-2' class='gallery-thumbs-next' href='#'><i class='icon-angle-circled-right'><\/i><\/a>\n\t\t<\/div>\n\t<\/div><br \/>\nLe 8 juin 2016, l\u2019archimandrite Philar\u00e8te (Boulekov), vice-pr\u00e9sident du D\u00e9partement des relations eccl\u00e9siastiques ext\u00e9rieures du Patriarcat de Moscou, a re\u00e7u M. Jean-Christophe Peaucelle, conseiller aux affaires religieuses du minist\u00e8re des Affaire \u00e9trang\u00e8res de France. La partie fran\u00e7aise \u00e9tait aussi repr\u00e9sent\u00e9e par le conseiller de l\u2019Ambassade de France, Nicolas de Lacoste, et par l\u2019interpr\u00e8te de l\u2019Ambassade, Tatiana Kaboulova. O. A. Mazur, employ\u00e9e du Secr\u00e9tariat du DREE aux affaires de l\u2019\u00e9tranger lointain, prenait aussi part \u00e0 la rencontre.<\/p>\n<p>L\u2019archimandrite Philar\u00e8te a accueilli ses h\u00f4tes dans les murs de l\u2019institution synodale, dont il a retrac\u00e9 l\u2019histoire et expliqu\u00e9 le r\u00f4le aujourd\u2019hui. Le vice-pr\u00e9sident du DREE a inform\u00e9 le diplomate fran\u00e7ais des efforts du Patriarcat de Moscou pour la d\u00e9fense des chr\u00e9tiens du Proche Orient et d\u2019Afrique du Nord, exprimant l\u2019espoir que la voix des chr\u00e9tiens en d\u00e9tresse serait entendue de la communaut\u00e9 internationale. Parmi les th\u00e8mes soulev\u00e9s pendant l\u2019entretien, figurait la pr\u00e9paration au Concile panorthodoxe.<\/p>\n<p>De son c\u00f4t\u00e9, M. Peaucelle a remerci\u00e9 l\u2019archimandrite de son accueil, l\u2019assurant de la volont\u00e9 de la France d\u2019\u0153uvrer \u00e0 la protection de la population chr\u00e9tienne du Proche Orient.<\/p>","protected":false},"excerpt":{"rendered":"<p>Le 8 juin 2016, l\u2019archimandrite Philar\u00e8te (Boulekov), vice-pr\u00e9sident du D\u00e9partement des relations eccl\u00e9siastiques ext\u00e9rieures du Patriarcat de Moscou, a re\u00e7u M. Jean-Christophe Peaucelle, conseiller aux affaires religieuses du minist\u00e8re des Affaire \u00e9trang\u00e8res de France.<\/p>\n","protected":false},"author":15,"featured_media":132744,"comment_status":"closed","ping_status":"closed","sticky":false,"template":"","format":"standard","meta":[],"categories":[16,1],"tags":[],"_links":{"self":[{"href":"https:\/\/old.mospat.ru\/fr\/wp-json\/wp\/v2\/posts\/132741"}],"collection":[{"href":"https:\/\/old.mospat.ru\/fr\/wp-json\/wp\/v2\/posts"}],"about":[{"href":"https:\/\/old.mospat.ru\/fr\/wp-json\/wp\/v2\/types\/post"}],"author":[{"embeddable":true,"href":"https:\/\/old.mospat.ru\/fr\/wp-json\/wp\/v2\/users\/15"}],"replies":[{"embeddable":true,"href":"https:\/\/old.mospat.ru\/fr\/wp-json\/wp\/v2\/comments?post=132741"}],"version-history":[{"count":0,"href":"https:\/\/old.mospat.ru\/fr\/wp-json\/wp\/v2\/posts\/132741\/revisions"}],"wp:featuredmedia":[{"embeddable":true,"href":"https:\/\/old.mospat.ru\/fr\/wp-json\/wp\/v2\/media\/132744"}],"wp:attachment":[{"href":"https:\/\/old.mospat.ru\/fr\/wp-json\/wp\/v2\/media?parent=132741"}],"wp:term":[{"taxonomy":"category","embeddable":true,"href":"https:\/\/old.mospat.ru\/fr\/wp-json\/wp\/v2\/categories?post=132741"},{"taxonomy":"post_tag","embeddable":true,"href":"https:\/\/old.mospat.ru\/fr\/wp-json\/wp\/v2\/tags?post=132741"}],"curies":[{"name":"wp","href":"https:\/\/api.w.org\/{rel}","templated":true}]}}