{"id":131276,"date":"2016-05-13T12:33:43","date_gmt":"2016-05-13T09:33:43","guid":{"rendered":"https:\/\/mospat.ru\/?p=131276"},"modified":"2016-05-13T17:00:09","modified_gmt":"2016-05-13T14:00:09","slug":"%d0%bf%d1%80%d0%b5%d0%b4%d1%81%d1%82%d0%b0%d0%b2%d0%b8%d1%82%d0%b5%d0%bb%d0%b8-%d1%80%d1%83%d1%81%d1%81%d0%ba%d0%be%d0%b9-%d0%bf%d1%80%d0%b0%d0%b2%d0%be%d1%81%d0%bb%d0%b0%d0%b2%d0%bd%d0%be%d0%b9-3","status":"publish","type":"post","link":"https:\/\/old.mospat.ru\/fr\/2016\/05\/13\/news131276\/","title":{"rendered":"Des repr\u00e9sentants de l\u2019\u00c9glise orthodoxe russe ont particip\u00e9 \u00e0 la r\u00e9union du Conseil pr\u00e9sidentiel pour la coop\u00e9ration avec les associations religieuses"},"content":{"rendered":"<p>\n\t\t<div id='gallery-4' class='gallery galleryid-131276 gallery-columns-3 gallery-size-thumbnail'>\n\t\t<div class='carousel-wrapper'>\n\t\t\t<div id='carousel-4' class='gallery-carousel'>\n\t\t\t\t<a href=\"https:\/\/old.mospat.ru\/wp-content\/uploads\/2016\/05\/hoDalsuvW4HRcL2fqsqOSIG9g8VkSh3F.jpg\" id=\"slide_item_400\" class=\"slide fancybox\" rel=\"gallery1\"><img src=\"https:\/\/old.mospat.ru\/wp-content\/uploads\/timthumb.php?src=https:\/\/old.mospat.ru\/wp-content\/uploads\/2016\/05\/hoDalsuvW4HRcL2fqsqOSIG9g8VkSh3F.jpg&w=632&h=380&q=95\" width=\"632\" height=\"380\"><\/a><a href=\"https:\/\/old.mospat.ru\/wp-content\/uploads\/2016\/05\/G8wiVQz2pYtrIVCpGwmoMGKZQAJvAHei.jpg\" id=\"slide_item_401\" class=\"slide fancybox\" rel=\"gallery1\"><img src=\"https:\/\/old.mospat.ru\/wp-content\/uploads\/timthumb.php?src=https:\/\/old.mospat.ru\/wp-content\/uploads\/2016\/05\/G8wiVQz2pYtrIVCpGwmoMGKZQAJvAHei.jpg&w=632&h=380&q=95\" width=\"632\" height=\"380\"><\/a><a href=\"https:\/\/old.mospat.ru\/wp-content\/uploads\/2016\/05\/LTApH9GEXESWHIPMqbWgk3GKLwbAhKOH.jpg\" id=\"slide_item_402\" class=\"slide fancybox\" rel=\"gallery1\"><img src=\"https:\/\/old.mospat.ru\/wp-content\/uploads\/timthumb.php?src=https:\/\/old.mospat.ru\/wp-content\/uploads\/2016\/05\/LTApH9GEXESWHIPMqbWgk3GKLwbAhKOH.jpg&w=632&h=380&q=95\" width=\"632\" height=\"380\"><\/a>\n\t\t\t<\/div>\n\t\t<\/div>\n\t\t<div class='thumbs-wrapper'>\n\t\t\t<div id='thumbs-4' class='gallery-thumbs'>\n\t\t\t\t<a href=\"#slide_item_400\"><img src=\"https:\/\/old.mospat.ru\/wp-content\/uploads\/timthumb.php?src=https:\/\/old.mospat.ru\/wp-content\/uploads\/2016\/05\/hoDalsuvW4HRcL2fqsqOSIG9g8VkSh3F.jpg&w=150&h=100&q=95\"><\/a><a href=\"#slide_item_401\"><img src=\"https:\/\/old.mospat.ru\/wp-content\/uploads\/timthumb.php?src=https:\/\/old.mospat.ru\/wp-content\/uploads\/2016\/05\/G8wiVQz2pYtrIVCpGwmoMGKZQAJvAHei.jpg&w=150&h=100&q=95\"><\/a><a href=\"#slide_item_402\"><img src=\"https:\/\/old.mospat.ru\/wp-content\/uploads\/timthumb.php?src=https:\/\/old.mospat.ru\/wp-content\/uploads\/2016\/05\/LTApH9GEXESWHIPMqbWgk3GKLwbAhKOH.jpg&w=150&h=100&q=95\"><\/a>\n\t\t\t<\/div>\n\t\t\t<a id='prev-4' class='gallery-thumbs-prev' href='#'><i class='icon-angle-circled-left'><\/i><\/a>\n\t\t\t<a id='next-4' class='gallery-thumbs-next' href='#'><i class='icon-angle-circled-right'><\/i><\/a>\n\t\t<\/div>\n\t<\/div><br \/>\nCette r\u00e9union a eu lieu jeudi au Kremlin sous la pr\u00e9sidence du directeur de l\u2019Administration pr\u00e9sidentielle, S. B. Ivanov. Elle \u00e9tait consacr\u00e9e au \u00ab\u00a0R\u00f4le de la Russie dans la protection des croyants dans le monde\u00a0\u00bb. Le m\u00e9tropolite Juv\u00e9nal de Kroutitsy et de Kolomna, le m\u00e9tropolite Hilarion de Volokolamsk, pr\u00e9sident du D\u00e9partement des relations eccl\u00e9siastiques ext\u00e9rieures du Patriarcat de Moscou et V. R. Lego\u00efda, pr\u00e9sident du D\u00e9partement synodal aux relations de l\u2019\u00c9glise avec la soci\u00e9t\u00e9 et les m\u00e9dias, \u00e9taient au nombre des participants.<\/p>\n<p>Le m\u00e9tropolite Hilarion a pr\u00e9sent\u00e9 un expos\u00e9 sur le r\u00f4le de l\u2019\u00c9glise orthodoxe russe dans la protection des droits des croyants dans le monde. Parlant de la libert\u00e9 de parole et de confession, le m\u00e9tropolite Hilarion a notamment soulign\u00e9 que, pour la premi\u00e8re fois, la tendance \u00e9tait \u00e0 l\u2019agressivit\u00e9 syst\u00e9matique de la part des forces s\u00e9culi\u00e8res envers les croyants. Le m\u00e9tropolite Juv\u00e9nal et V. Lego\u00efda sont intervenus \u00e0 leur tour.<\/p>\n<p>Les membres du Conseil ont affirm\u00e9 leur soutien \u00e0 la d\u00e9claration commune du Patriarche Cyrille de Moscou et de toute la Russie et du Pape Fran\u00e7ois de Rome, sign\u00e9e \u00e0 l\u2019issue de la rencontre de Cuba. Cette d\u00e9claration contient un appel \u00e0 \u00e9tablir la paix, \u00e0 agir pour sauver les croyants dans les zones de conflits arm\u00e9s, \u00e0 d\u00e9fendre les fondements religieux de la civilisation.<\/p>\n<p>Les participants ont exprim\u00e9 leur inqui\u00e9tude quant \u00e0 la situation en Ukraine, o\u00f9 sont activement discut\u00e9es plusieurs initiatives l\u00e9gislatives visant \u00e0 limiter l\u2019activit\u00e9 de l\u2019\u00c9glise orthodoxe ukrainienne du Patriarcat de Moscou, tandis que certaines forces continuent \u00e0 s\u2019emparer de ses \u00e9glises ou \u00e0 perp\u00e9trer des actes de violence contre ses clercs et ses fid\u00e8les.<\/p>\n<p>Pendant la r\u00e9union, V. Lego\u00efda a \u00e9t\u00e9 \u00e9lu pr\u00e9sident de la Commission du Conseil pour l\u2019harmonisation des relations interethniques et interreligieuses.<\/p>\n<p>Le Conseil pour la coop\u00e9ration avec les associations religieuses est un organe consultatif, examinant au pr\u00e9alable les questions soumises au Pr\u00e9sident et pr\u00e9parant des propositions sur les relations entre le chef de l\u2019\u00e9tat et les associations religieuses, et sur l\u2019am\u00e9lioration de la culture spirituelle au sein de la soci\u00e9t\u00e9.<\/p>\n<p>Les principales fonctions du Conseil sont de maintenir une interaction entre le Pr\u00e9sident et les associations religieuses et d\u2019\u0153uvrer au renforcement de la concorde civile, de la compr\u00e9hension mutuelle, de la tol\u00e9rance et du respect mutuel sur les probl\u00e8mes de la libert\u00e9 de conscience et de confession religieuse.<\/p>","protected":false},"excerpt":{"rendered":"<p>Cette r\u00e9union a eu lieu jeudi au Kremlin sous la pr\u00e9sidence du directeur de l\u2019Administration pr\u00e9sidentielle, S. B. Ivanov. Elle \u00e9tait consacr\u00e9e au \u00ab R\u00f4le de la Russie dans la protection des croyants dans le monde \u00bb.<\/p>\n","protected":false},"author":15,"featured_media":131278,"comment_status":"closed","ping_status":"closed","sticky":false,"template":"","format":"standard","meta":[],"categories":[1,12],"tags":[],"_links":{"self":[{"href":"https:\/\/old.mospat.ru\/fr\/wp-json\/wp\/v2\/posts\/131276"}],"collection":[{"href":"https:\/\/old.mospat.ru\/fr\/wp-json\/wp\/v2\/posts"}],"about":[{"href":"https:\/\/old.mospat.ru\/fr\/wp-json\/wp\/v2\/types\/post"}],"author":[{"embeddable":true,"href":"https:\/\/old.mospat.ru\/fr\/wp-json\/wp\/v2\/users\/15"}],"replies":[{"embeddable":true,"href":"https:\/\/old.mospat.ru\/fr\/wp-json\/wp\/v2\/comments?post=131276"}],"version-history":[{"count":0,"href":"https:\/\/old.mospat.ru\/fr\/wp-json\/wp\/v2\/posts\/131276\/revisions"}],"wp:featuredmedia":[{"embeddable":true,"href":"https:\/\/old.mospat.ru\/fr\/wp-json\/wp\/v2\/media\/131278"}],"wp:attachment":[{"href":"https:\/\/old.mospat.ru\/fr\/wp-json\/wp\/v2\/media?parent=131276"}],"wp:term":[{"taxonomy":"category","embeddable":true,"href":"https:\/\/old.mospat.ru\/fr\/wp-json\/wp\/v2\/categories?post=131276"},{"taxonomy":"post_tag","embeddable":true,"href":"https:\/\/old.mospat.ru\/fr\/wp-json\/wp\/v2\/tags?post=131276"}],"curies":[{"name":"wp","href":"https:\/\/api.w.org\/{rel}","templated":true}]}}