{"id":130681,"date":"2016-04-26T20:52:35","date_gmt":"2016-04-26T17:52:35","guid":{"rendered":"https:\/\/mospat.ru\/?p=130681"},"modified":"2016-04-27T20:12:18","modified_gmt":"2016-04-27T17:12:18","slug":"%d0%bf%d1%80%d0%b5%d0%b4%d1%81%d0%b5%d0%b4%d0%b0%d1%82%d0%b5%d0%bb%d1%8c-%d0%be%d0%b2%d1%86%d1%81-%d0%b2%d1%81%d1%82%d1%80%d0%b5%d1%82%d0%b8%d0%bb%d1%81%d1%8f-%d1%81-%d0%bf%d1%80%d0%b5%d0%b7%d0%b8-3","status":"publish","type":"post","link":"https:\/\/old.mospat.ru\/fr\/2016\/04\/26\/news130681\/","title":{"rendered":"Le pr\u00e9sident du DREE a rencontr\u00e9 le pr\u00e9sident du Centre serbe pour la coop\u00e9ration internationale et le d\u00e9veloppement durable, Vuc Jeremic"},"content":{"rendered":"<p>\n\t\t<div id='gallery-4' class='gallery galleryid-130681 gallery-columns-3 gallery-size-thumbnail'>\n\t\t<div class='carousel-wrapper'>\n\t\t\t<div id='carousel-4' class='gallery-carousel'>\n\t\t\t\t<a href=\"https:\/\/old.mospat.ru\/wp-content\/uploads\/2016\/04\/ECR_7853.jpg\" id=\"slide_item_400\" class=\"slide fancybox\" rel=\"gallery1\"><img src=\"https:\/\/old.mospat.ru\/wp-content\/uploads\/timthumb.php?src=https:\/\/old.mospat.ru\/wp-content\/uploads\/2016\/04\/ECR_7853.jpg&w=632&h=380&q=95\" width=\"632\" height=\"380\"><\/a><a href=\"https:\/\/old.mospat.ru\/wp-content\/uploads\/2016\/04\/ECR_7860.jpg\" id=\"slide_item_401\" class=\"slide fancybox\" rel=\"gallery1\"><img src=\"https:\/\/old.mospat.ru\/wp-content\/uploads\/timthumb.php?src=https:\/\/old.mospat.ru\/wp-content\/uploads\/2016\/04\/ECR_7860.jpg&w=632&h=380&q=95\" width=\"632\" height=\"380\"><\/a><a href=\"https:\/\/old.mospat.ru\/wp-content\/uploads\/2016\/04\/ECR_7873.jpg\" id=\"slide_item_402\" class=\"slide fancybox\" rel=\"gallery1\"><img src=\"https:\/\/old.mospat.ru\/wp-content\/uploads\/timthumb.php?src=https:\/\/old.mospat.ru\/wp-content\/uploads\/2016\/04\/ECR_7873.jpg&w=632&h=380&q=95\" width=\"632\" height=\"380\"><\/a>\n\t\t\t<\/div>\n\t\t<\/div>\n\t\t<div class='thumbs-wrapper'>\n\t\t\t<div id='thumbs-4' class='gallery-thumbs'>\n\t\t\t\t<a href=\"#slide_item_400\"><img src=\"https:\/\/old.mospat.ru\/wp-content\/uploads\/timthumb.php?src=https:\/\/old.mospat.ru\/wp-content\/uploads\/2016\/04\/ECR_7853.jpg&w=150&h=100&q=95\"><\/a><a href=\"#slide_item_401\"><img src=\"https:\/\/old.mospat.ru\/wp-content\/uploads\/timthumb.php?src=https:\/\/old.mospat.ru\/wp-content\/uploads\/2016\/04\/ECR_7860.jpg&w=150&h=100&q=95\"><\/a><a href=\"#slide_item_402\"><img src=\"https:\/\/old.mospat.ru\/wp-content\/uploads\/timthumb.php?src=https:\/\/old.mospat.ru\/wp-content\/uploads\/2016\/04\/ECR_7873.jpg&w=150&h=100&q=95\"><\/a>\n\t\t\t<\/div>\n\t\t\t<a id='prev-4' class='gallery-thumbs-prev' href='#'><i class='icon-angle-circled-left'><\/i><\/a>\n\t\t\t<a id='next-4' class='gallery-thumbs-next' href='#'><i class='icon-angle-circled-right'><\/i><\/a>\n\t\t<\/div>\n\t<\/div><br \/>\nLe m\u00e9tropolite Hilarion de Volokolamsk, pr\u00e9sident du D\u00e9partement des relations eccl\u00e9siastiques ext\u00e9rieures du Patriarcat de Moscou, a re\u00e7u le 26 avril 2016 \u00e0 la r\u00e9sidence paroissiale de l\u2019\u00e9glise Notre-Dame-Joie-de-tous-les-afflig\u00e9s, l\u2019ancien ministre des Affaires \u00e9trang\u00e8res de Serbie, pr\u00e9sident du Centre pour la coop\u00e9ration internationale et le d\u00e9veloppement durable, Vuc Jeremic. Prenaient part \u00e0 la rencontre le directeur ex\u00e9cutif du centre, Zdravko Pono\u015b, et le hi\u00e9rodiacre Roman (Kisseliov), secr\u00e9taire du DREE aux affaires de l\u2019\u00e9tranger lointain.<\/p>\n<p>Le m\u00e9tropolite Hilarion a \u00e9voqu\u00e9 la coop\u00e9ration constructive de V. Jeremic avec l\u2019\u00c9glise orthodoxe russe pendant ses fonctions de ministre des Affaires \u00e9trang\u00e8res de Serbie et de pr\u00e9sident de la 67<sup>e<\/sup> Assembl\u00e9e g\u00e9n\u00e9rale de l\u2019Organisation des Nations unies.<\/p>\n<p>Pendant l\u2019entretien amical, Mgr Hilarion et V. Jeremic ont discut\u00e9 de nombreuses questions d\u2019int\u00e9r\u00eat commun.<\/p>\n<p>Des souvenirs ont \u00e9t\u00e9 \u00e9chang\u00e9s \u00e0 la fin de la rencontre.<\/p>","protected":false},"excerpt":{"rendered":"<p>Le m\u00e9tropolite Hilarion de Volokolamsk, pr\u00e9sident du D\u00e9partement des relations eccl\u00e9siastiques ext\u00e9rieures du Patriarcat de Moscou, a re\u00e7u le 26 avril 2016 \u00e0 la r\u00e9sidence paroissiale de l\u2019\u00e9glise Notre-Dame-Joie-de-tous-les-afflig\u00e9s, l\u2019ancien ministre des Affaires \u00e9trang\u00e8res de Serbie, pr\u00e9sident du Centre pour la coop\u00e9ration internationale et le d\u00e9veloppement durable, Vuc Jeremic.<\/p>\n","protected":false},"author":15,"featured_media":130685,"comment_status":"closed","ping_status":"closed","sticky":false,"template":"","format":"standard","meta":[],"categories":[96,16,1,101,12],"tags":[],"_links":{"self":[{"href":"https:\/\/old.mospat.ru\/fr\/wp-json\/wp\/v2\/posts\/130681"}],"collection":[{"href":"https:\/\/old.mospat.ru\/fr\/wp-json\/wp\/v2\/posts"}],"about":[{"href":"https:\/\/old.mospat.ru\/fr\/wp-json\/wp\/v2\/types\/post"}],"author":[{"embeddable":true,"href":"https:\/\/old.mospat.ru\/fr\/wp-json\/wp\/v2\/users\/15"}],"replies":[{"embeddable":true,"href":"https:\/\/old.mospat.ru\/fr\/wp-json\/wp\/v2\/comments?post=130681"}],"version-history":[{"count":0,"href":"https:\/\/old.mospat.ru\/fr\/wp-json\/wp\/v2\/posts\/130681\/revisions"}],"wp:featuredmedia":[{"embeddable":true,"href":"https:\/\/old.mospat.ru\/fr\/wp-json\/wp\/v2\/media\/130685"}],"wp:attachment":[{"href":"https:\/\/old.mospat.ru\/fr\/wp-json\/wp\/v2\/media?parent=130681"}],"wp:term":[{"taxonomy":"category","embeddable":true,"href":"https:\/\/old.mospat.ru\/fr\/wp-json\/wp\/v2\/categories?post=130681"},{"taxonomy":"post_tag","embeddable":true,"href":"https:\/\/old.mospat.ru\/fr\/wp-json\/wp\/v2\/tags?post=130681"}],"curies":[{"name":"wp","href":"https:\/\/api.w.org\/{rel}","templated":true}]}}