{"id":130202,"date":"2016-04-14T17:59:54","date_gmt":"2016-04-14T14:59:54","guid":{"rendered":"https:\/\/mospat.ru\/?p=130202"},"modified":"2016-04-15T20:18:20","modified_gmt":"2016-04-15T17:18:20","slug":"%d0%bf%d1%80%d0%b5%d0%b4%d1%81%d1%82%d0%b0%d0%b2%d0%b8%d1%82%d0%b5%d0%bb%d0%b8-%d0%bc%d0%be%d1%81%d0%ba%d0%be%d0%b2%d1%81%d0%ba%d0%be%d0%b3%d0%be-%d0%bf%d0%b0%d1%82%d1%80%d0%b8%d0%b0%d1%80%d1%85-2","status":"publish","type":"post","link":"https:\/\/old.mospat.ru\/fr\/2016\/04\/14\/news130202\/","title":{"rendered":"Des repr\u00e9sentants du Patriarcat de Moscou ont particip\u00e9 aux travaux du S\u00e9nat et de l\u2019Assembl\u00e9e de l\u2019\u00c9tat de New York, qui ont d\u00e9clar\u00e9 avril \u00ab mois de l\u2019histoire russo-am\u00e9ricaine \u00bb"},"content":{"rendered":"<p>\n\t\t<div id='gallery-4' class='gallery galleryid-130202 gallery-columns-3 gallery-size-thumbnail'>\n\t\t<div class='carousel-wrapper'>\n\t\t\t<div id='carousel-4' class='gallery-carousel'>\n\t\t\t\t<a href=\"https:\/\/old.mospat.ru\/wp-content\/uploads\/2016\/04\/7384_RMF_7197.jpg\" id=\"slide_item_400\" class=\"slide fancybox\" rel=\"gallery1\"><img src=\"https:\/\/old.mospat.ru\/wp-content\/uploads\/timthumb.php?src=https:\/\/old.mospat.ru\/wp-content\/uploads\/2016\/04\/7384_RMF_7197.jpg&w=632&h=380&q=95\" width=\"632\" height=\"380\"><\/a><a href=\"https:\/\/old.mospat.ru\/wp-content\/uploads\/2016\/04\/6556_RMF_7286.jpg\" id=\"slide_item_401\" class=\"slide fancybox\" rel=\"gallery1\"><img src=\"https:\/\/old.mospat.ru\/wp-content\/uploads\/timthumb.php?src=https:\/\/old.mospat.ru\/wp-content\/uploads\/2016\/04\/6556_RMF_7286.jpg&w=632&h=380&q=95\" width=\"632\" height=\"380\"><\/a><a href=\"https:\/\/old.mospat.ru\/wp-content\/uploads\/2016\/04\/3094_RMF_7319.jpg\" id=\"slide_item_402\" class=\"slide fancybox\" rel=\"gallery1\"><img src=\"https:\/\/old.mospat.ru\/wp-content\/uploads\/timthumb.php?src=https:\/\/old.mospat.ru\/wp-content\/uploads\/2016\/04\/3094_RMF_7319.jpg&w=632&h=380&q=95\" width=\"632\" height=\"380\"><\/a>\n\t\t\t<\/div>\n\t\t<\/div>\n\t\t<div class='thumbs-wrapper'>\n\t\t\t<div id='thumbs-4' class='gallery-thumbs'>\n\t\t\t\t<a href=\"#slide_item_400\"><img src=\"https:\/\/old.mospat.ru\/wp-content\/uploads\/timthumb.php?src=https:\/\/old.mospat.ru\/wp-content\/uploads\/2016\/04\/7384_RMF_7197.jpg&w=150&h=100&q=95\"><\/a><a href=\"#slide_item_401\"><img src=\"https:\/\/old.mospat.ru\/wp-content\/uploads\/timthumb.php?src=https:\/\/old.mospat.ru\/wp-content\/uploads\/2016\/04\/6556_RMF_7286.jpg&w=150&h=100&q=95\"><\/a><a href=\"#slide_item_402\"><img src=\"https:\/\/old.mospat.ru\/wp-content\/uploads\/timthumb.php?src=https:\/\/old.mospat.ru\/wp-content\/uploads\/2016\/04\/3094_RMF_7319.jpg&w=150&h=100&q=95\"><\/a>\n\t\t\t<\/div>\n\t\t\t<a id='prev-4' class='gallery-thumbs-prev' href='#'><i class='icon-angle-circled-left'><\/i><\/a>\n\t\t\t<a id='next-4' class='gallery-thumbs-next' href='#'><i class='icon-angle-circled-right'><\/i><\/a>\n\t\t<\/div>\n\t<\/div><br \/>\nPour la premi\u00e8re fois dans l\u2019histoire, les deux chambres l\u00e9gislatives (S\u00e9nat et Assembl\u00e9e) des autorit\u00e9s de l\u2019\u00e9tat de New York (\u00c9tats-Unis), ont adopt\u00e9 une r\u00e9solution initi\u00e9e par la coalition des organisations des expatri\u00e9s russes sur la cr\u00e9ation d\u2019un Mois de l\u2019histoire russo-am\u00e9ricaine. Les s\u00e9nateurs ont aussi recommand\u00e9 au gouverneur de l\u2019\u00c9tat de signer la r\u00e9solution et, par l\u00e0 m\u00eame, de d\u00e9cr\u00e9ter \u00e0 un plus haut niveau le mois d\u2019avril Mois de l\u2019histoire russo-am\u00e9ricaine, informe le site du Conseil de coordination des organisations des expatri\u00e9s russes aux \u00c9tats-Unis.<\/p>\n<p>Selon les informations du Centre culturel russo-am\u00e9ricain \u00ab\u00a0Patrimoine\u00a0\u00bb, ce sont le s\u00e9nateur A. Espaillat et le membre de l\u2019Assembl\u00e9e G. Linares qui ont propos\u00e9 le vote de cette r\u00e9solution. Le texte en a \u00e9t\u00e9 publi\u00e9 sur le portail de l\u2019\u00c9tat. La r\u00e9solution sera communiqu\u00e9e \u00e0 l\u2019ambassadeur de la F\u00e9d\u00e9ration de Russie aux \u00c9tats-Unis, au Consul g\u00e9n\u00e9ral russe \u00e0 New York et aux hi\u00e9rarques de l\u2019\u00c9glise.<\/p>\n<p>Le 11 avril, les membres de la coalition ont particip\u00e9 \u00e0 la s\u00e9ance solennelle conjointe du S\u00e9nat et de l\u2019Assembl\u00e9e de l\u2019\u00c9tat, dans le cours de laquelle la r\u00e9solution a \u00e9t\u00e9 officiellement port\u00e9e au registre des documents des organes l\u00e9gislatifs. Avec la b\u00e9n\u00e9diction de l\u2019\u00e9v\u00eaque Jean de Naro-Fominsk, administrateur des paroisses patriarcales aux \u00c9tats-Unis, la d\u00e9l\u00e9gation repr\u00e9sentant les organisations culturelles russes se composait du chancelier des paroisses du Patriarcat de Moscou aux \u00c9tats-Unis, l\u2019archipr\u00eatre Georges Konev, et l\u2019archipr\u00eatre Alexandre Goloubov, clerc de la cath\u00e9drale Saint-Nicolas de New York, qui ont b\u00e9ni les travaux du S\u00e9nat et de l\u2019Assembl\u00e9e \u00e0 la demande des s\u00e9nateurs.<\/p>\n<p>Le Mois de l\u2019histoire russo-am\u00e9ricaine d\u00e9bute mi-avril dans l\u2019\u00c9tat am\u00e9ricain de New York. Cette ann\u00e9e, il sera consacr\u00e9 au 55<sup>e<\/sup> anniversaire du premier vol de Youri Gagarine dans l\u2019espace.<\/p>\n<p>Le Mois de l\u2019histoire russo-am\u00e9ricaine a lieu chaque ann\u00e9e depuis 2012. A l\u2019\u00e9poque, le Centre culturel russo-am\u00e9ricain \u00ab\u00a0Patrimoine\u00a0\u00bb, membre du Conseil de coordination des organisations des expatri\u00e9s russes, avait cr\u00e9\u00e9 une coalition de dix organisations d\u2019expatri\u00e9s russes qui a adress\u00e9 une p\u00e9tition au S\u00e9nat de l\u2019\u00c9tat de New York. Cette ann\u00e9e, environ 50 organisations d\u2019expatri\u00e9s russes prennent part aux manifestations organis\u00e9es dans le cadre du Mois.<\/p>","protected":false},"excerpt":{"rendered":"<p>Pour la premi\u00e8re fois dans l\u2019histoire, les deux chambres l\u00e9gislatives (S\u00e9nat et Assembl\u00e9e) des autorit\u00e9s de l\u2019\u00e9tat de New York (\u00c9tats-Unis), ont adopt\u00e9 une r\u00e9solution initi\u00e9e par la coalition des organisations des expatri\u00e9s russes sur la cr\u00e9ation d\u2019un Mois de l\u2019histoire russo-am\u00e9ricaine.<\/p>\n","protected":false},"author":17,"featured_media":130206,"comment_status":"closed","ping_status":"closed","sticky":false,"template":"","format":"standard","meta":[],"categories":[16,1,7],"tags":[],"_links":{"self":[{"href":"https:\/\/old.mospat.ru\/fr\/wp-json\/wp\/v2\/posts\/130202"}],"collection":[{"href":"https:\/\/old.mospat.ru\/fr\/wp-json\/wp\/v2\/posts"}],"about":[{"href":"https:\/\/old.mospat.ru\/fr\/wp-json\/wp\/v2\/types\/post"}],"author":[{"embeddable":true,"href":"https:\/\/old.mospat.ru\/fr\/wp-json\/wp\/v2\/users\/17"}],"replies":[{"embeddable":true,"href":"https:\/\/old.mospat.ru\/fr\/wp-json\/wp\/v2\/comments?post=130202"}],"version-history":[{"count":0,"href":"https:\/\/old.mospat.ru\/fr\/wp-json\/wp\/v2\/posts\/130202\/revisions"}],"wp:featuredmedia":[{"embeddable":true,"href":"https:\/\/old.mospat.ru\/fr\/wp-json\/wp\/v2\/media\/130206"}],"wp:attachment":[{"href":"https:\/\/old.mospat.ru\/fr\/wp-json\/wp\/v2\/media?parent=130202"}],"wp:term":[{"taxonomy":"category","embeddable":true,"href":"https:\/\/old.mospat.ru\/fr\/wp-json\/wp\/v2\/categories?post=130202"},{"taxonomy":"post_tag","embeddable":true,"href":"https:\/\/old.mospat.ru\/fr\/wp-json\/wp\/v2\/tags?post=130202"}],"curies":[{"name":"wp","href":"https:\/\/api.w.org\/{rel}","templated":true}]}}