{"id":126272,"date":"2015-12-23T14:15:07","date_gmt":"2015-12-23T11:15:07","guid":{"rendered":"https:\/\/mospat.ru\/?p=126272"},"modified":"2015-12-23T16:26:32","modified_gmt":"2015-12-23T13:26:32","slug":"%d1%81%d0%b5%d1%80%d0%b1%d1%81%d0%ba%d0%b8%d0%b9-%d0%bf%d0%b0%d1%82%d1%80%d0%b8%d0%b0%d1%80%d1%85-%d0%be%d0%b1%d0%b5%d1%81%d0%bf%d0%be%d0%ba%d0%be%d0%b5%d0%bd-%d0%b4%d0%b8%d1%81%d0%ba%d1%80%d0%b8","status":"publish","type":"post","link":"https:\/\/old.mospat.ru\/fr\/2015\/12\/23\/news126272\/","title":{"rendered":"Le Patriarche de Serbie inquiet des discriminations contre les fid\u00e8les de l\u2019\u00c9glise orthodoxe ukrainienne canonique"},"content":{"rendered":"<p>Dans un message \u00e0 Sa Saintet\u00e9 le Patriarche Cyrille de Moscou et de toute la Russie, le Primat de l\u2019\u00c9glise orthodoxe serbe a exprim\u00e9 ses alarmes au sujet des nouveaux faits de violations des droits des fid\u00e8les de l\u2019\u00c9glise orthodoxe ukrainienne. Le texte du message est reproduit ci-dessous <em>in extenso<\/em>.<\/p>\n<p>Saintet\u00e9, cher et bien-aim\u00e9 fr\u00e8re et conc\u00e9l\u00e9brant dans le Seigneur\u00a0!<\/p>\n<p>Nous apprenons une fois de plus avec une profonde inqui\u00e9tude et une sinc\u00e8re d\u00e9solation les nouveaux cas de discrimination et de violation des droits des fid\u00e8les de l\u2019\u00c9glise orthodoxe ukrainienne en Ukraine.<\/p>\n<p>Les saisies violentes d\u2019\u00e9glises orthodoxes par les schismatiques locaux se d\u00e9clarant faussement orthodoxes, et par les nationalistes radicaux sont particuli\u00e8rement alarmantes.<\/p>\n<p>L\u2019\u00c9glise orthodoxe serbe suit avec compassion et dans la pri\u00e8re le d\u00e9veloppement du conflit dans le village de Ptitchya, r\u00e9gion de Rovno, o\u00f9 nos confr\u00e8res dans la foi sont victimes de pogroms et de violences, o\u00f9 le clerg\u00e9 orthodoxe est malmen\u00e9 par des rebelles fascistes d\u00e9cha\u00een\u00e9s, o\u00f9 des personnes faibles et \u00e2g\u00e9es, ainsi que des femmes, sont retenus depuis plusieurs jours dans leur propre \u00e9glise, sans eau et sans nourriture, sans que leur soit fournie l\u2019assistance m\u00e9dicale n\u00e9cessaire.<\/p>\n<p>La r\u00e9cente tentative de confisquer la Laure des Grottes de Kiev \u00e0 l\u2019\u00c9glise canonique, que nous avons appris par la presse, n\u2019est pas moins inqui\u00e9tante. La Laure des Grottes de Kiev et la Laure de Potchaev sont de grands sanctuaires pour l\u2019ensemble du monde orthodoxe, et nous avons appris avec indignation la volont\u00e9 de la remettre \u00e0 des schismatiques qu\u2019aucune des Saintes \u00c9glises orthodoxes n\u2019a reconnus.<\/p>\n<p>Vous les reconna\u00eetrez \u00e0 leurs fruits, dit l\u2019\u00c9criture Sainte (Mt 7, 16). Le mal peut rev\u00eatir l\u2019habit de la foi, de la lumi\u00e8re et de la v\u00e9rit\u00e9, mais ses fruits demeurent le mensonge, la division et la haine du prochain, et le d\u00e9masquent toujours. Les schismatiques du soi-disant \u00ab\u00a0Patriarcat de Kiev\u00a0\u00bb sont depuis longtemps rejet\u00e9s par les \u00c9glises orthodoxes et n\u2019ont d\u2019orthodoxe que le nom. Leur m\u00e9pris des normes de la morale chr\u00e9tienne, leur volont\u00e9 de ha\u00efr, de mentir et de verser le sang en sont un t\u00e9moignage vivant.<\/p>\n<p>Nous prions, que le Seigneur affermisse Votre B\u00e9atitude et la Sainte \u00c9glise orthodoxe d\u2019Ukraine dans sa confession de la foi au Christ, qu\u2019elle donne la force de r\u00e9sister \u00e0 la violence et \u00e0 la haine par l\u2019amour et la longanimit\u00e9 dans le Christ\u00a0!<\/p>\n<p>J\u2019invoque sur vous la b\u00e9n\u00e9diction divine.<\/p>\n<p style=\"text-align: right;\"><strong>+ IR\u00c9N\u00c9E,<\/strong><\/p>\n<p style=\"text-align: right;\"><strong>Patriarche de Serbie <\/strong><\/p>\n<p>Le Patriarche Ir\u00e9n\u00e9e a \u00e9galement envoy\u00e9 un message de soutien \u00e0 Sa B\u00e9atitude le m\u00e9tropolite Onuphre de Kiev et de toute l\u2019Ukraine.<\/p>\n<p>\u00ab\u00a0L\u2019\u00c9glise orthodoxe serbe a entendu l\u2019appel de Votre B\u00e9atitude \u00e0 prier pour le clerg\u00e9 et les paroissiens \u00e9prouv\u00e9s de l\u2019\u00e9glise de la Dormition au village de Ptitchya, r\u00e9gion de Rovno, est-il notamment \u00e9crit dans ce message. Nous \u00e9levons nos pri\u00e8res pour les victimes des pogroms et des violences criantes perp\u00e9tr\u00e9es dans ce village\u00a0: pour les clercs battus au nom du Christ, et pour nos malheureux fr\u00e8res que l\u2019ont tourmentent depuis plusieurs jours par la soif et par la faim dans leur propre \u00e9glise, sans leur permettre aucune assistance m\u00e9dicale. Que le Seigneur leur donne la force de confesser le Christ et de supporter avec courage les \u00e9preuves qu\u2019ils subissent pour Lui\u00a0!\u00a0\u00bb.<\/p>","protected":false},"excerpt":{"rendered":"<p>Dans un message \u00e0 Sa Saintet\u00e9 le Patriarche Cyrille de Moscou et de toute la Russie, le Primat de l\u2019\u00c9glise orthodoxe serbe a exprim\u00e9 ses alarmes au sujet des nouveaux faits de violations des droits des fid\u00e8les de l\u2019\u00c9glise orthodoxe ukrainienne.<\/p>\n","protected":false},"author":7,"featured_media":106385,"comment_status":"closed","ping_status":"closed","sticky":true,"template":"","format":"standard","meta":[],"categories":[9,1],"tags":[],"_links":{"self":[{"href":"https:\/\/old.mospat.ru\/fr\/wp-json\/wp\/v2\/posts\/126272"}],"collection":[{"href":"https:\/\/old.mospat.ru\/fr\/wp-json\/wp\/v2\/posts"}],"about":[{"href":"https:\/\/old.mospat.ru\/fr\/wp-json\/wp\/v2\/types\/post"}],"author":[{"embeddable":true,"href":"https:\/\/old.mospat.ru\/fr\/wp-json\/wp\/v2\/users\/7"}],"replies":[{"embeddable":true,"href":"https:\/\/old.mospat.ru\/fr\/wp-json\/wp\/v2\/comments?post=126272"}],"version-history":[{"count":0,"href":"https:\/\/old.mospat.ru\/fr\/wp-json\/wp\/v2\/posts\/126272\/revisions"}],"wp:featuredmedia":[{"embeddable":true,"href":"https:\/\/old.mospat.ru\/fr\/wp-json\/wp\/v2\/media\/106385"}],"wp:attachment":[{"href":"https:\/\/old.mospat.ru\/fr\/wp-json\/wp\/v2\/media?parent=126272"}],"wp:term":[{"taxonomy":"category","embeddable":true,"href":"https:\/\/old.mospat.ru\/fr\/wp-json\/wp\/v2\/categories?post=126272"},{"taxonomy":"post_tag","embeddable":true,"href":"https:\/\/old.mospat.ru\/fr\/wp-json\/wp\/v2\/tags?post=126272"}],"curies":[{"name":"wp","href":"https:\/\/api.w.org\/{rel}","templated":true}]}}