{"id":125876,"date":"2015-12-07T23:51:32","date_gmt":"2015-12-07T20:51:32","guid":{"rendered":"https:\/\/mospat.ru\/?p=125876"},"modified":"2015-12-09T16:25:26","modified_gmt":"2015-12-09T13:25:26","slug":"%d1%81%d0%be%d1%81%d1%82%d0%be%d1%8f%d0%bb%d0%b0%d1%81%d1%8c-%d0%b2%d1%81%d1%82%d1%80%d0%b5%d1%87%d0%b0-%d0%b5%d0%bf%d0%b8%d1%81%d0%ba%d0%be%d0%bf%d0%b0-%d0%b1%d0%be%d0%b3%d0%be%d1%80%d0%be%d0%b4","status":"publish","type":"post","link":"https:\/\/old.mospat.ru\/fr\/2015\/12\/07\/news125876\/","title":{"rendered":"L&rsquo;\u00e9v\u00eaque Antoine de Bogorodsk a rencontr\u00e9 le pr\u00e9sident du Conseil pontifical pour la promotion de l&rsquo;unit\u00e9 des chr\u00e9tiens"},"content":{"rendered":"<p>\n\t\t<div id='gallery-4' class='gallery galleryid-125876 gallery-columns-3 gallery-size-thumbnail'>\n\t\t<div class='carousel-wrapper'>\n\t\t\t<div id='carousel-4' class='gallery-carousel'>\n\t\t\t\t<a href=\"https:\/\/old.mospat.ru\/wp-content\/uploads\/2015\/12\/image.jpeg\" id=\"slide_item_400\" class=\"slide fancybox\" rel=\"gallery1\"><img src=\"https:\/\/old.mospat.ru\/wp-content\/uploads\/timthumb.php?src=https:\/\/old.mospat.ru\/wp-content\/uploads\/2015\/12\/image.jpeg&w=632&h=380&q=95\" width=\"632\" height=\"380\"><\/a>\n\t\t\t<\/div>\n\t\t<\/div>\n\t\t<div class='thumbs-wrapper'>\n\t\t\t<div id='thumbs-4' class='gallery-thumbs'>\n\t\t\t\t<a href=\"#slide_item_400\"><img src=\"https:\/\/old.mospat.ru\/wp-content\/uploads\/timthumb.php?src=https:\/\/old.mospat.ru\/wp-content\/uploads\/2015\/12\/image.jpeg&w=150&h=100&q=95\"><\/a>\n\t\t\t<\/div>\n\t\t\t<a id='prev-4' class='gallery-thumbs-prev' href='#'><i class='icon-angle-circled-left'><\/i><\/a>\n\t\t\t<a id='next-4' class='gallery-thumbs-next' href='#'><i class='icon-angle-circled-right'><\/i><\/a>\n\t\t<\/div>\n\t<\/div><br \/>\nLe 7 d\u00e9cembre 2015, l\u2019\u00e9v\u00eaque Antoine de Bogorodsk, responsable de la Direction des \u00e9tablissements du Patriarcat de Moscou \u00e0 l\u2019\u00e9tranger, a rencontr\u00e9 au Vatican le cardinal Kurt Koch, pr\u00e9sident du Conseil pontifical pour la promotion de l\u2019unit\u00e9 des chr\u00e9tiens.<\/p>\n<p>Pendant l\u2019entretien, auquel participait \u00e9galement le pr\u00eatre Hyacinthe Destivelle, le cardinal a notamment chaleureusement f\u00e9licit\u00e9 l\u2019\u00e9v\u00eaque Antoine de sa cons\u00e9cration \u00e9piscopale et de sa nomination \u00e0 de nouvelles fonctions, informe le site de la paroisse Sainte-Catherine de Rome.<\/p>","protected":false},"excerpt":{"rendered":"<p>Le 7 d\u00e9cembre 2015, l\u2019\u00e9v\u00eaque Antoine de Bogorodsk, responsable de la Direction des \u00e9tablissements du Patriarcat de Moscou \u00e0 l\u2019\u00e9tranger, a rencontr\u00e9 au Vatican le cardinal Kurt Koch, pr\u00e9sident du Conseil pontifical pour la promotion de l\u2019unit\u00e9 des chr\u00e9tiens.<\/p>\n","protected":false},"author":7,"featured_media":125877,"comment_status":"closed","ping_status":"closed","sticky":false,"template":"","format":"standard","meta":[],"categories":[10,1],"tags":[],"_links":{"self":[{"href":"https:\/\/old.mospat.ru\/fr\/wp-json\/wp\/v2\/posts\/125876"}],"collection":[{"href":"https:\/\/old.mospat.ru\/fr\/wp-json\/wp\/v2\/posts"}],"about":[{"href":"https:\/\/old.mospat.ru\/fr\/wp-json\/wp\/v2\/types\/post"}],"author":[{"embeddable":true,"href":"https:\/\/old.mospat.ru\/fr\/wp-json\/wp\/v2\/users\/7"}],"replies":[{"embeddable":true,"href":"https:\/\/old.mospat.ru\/fr\/wp-json\/wp\/v2\/comments?post=125876"}],"version-history":[{"count":0,"href":"https:\/\/old.mospat.ru\/fr\/wp-json\/wp\/v2\/posts\/125876\/revisions"}],"wp:featuredmedia":[{"embeddable":true,"href":"https:\/\/old.mospat.ru\/fr\/wp-json\/wp\/v2\/media\/125877"}],"wp:attachment":[{"href":"https:\/\/old.mospat.ru\/fr\/wp-json\/wp\/v2\/media?parent=125876"}],"wp:term":[{"taxonomy":"category","embeddable":true,"href":"https:\/\/old.mospat.ru\/fr\/wp-json\/wp\/v2\/categories?post=125876"},{"taxonomy":"post_tag","embeddable":true,"href":"https:\/\/old.mospat.ru\/fr\/wp-json\/wp\/v2\/tags?post=125876"}],"curies":[{"name":"wp","href":"https:\/\/api.w.org\/{rel}","templated":true}]}}