{"id":121831,"date":"2015-08-17T16:11:37","date_gmt":"2015-08-17T13:11:37","guid":{"rendered":"https:\/\/mospat.ru\/?p=121831"},"modified":"2015-08-18T16:49:15","modified_gmt":"2015-08-18T13:49:15","slug":"episkop-korsunskijj-nestor-prinyal-uchastie-v-meropriyatiyakh-posvyashhennykh-75-letiyu-so-dnya-osnovaniya-obshhiny-tehze","status":"publish","type":"post","link":"https:\/\/old.mospat.ru\/fr\/2015\/08\/17\/news121831\/","title":{"rendered":"L\u2019\u00e9v\u00eaque Nestor de Cherson\u00e8se a particip\u00e9 aux c\u00e9l\u00e9brations du 75e anniversaire de la fondation de la communaut\u00e9 de Taiz\u00e9"},"content":{"rendered":"<p>\n\t\t<div id='gallery-3' class='gallery galleryid-121831 gallery-columns-3 gallery-size-thumbnail'>\n\t\t<div class='carousel-wrapper'>\n\t\t\t<div id='carousel-3' class='gallery-carousel'>\n\t\t\t\t<a href=\"https:\/\/old.mospat.ru\/wp-content\/uploads\/2015\/08\/8145966-12711113.jpg\" id=\"slide_item_300\" class=\"slide fancybox\" rel=\"gallery1\"><img src=\"https:\/\/old.mospat.ru\/wp-content\/uploads\/timthumb.php?src=https:\/\/old.mospat.ru\/wp-content\/uploads\/2015\/08\/8145966-12711113.jpg&w=632&h=380&q=95\" width=\"632\" height=\"380\"><\/a><a href=\"https:\/\/old.mospat.ru\/wp-content\/uploads\/2015\/08\/8145966-12711281.jpg\" id=\"slide_item_301\" class=\"slide fancybox\" rel=\"gallery1\"><img src=\"https:\/\/old.mospat.ru\/wp-content\/uploads\/timthumb.php?src=https:\/\/old.mospat.ru\/wp-content\/uploads\/2015\/08\/8145966-12711281.jpg&w=632&h=380&q=95\" width=\"632\" height=\"380\"><\/a><a href=\"https:\/\/old.mospat.ru\/wp-content\/uploads\/2015\/08\/8145966-12711282.jpg\" id=\"slide_item_302\" class=\"slide fancybox\" rel=\"gallery1\"><img src=\"https:\/\/old.mospat.ru\/wp-content\/uploads\/timthumb.php?src=https:\/\/old.mospat.ru\/wp-content\/uploads\/2015\/08\/8145966-12711282.jpg&w=632&h=380&q=95\" width=\"632\" height=\"380\"><\/a><a href=\"https:\/\/old.mospat.ru\/wp-content\/uploads\/2015\/08\/8145966-12711283.jpg\" id=\"slide_item_303\" class=\"slide fancybox\" rel=\"gallery1\"><img src=\"https:\/\/old.mospat.ru\/wp-content\/uploads\/timthumb.php?src=https:\/\/old.mospat.ru\/wp-content\/uploads\/2015\/08\/8145966-12711283.jpg&w=632&h=380&q=95\" width=\"632\" height=\"380\"><\/a>\n\t\t\t<\/div>\n\t\t<\/div>\n\t\t<div class='thumbs-wrapper'>\n\t\t\t<div id='thumbs-3' class='gallery-thumbs'>\n\t\t\t\t<a href=\"#slide_item_300\"><img src=\"https:\/\/old.mospat.ru\/wp-content\/uploads\/timthumb.php?src=https:\/\/old.mospat.ru\/wp-content\/uploads\/2015\/08\/8145966-12711113.jpg&w=150&h=100&q=95\"><\/a><a href=\"#slide_item_301\"><img src=\"https:\/\/old.mospat.ru\/wp-content\/uploads\/timthumb.php?src=https:\/\/old.mospat.ru\/wp-content\/uploads\/2015\/08\/8145966-12711281.jpg&w=150&h=100&q=95\"><\/a><a href=\"#slide_item_302\"><img src=\"https:\/\/old.mospat.ru\/wp-content\/uploads\/timthumb.php?src=https:\/\/old.mospat.ru\/wp-content\/uploads\/2015\/08\/8145966-12711282.jpg&w=150&h=100&q=95\"><\/a><a href=\"#slide_item_303\"><img src=\"https:\/\/old.mospat.ru\/wp-content\/uploads\/timthumb.php?src=https:\/\/old.mospat.ru\/wp-content\/uploads\/2015\/08\/8145966-12711283.jpg&w=150&h=100&q=95\"><\/a>\n\t\t\t<\/div>\n\t\t\t<a id='prev-3' class='gallery-thumbs-prev' href='#'><i class='icon-angle-circled-left'><\/i><\/a>\n\t\t\t<a id='next-3' class='gallery-thumbs-next' href='#'><i class='icon-angle-circled-right'><\/i><\/a>\n\t\t<\/div>\n\t<\/div><br \/>\nLe 16 ao\u00fbt 2015, \u00e0 l\u2019invitation de fr\u00e8re Alo\u00efs, sup\u00e9rieur de la communaut\u00e9 chr\u00e9tienne de Taiz\u00e9, et avec la b\u00e9n\u00e9diction de la hi\u00e9rarchie de l\u2019\u00c9glise orthodoxe russe, l\u2019\u00e9v\u00eaque Nestor de Cherson\u00e8se s\u2019est rendu au village bourguignon de Taiz\u00e9, o\u00f9 il a particip\u00e9 aux c\u00e9l\u00e9brations organis\u00e9es par la communaut\u00e9. Celle-ci f\u00eatait en effet \u00e0 la fois le 75<sup>e<\/sup> anniversaire de sa fondation, le centenaire de la naissance de son fondateur, le pasteur Roger Schulz, ainsi que le 10<sup>e<\/sup> anniversaire de la fin tragique de ce dernier.<\/p>\n<p>Des hi\u00e9rarques et plusieurs hauts repr\u00e9sentants de diff\u00e9rentes confessions chr\u00e9tiennes sont venus \u00e0 Taiz\u00e9, parmi lesquels le cardinal Kurt Koch, pr\u00e9sident du Conseil pontifical pour la promotion de l\u2019unit\u00e9 des chr\u00e9tiens, l\u2019\u00e9v\u00eaque Jean de Charioupolis, vicaire de l\u2019Archev\u00each\u00e9 des paroisses orthodoxes russes en Europe occidentale (Patriarcat de Constantinople), des repr\u00e9sentants des \u00e9glises pr\u00e9chalc\u00e9doniennes et protestantes d\u2019Europe occidentale.<\/p>\n<p>Les c\u00e9l\u00e9brations ont commenc\u00e9 par une pri\u00e8re dans l\u2019abbaye. Ensuite, les organisateurs, les invit\u00e9s et les participants du forum ont partag\u00e9 un repas.<\/p>\n<p>Les repr\u00e9sentants des \u00e9glises chr\u00e9tiennes se sont adress\u00e9s aux participants. Dans son allocution, l\u2019\u00e9v\u00eaque Nestor a lu le message du m\u00e9tropolite Hilarion de Volokolamsk, pr\u00e9sident du D\u00e9partement des relations eccl\u00e9siastiques ext\u00e9rieures du Patriarcat de Moscou.<\/p>\n<p>Le programme s\u2019est achev\u00e9 par une pri\u00e8re pour le repos de l\u2019\u00e2me du fondateur de Taiz\u00e9, le fr\u00e8re Roger Schulz.<\/p>\n<p>Suivant les organisateurs, plusieurs milliers de p\u00e8lerins, pour la plupart des jeunes chr\u00e9tiens, \u00e9taient venus participer \u00e0 l\u2019\u00e9v\u00e8nement.<\/p>","protected":false},"excerpt":{"rendered":"<p>Le 16 ao\u00fbt 2015, \u00e0 l\u2019invitation de fr\u00e8re Alo\u00efs, sup\u00e9rieur de la communaut\u00e9 chr\u00e9tienne de Taiz\u00e9, et avec la b\u00e9n\u00e9diction de la hi\u00e9rarchie de l\u2019\u00c9glise orthodoxe russe, l\u2019\u00e9v\u00eaque Nestor de Cherson\u00e8se s\u2019est rendu au village bourguignon de Taiz\u00e9, o\u00f9 il a particip\u00e9 aux c\u00e9l\u00e9brations organis\u00e9es par la communaut\u00e9.<\/p>\n","protected":false},"author":7,"featured_media":121832,"comment_status":"closed","ping_status":"closed","sticky":false,"template":"","format":"standard","meta":[],"categories":[10,1],"tags":[],"_links":{"self":[{"href":"https:\/\/old.mospat.ru\/fr\/wp-json\/wp\/v2\/posts\/121831"}],"collection":[{"href":"https:\/\/old.mospat.ru\/fr\/wp-json\/wp\/v2\/posts"}],"about":[{"href":"https:\/\/old.mospat.ru\/fr\/wp-json\/wp\/v2\/types\/post"}],"author":[{"embeddable":true,"href":"https:\/\/old.mospat.ru\/fr\/wp-json\/wp\/v2\/users\/7"}],"replies":[{"embeddable":true,"href":"https:\/\/old.mospat.ru\/fr\/wp-json\/wp\/v2\/comments?post=121831"}],"version-history":[{"count":0,"href":"https:\/\/old.mospat.ru\/fr\/wp-json\/wp\/v2\/posts\/121831\/revisions"}],"wp:featuredmedia":[{"embeddable":true,"href":"https:\/\/old.mospat.ru\/fr\/wp-json\/wp\/v2\/media\/121832"}],"wp:attachment":[{"href":"https:\/\/old.mospat.ru\/fr\/wp-json\/wp\/v2\/media?parent=121831"}],"wp:term":[{"taxonomy":"category","embeddable":true,"href":"https:\/\/old.mospat.ru\/fr\/wp-json\/wp\/v2\/categories?post=121831"},{"taxonomy":"post_tag","embeddable":true,"href":"https:\/\/old.mospat.ru\/fr\/wp-json\/wp\/v2\/tags?post=121831"}],"curies":[{"name":"wp","href":"https:\/\/api.w.org\/{rel}","templated":true}]}}