{"id":120598,"date":"2015-06-26T07:24:29","date_gmt":"2015-06-26T04:24:29","guid":{"rendered":"https:\/\/mospat.ru\/?p=120598"},"modified":"2015-07-01T16:39:27","modified_gmt":"2015-07-01T13:39:27","slug":"mitropolit-volokolamskijj-ilarion-vstretilsya-s-prezidentom-italii-s-mattarellojj","status":"publish","type":"post","link":"https:\/\/old.mospat.ru\/fr\/2015\/06\/26\/news120598\/","title":{"rendered":"Le m\u00e9tropolite Hilarion de Volokolamsk a rencontr\u00e9 le pr\u00e9sident italien S. Mattarella"},"content":{"rendered":"<p><\/p>\n\n\t\t<div id='gallery-5' class='gallery galleryid-120598 gallery-columns-3 gallery-size-thumbnail'>\n\t\t<div class='carousel-wrapper'>\n\t\t\t<div id='carousel-5' class='gallery-carousel'>\n\t\t\t\t<a href=\"https:\/\/old.mospat.ru\/wp-content\/uploads\/2015\/06\/IMG_3167.jpg\" id=\"slide_item_500\" class=\"slide fancybox\" rel=\"gallery1\"><img src=\"https:\/\/old.mospat.ru\/wp-content\/uploads\/timthumb.php?src=https:\/\/old.mospat.ru\/wp-content\/uploads\/2015\/06\/IMG_3167.jpg&w=632&h=380&q=95\" width=\"632\" height=\"380\"><\/a><a href=\"https:\/\/old.mospat.ru\/wp-content\/uploads\/2015\/06\/IMG_3169.jpg\" id=\"slide_item_501\" class=\"slide fancybox\" rel=\"gallery1\"><img src=\"https:\/\/old.mospat.ru\/wp-content\/uploads\/timthumb.php?src=https:\/\/old.mospat.ru\/wp-content\/uploads\/2015\/06\/IMG_3169.jpg&w=632&h=380&q=95\" width=\"632\" height=\"380\"><\/a><a href=\"https:\/\/old.mospat.ru\/wp-content\/uploads\/2015\/06\/IMG_3181.jpg\" id=\"slide_item_502\" class=\"slide fancybox\" rel=\"gallery1\"><img src=\"https:\/\/old.mospat.ru\/wp-content\/uploads\/timthumb.php?src=https:\/\/old.mospat.ru\/wp-content\/uploads\/2015\/06\/IMG_3181.jpg&w=632&h=380&q=95\" width=\"632\" height=\"380\"><\/a><a href=\"https:\/\/old.mospat.ru\/wp-content\/uploads\/2015\/06\/IMG_3184.jpg\" id=\"slide_item_503\" class=\"slide fancybox\" rel=\"gallery1\"><img src=\"https:\/\/old.mospat.ru\/wp-content\/uploads\/timthumb.php?src=https:\/\/old.mospat.ru\/wp-content\/uploads\/2015\/06\/IMG_3184.jpg&w=632&h=380&q=95\" width=\"632\" height=\"380\"><\/a>\n\t\t\t<\/div>\n\t\t<\/div>\n\t\t<div class='thumbs-wrapper'>\n\t\t\t<div id='thumbs-5' class='gallery-thumbs'>\n\t\t\t\t<a href=\"#slide_item_500\"><img src=\"https:\/\/old.mospat.ru\/wp-content\/uploads\/timthumb.php?src=https:\/\/old.mospat.ru\/wp-content\/uploads\/2015\/06\/IMG_3167.jpg&w=150&h=100&q=95\"><\/a><a href=\"#slide_item_501\"><img src=\"https:\/\/old.mospat.ru\/wp-content\/uploads\/timthumb.php?src=https:\/\/old.mospat.ru\/wp-content\/uploads\/2015\/06\/IMG_3169.jpg&w=150&h=100&q=95\"><\/a><a href=\"#slide_item_502\"><img src=\"https:\/\/old.mospat.ru\/wp-content\/uploads\/timthumb.php?src=https:\/\/old.mospat.ru\/wp-content\/uploads\/2015\/06\/IMG_3181.jpg&w=150&h=100&q=95\"><\/a><a href=\"#slide_item_503\"><img src=\"https:\/\/old.mospat.ru\/wp-content\/uploads\/timthumb.php?src=https:\/\/old.mospat.ru\/wp-content\/uploads\/2015\/06\/IMG_3184.jpg&w=150&h=100&q=95\"><\/a>\n\t\t\t<\/div>\n\t\t\t<a id='prev-5' class='gallery-thumbs-prev' href='#'><i class='icon-angle-circled-left'><\/i><\/a>\n\t\t\t<a id='next-5' class='gallery-thumbs-next' href='#'><i class='icon-angle-circled-right'><\/i><\/a>\n\t\t<\/div>\n\t<\/div>\n<p>Le 25 juin 2015, le m\u00e9tropolite Hilarion de Volokolamsk, pr\u00e9sident du D\u00e9partement des relations eccl\u00e9siastiques ext\u00e9rieures du Patriarcat de Moscou, a \u00e9t\u00e9 re\u00e7u par le Pr\u00e9sident de l\u2019Italie, Sergio Mattarella, au palais romain du Quirinal.<\/p>\n<p>De nombreux th\u00e8mes d\u2019int\u00e9r\u00eat commun ont \u00e9t\u00e9 soulev\u00e9s au cours d\u2019un long entretien auquel participaient l\u2019ambassadeur de Russie en Italie S. Razov et l\u2019archimandrite Antoine (Sevriouk), secr\u00e9taire de l\u2019Administration des paroisses du Patriarcat de Moscou en Italie.<\/p>\n<p>Au d\u00e9but de la rencontre, le m\u00e9tropolite Hilarion a transmis \u00e0 S. Mattarella les salutations et les meilleurs v\u0153ux de Sa Saintet\u00e9 le Patriarche Cyrille de Moscou et de toute la Russie. L\u2019hi\u00e9rarque a soulign\u00e9 qu\u2019entretenir des relations constructives avec l\u2019Italie, un pays aux racines profond\u00e9ment chr\u00e9tiennes, \u00e9tait l\u2019une des priorit\u00e9s de la politique ext\u00e9rieure de l\u2019\u00c9glise orthodoxe russe.<\/p>\n<p>Durant l\u2019entretien, le pr\u00e9sident du DREE a parl\u00e9 au Pr\u00e9sident italien des initiatives de l\u2019\u00c9glise orthodoxe russe en faveur de la paix et l\u2019organisation d\u2019une aide humanitaire aux victimes du conflit arm\u00e9 \u00e0 l\u2019est de l\u2019Ukraine. Mgr Hilarion a soulign\u00e9 que le Patriarcat de Moscou faisait son possible pour appeler les bellig\u00e9rants \u00e0 une r\u00e9solution pacifique du conflit, se distan\u00e7ant par ailleurs de toute tentative d\u2019impliquer l\u2019\u00c9glise dans les d\u00e9bats politiques.<\/p>\n<p>Mgr Hilarion a \u00e9galement \u00e9voqu\u00e9 la situation au Proche Orient o\u00f9 le g\u00e9nocide de la population chr\u00e9tienne se poursuit. Les efforts communs des leaders religieux, notamment des repr\u00e9sentants de l\u2019islam traditionnel, sont particuli\u00e8rement importants dans ce dossier, afin d\u2019attirer l\u2019attention de la communaut\u00e9 internationale sur l\u2019ampleur et la cruaut\u00e9 de cette pers\u00e9cution.<\/p>\n<p>Le Pr\u00e9sident du DREE a parl\u00e9 au Pr\u00e9sident de la R\u00e9publique d\u2019Italie des relations entre l\u2019\u00c9glise orthodoxe russe et l\u2019\u00c9glise catholique romaine, exprimant sa satisfaction de la dynamique positive de ces rapports et faisant part des impressions laiss\u00e9es par ses rencontres avec le Pape Fran\u00e7ois.<\/p>\n<p>Le m\u00e9tropolite Hilarion a aussi parl\u00e9 de l\u2019activit\u00e9 de l\u2019\u00c9glise orthodoxe russe en Italie o\u00f9 elle compte aujourd\u2019hui plus de 60 paroisses et communaut\u00e9s. Il a pr\u00e9sent\u00e9 au Pr\u00e9sident Mattarella le secr\u00e9taire de l\u2019Administration des paroisses italiennes, l\u2019archimandrite Antoine (Sevriouk).<\/p>\n<p>De son c\u00f4t\u00e9, le Pr\u00e9sident italien a donn\u00e9 une haute appr\u00e9ciation du r\u00f4le de l\u2019\u00c9glise orthodoxe russe dans le dialogue interchr\u00e9tien et inter-religieux. L\u2019\u00c9glise, selon S. Mattarella, peut apporter une importante contribution au processus de r\u00e8glement pacifique du conflit \u00e0 l\u2019est de l\u2019Ukraine.<\/p>\n<p>Revenant sur la situation au Proche Orient, le Pr\u00e9sident de l\u2019Italie a exprim\u00e9 sa pr\u00e9occupation du sort des chr\u00e9tiens pers\u00e9cut\u00e9s et s\u2019est exprim\u00e9 en faveur d\u2019une plus \u00e9troite collaboration entre diff\u00e9rents \u00e9tats dans la lutte contre le terrorisme et la protection des droits des civils poursuivis par les extr\u00e9mistes.<\/p>\n<p><\/p>","protected":false},"excerpt":{"rendered":"<p>Le 25 juin 2015, le m\u00e9tropolite Hilarion de Volokolamsk, pr\u00e9sident du D\u00e9partement des relations eccl\u00e9siastiques ext\u00e9rieures du Patriarcat de Moscou, a \u00e9t\u00e9 re\u00e7u par le Pr\u00e9sident de l\u2019Italie, Sergio Mattarella, au palais romain du Quirinal.<\/p>\n","protected":false},"author":7,"featured_media":120601,"comment_status":"closed","ping_status":"closed","sticky":true,"template":"","format":"standard","meta":[],"categories":[96,16,1,12],"tags":[],"_links":{"self":[{"href":"https:\/\/old.mospat.ru\/fr\/wp-json\/wp\/v2\/posts\/120598"}],"collection":[{"href":"https:\/\/old.mospat.ru\/fr\/wp-json\/wp\/v2\/posts"}],"about":[{"href":"https:\/\/old.mospat.ru\/fr\/wp-json\/wp\/v2\/types\/post"}],"author":[{"embeddable":true,"href":"https:\/\/old.mospat.ru\/fr\/wp-json\/wp\/v2\/users\/7"}],"replies":[{"embeddable":true,"href":"https:\/\/old.mospat.ru\/fr\/wp-json\/wp\/v2\/comments?post=120598"}],"version-history":[{"count":0,"href":"https:\/\/old.mospat.ru\/fr\/wp-json\/wp\/v2\/posts\/120598\/revisions"}],"wp:featuredmedia":[{"embeddable":true,"href":"https:\/\/old.mospat.ru\/fr\/wp-json\/wp\/v2\/media\/120601"}],"wp:attachment":[{"href":"https:\/\/old.mospat.ru\/fr\/wp-json\/wp\/v2\/media?parent=120598"}],"wp:term":[{"taxonomy":"category","embeddable":true,"href":"https:\/\/old.mospat.ru\/fr\/wp-json\/wp\/v2\/categories?post=120598"},{"taxonomy":"post_tag","embeddable":true,"href":"https:\/\/old.mospat.ru\/fr\/wp-json\/wp\/v2\/tags?post=120598"}],"curies":[{"name":"wp","href":"https:\/\/api.w.org\/{rel}","templated":true}]}}