{"id":117224,"date":"2015-03-31T08:24:15","date_gmt":"2015-03-31T05:24:15","guid":{"rendered":"https:\/\/mospat.ru\/?p=117224"},"modified":"2015-04-01T16:31:48","modified_gmt":"2015-04-01T13:31:48","slug":"predstaviteli-russkojj-pravoslavnojj-cerkvi-prinyali-uchastie-v-traurnom-meropriyatii-v-dyusseldorfe","status":"publish","type":"post","link":"https:\/\/old.mospat.ru\/fr\/2015\/03\/31\/news117224\/","title":{"rendered":"Des repr\u00e9sentants de l\u2019\u00c9glise orthodoxe russe ont particip\u00e9 \u00e0 une c\u00e9r\u00e9monie \u00e0 la m\u00e9moire des victimes du crash de l\u2019A320 \u00e0 D\u00fcsseldorf"},"content":{"rendered":"<p><a href=\"https:\/\/mospat.ru\/wp-content\/uploads\/2015\/03\/DSC08863.jpg\"><img loading=\"lazy\" src=\"https:\/\/mospat.ru\/wp-content\/uploads\/2015\/03\/DSC08863-300x200.jpg\" alt=\"SONY DSC\" width=\"300\" height=\"200\" align=\"left\" hspace=\"5px\" vspace=\"10p\" \/><\/a>Le 27 mars 2015, un office \u00e0 la m\u00e9moire des victimes de la catastrophe a\u00e9rienne survenue dans les Alpes co\u00fbtant la vie \u00e0 250 personnes, parmi lesquelles des habitants de D\u00fcsseldorf, a \u00e9t\u00e9 c\u00e9l\u00e9br\u00e9 \u00e0 la basilique St-Lambert, principale \u00e9glise catholique de D\u00fcsseldorf.<\/p>\n<p>Il y a quelques jours, le Patriarche Cyrille de Moscou et de toute la Russie avait exprim\u00e9 ses condol\u00e9ances au roi Philippe VI d\u2019Espagne et \u00e0 la chanceli\u00e8re allemande Angela Merkel.<\/p>\n<p>L\u2019office de comm\u00e9moration \u00e0 la basilique St-Lambert \u00e9tait organis\u00e9 \u00e0 l\u2019initiative de l\u2019\u00c9glise catholique et de l\u2019\u00c9glise \u00e9vang\u00e9lique de la ville. La c\u00e9r\u00e9monie \u00e9tait pr\u00e9sid\u00e9e par le doyen Rolf Steinhauser (\u00c9glise catholique) et le surintendant Heinrich Tetz (\u00c9glise \u00e9vang\u00e9lique). Le maire de D\u00fcsseldorf, Thomas Geisel, des repr\u00e9sentants de la municipalit\u00e9, des repr\u00e9sentants des \u00e9glises de la ville assistaient \u00e0 l\u2019office.<\/p>\n<p>Des repr\u00e9sentants de la paroisse stavrop\u00e9giaque de l\u2019Intercession de la M\u00e8re de Dieu \u00e0 D\u00fcsseldorf, et de la Repr\u00e9sentation permanente de l\u2019\u00c9glise orthodoxe russe en Allemagne, le p\u00e8re Victor Yakim et le lecteur Sergue\u00ef Matanov, \u00e9taient \u00e9galement pr\u00e9sents.<\/p>\n<p>Apr\u00e8s l\u2019office, \u00e0 la demande du recteur int\u00e9rimaire de la paroisse de l\u2019Intercession, l\u2019higoum\u00e8ne Maxime (Schmidt), les repr\u00e9sentants de l\u2019\u00c9glise orthodoxe russe ont exprim\u00e9 au Maire de D\u00fcsseldorf leurs profondes condol\u00e9ances.<\/p>","protected":false},"excerpt":{"rendered":"<p>Le 27 mars 2015, un office \u00e0 la m\u00e9moire des victimes de la catastrophe a\u00e9rienne survenue dans les Alpes co\u00fbtant la vie \u00e0 250 personnes, parmi lesquelles des habitants de D\u00fcsseldorf, a \u00e9t\u00e9 c\u00e9l\u00e9br\u00e9 \u00e0 la basilique St-Lambert, principale \u00e9glise catholique de D\u00fcsseldorf.<\/p>\n","protected":false},"author":10,"featured_media":117229,"comment_status":"closed","ping_status":"closed","sticky":false,"template":"","format":"standard","meta":[],"categories":[16,10,1,7],"tags":[],"_links":{"self":[{"href":"https:\/\/old.mospat.ru\/fr\/wp-json\/wp\/v2\/posts\/117224"}],"collection":[{"href":"https:\/\/old.mospat.ru\/fr\/wp-json\/wp\/v2\/posts"}],"about":[{"href":"https:\/\/old.mospat.ru\/fr\/wp-json\/wp\/v2\/types\/post"}],"author":[{"embeddable":true,"href":"https:\/\/old.mospat.ru\/fr\/wp-json\/wp\/v2\/users\/10"}],"replies":[{"embeddable":true,"href":"https:\/\/old.mospat.ru\/fr\/wp-json\/wp\/v2\/comments?post=117224"}],"version-history":[{"count":0,"href":"https:\/\/old.mospat.ru\/fr\/wp-json\/wp\/v2\/posts\/117224\/revisions"}],"wp:featuredmedia":[{"embeddable":true,"href":"https:\/\/old.mospat.ru\/fr\/wp-json\/wp\/v2\/media\/117229"}],"wp:attachment":[{"href":"https:\/\/old.mospat.ru\/fr\/wp-json\/wp\/v2\/media?parent=117224"}],"wp:term":[{"taxonomy":"category","embeddable":true,"href":"https:\/\/old.mospat.ru\/fr\/wp-json\/wp\/v2\/categories?post=117224"},{"taxonomy":"post_tag","embeddable":true,"href":"https:\/\/old.mospat.ru\/fr\/wp-json\/wp\/v2\/tags?post=117224"}],"curies":[{"name":"wp","href":"https:\/\/api.w.org\/{rel}","templated":true}]}}