{"id":109955,"date":"2014-10-21T16:15:22","date_gmt":"2014-10-21T12:15:22","guid":{"rendered":"https:\/\/mospat.ru\/?p=109955"},"modified":"2014-10-22T18:41:18","modified_gmt":"2014-10-22T14:41:18","slug":"predstavitel-ovcs-prisutstvoval-na-ceremonii-beatifikacii-papy-pavla-vi","status":"publish","type":"post","link":"https:\/\/old.mospat.ru\/fr\/2014\/10\/21\/news109955\/","title":{"rendered":"Un repr\u00e9sentant du DREE aux c\u00e9r\u00e9monies de b\u00e9atification du pape Paul VI"},"content":{"rendered":"<p>\n\t\t<div id='gallery-4' class='gallery galleryid-109955 gallery-columns-3 gallery-size-thumbnail'>\n\t\t<div class='carousel-wrapper'>\n\t\t\t<div id='carousel-4' class='gallery-carousel'>\n\t\t\t\t<a href=\"https:\/\/old.mospat.ru\/wp-content\/uploads\/2014\/10\/14932_191020141.jpg\" id=\"slide_item_400\" class=\"slide fancybox\" rel=\"gallery1\"><img src=\"https:\/\/old.mospat.ru\/wp-content\/uploads\/timthumb.php?src=https:\/\/old.mospat.ru\/wp-content\/uploads\/2014\/10\/14932_191020141.jpg&w=632&h=380&q=95\" width=\"632\" height=\"380\"><\/a><a href=\"https:\/\/old.mospat.ru\/wp-content\/uploads\/2014\/10\/15088_19102014.jpg\" id=\"slide_item_401\" class=\"slide fancybox\" rel=\"gallery1\"><img src=\"https:\/\/old.mospat.ru\/wp-content\/uploads\/timthumb.php?src=https:\/\/old.mospat.ru\/wp-content\/uploads\/2014\/10\/15088_19102014.jpg&w=632&h=380&q=95\" width=\"632\" height=\"380\"><\/a><a href=\"https:\/\/old.mospat.ru\/wp-content\/uploads\/2014\/10\/15277_19102014.jpg\" id=\"slide_item_402\" class=\"slide fancybox\" rel=\"gallery1\"><img src=\"https:\/\/old.mospat.ru\/wp-content\/uploads\/timthumb.php?src=https:\/\/old.mospat.ru\/wp-content\/uploads\/2014\/10\/15277_19102014.jpg&w=632&h=380&q=95\" width=\"632\" height=\"380\"><\/a><a href=\"https:\/\/old.mospat.ru\/wp-content\/uploads\/2014\/10\/15516_19102014.jpg\" id=\"slide_item_403\" class=\"slide fancybox\" rel=\"gallery1\"><img src=\"https:\/\/old.mospat.ru\/wp-content\/uploads\/timthumb.php?src=https:\/\/old.mospat.ru\/wp-content\/uploads\/2014\/10\/15516_19102014.jpg&w=632&h=380&q=95\" width=\"632\" height=\"380\"><\/a><a href=\"https:\/\/old.mospat.ru\/wp-content\/uploads\/2014\/10\/15559_19102014.jpg\" id=\"slide_item_404\" class=\"slide fancybox\" rel=\"gallery1\"><img src=\"https:\/\/old.mospat.ru\/wp-content\/uploads\/timthumb.php?src=https:\/\/old.mospat.ru\/wp-content\/uploads\/2014\/10\/15559_19102014.jpg&w=632&h=380&q=95\" width=\"632\" height=\"380\"><\/a>\n\t\t\t<\/div>\n\t\t<\/div>\n\t\t<div class='thumbs-wrapper'>\n\t\t\t<div id='thumbs-4' class='gallery-thumbs'>\n\t\t\t\t<a href=\"#slide_item_400\"><img src=\"https:\/\/old.mospat.ru\/wp-content\/uploads\/timthumb.php?src=https:\/\/old.mospat.ru\/wp-content\/uploads\/2014\/10\/14932_191020141.jpg&w=150&h=100&q=95\"><\/a><a href=\"#slide_item_401\"><img src=\"https:\/\/old.mospat.ru\/wp-content\/uploads\/timthumb.php?src=https:\/\/old.mospat.ru\/wp-content\/uploads\/2014\/10\/15088_19102014.jpg&w=150&h=100&q=95\"><\/a><a href=\"#slide_item_402\"><img src=\"https:\/\/old.mospat.ru\/wp-content\/uploads\/timthumb.php?src=https:\/\/old.mospat.ru\/wp-content\/uploads\/2014\/10\/15277_19102014.jpg&w=150&h=100&q=95\"><\/a><a href=\"#slide_item_403\"><img src=\"https:\/\/old.mospat.ru\/wp-content\/uploads\/timthumb.php?src=https:\/\/old.mospat.ru\/wp-content\/uploads\/2014\/10\/15516_19102014.jpg&w=150&h=100&q=95\"><\/a><a href=\"#slide_item_404\"><img src=\"https:\/\/old.mospat.ru\/wp-content\/uploads\/timthumb.php?src=https:\/\/old.mospat.ru\/wp-content\/uploads\/2014\/10\/15559_19102014.jpg&w=150&h=100&q=95\"><\/a>\n\t\t\t<\/div>\n\t\t\t<a id='prev-4' class='gallery-thumbs-prev' href='#'><i class='icon-angle-circled-left'><\/i><\/a>\n\t\t\t<a id='next-4' class='gallery-thumbs-next' href='#'><i class='icon-angle-circled-right'><\/i><\/a>\n\t\t<\/div>\n\t<\/div><br \/>\nLe 19 octobre 2014, sur la place Saint-Pierre de Rome, le Pape Fran\u00e7ois a conc\u00e9l\u00e9br\u00e9 avec 250 hi\u00e9rarques catholiques et de tr\u00e8s nombreux pr\u00eatres une messe solennelle pour clore la III Assembl\u00e9e g\u00e9n\u00e9rale extraordinaire du Synode des \u00e9v\u00eaques catholiques, devant une foule immense. Au cours de la messe avait lieu la c\u00e9r\u00e9monie de b\u00e9atification du Pape Paul VI qui avait fond\u00e9 il y a cinquante ans le Synode des \u00e9v\u00eaques en tant qu\u2019organe consultatif r\u00e9gulier de l\u2019\u00c9glise catholique.<\/p>\n<p>Le Pape Paul VI de Rome (Giovanni Battista Montini, 1897-1978) joua un r\u00f4le capital dans l\u2019histoire du dialogue orthodoxe-catholique. En 1964, \u00e0 J\u00e9rusalem, avait eu lieu la m\u00e9morable rencontre du Pape Paul VI et du Patriarche Ath\u00e9nagoras de Constantinople, suivie d\u2019une lev\u00e9e des anath\u00e8mes r\u00e9ciproques de 1054 et du d\u00e9but du dialogue th\u00e9ologique officielle entre l\u2019\u00c9glise orthodoxe et l\u2019\u00c9glise catholique romaine. A compter de 1963, le Pape Paul VI a rencontr\u00e9 \u00e0 plusieurs reprises le m\u00e9tropolite Nicod\u00e8me (Rotov), pr\u00e9sident du D\u00e9partement des relations eccl\u00e9siastiques ext\u00e9rieures du Patriarcat de Moscou.<\/p>\n<p>Le Pape Fran\u00e7ois a c\u00e9l\u00e9br\u00e9 l\u2019office dans les v\u00eatements sacerdotaux offerts \u00e0 Paul VI \u00e0 l\u2019occasion de son 80<sup>e<\/sup> anniversaire. Apr\u00e8s que le Pape Montini a \u00e9t\u00e9 proclam\u00e9 bienheureux de l\u2019\u00c9glise catholique, une relique a \u00e9t\u00e9 apport\u00e9e \u00e0 l\u2019autel, une parcelle ensanglant\u00e9e du v\u00eatement port\u00e9 par le Pontife lors de l\u2019attentat de l\u2019a\u00e9roport de Manille le 28 novembre 1970.<\/p>\n<p>L\u2019\u00c9glise orthodoxe \u00e9tait repr\u00e9sent\u00e9e aux c\u00e9r\u00e9monies par le m\u00e9tropolite Ath\u00e9nagoras de Belgique (Patriarcat de Constantinople) et le p\u00e8re Alexis Dikarev, du secr\u00e9tariat du DREE aux relations interchr\u00e9tiennes.<\/p>","protected":false},"excerpt":{"rendered":"<p>Le 19 octobre 2014, sur la place Saint-Pierre de Rome, le Pape Fran\u00e7ois a conc\u00e9l\u00e9br\u00e9 avec 250 hi\u00e9rarques catholiques et de tr\u00e8s nombreux pr\u00eatres une messe solennelle pour clore la III Assembl\u00e9e g\u00e9n\u00e9rale extraordinaire du Synode des \u00e9v\u00eaques catholiques, devant une foule immense. Au cours de la messe avait lieu la c\u00e9r\u00e9monie de b\u00e9atification du Pape Paul VI qui avait fond\u00e9 il y a cinquante ans le Synode des \u00e9v\u00eaques en tant qu\u2019organe consultatif r\u00e9gulier de l\u2019\u00c9glise catholique.<\/p>\n","protected":false},"author":8,"featured_media":109961,"comment_status":"closed","ping_status":"closed","sticky":false,"template":"","format":"standard","meta":[],"categories":[10,1],"tags":[],"_links":{"self":[{"href":"https:\/\/old.mospat.ru\/fr\/wp-json\/wp\/v2\/posts\/109955"}],"collection":[{"href":"https:\/\/old.mospat.ru\/fr\/wp-json\/wp\/v2\/posts"}],"about":[{"href":"https:\/\/old.mospat.ru\/fr\/wp-json\/wp\/v2\/types\/post"}],"author":[{"embeddable":true,"href":"https:\/\/old.mospat.ru\/fr\/wp-json\/wp\/v2\/users\/8"}],"replies":[{"embeddable":true,"href":"https:\/\/old.mospat.ru\/fr\/wp-json\/wp\/v2\/comments?post=109955"}],"version-history":[{"count":0,"href":"https:\/\/old.mospat.ru\/fr\/wp-json\/wp\/v2\/posts\/109955\/revisions"}],"wp:featuredmedia":[{"embeddable":true,"href":"https:\/\/old.mospat.ru\/fr\/wp-json\/wp\/v2\/media\/109961"}],"wp:attachment":[{"href":"https:\/\/old.mospat.ru\/fr\/wp-json\/wp\/v2\/media?parent=109955"}],"wp:term":[{"taxonomy":"category","embeddable":true,"href":"https:\/\/old.mospat.ru\/fr\/wp-json\/wp\/v2\/categories?post=109955"},{"taxonomy":"post_tag","embeddable":true,"href":"https:\/\/old.mospat.ru\/fr\/wp-json\/wp\/v2\/tags?post=109955"}],"curies":[{"name":"wp","href":"https:\/\/api.w.org\/{rel}","templated":true}]}}