{"id":109830,"date":"2014-10-20T16:06:27","date_gmt":"2014-10-20T12:06:27","guid":{"rendered":"https:\/\/mospat.ru\/?p=109830"},"modified":"2014-10-21T16:48:27","modified_gmt":"2014-10-21T12:48:27","slug":"v-norvegii-otprazdnovali-tysyacheletie-kreshheniya-svyatogo-olava","status":"publish","type":"post","link":"https:\/\/old.mospat.ru\/fr\/2014\/10\/20\/news109830\/","title":{"rendered":"En Norv\u00e8ge, c\u00e9l\u00e9bration du mill\u00e9naire du bapt\u00eame de saint Olaf"},"content":{"rendered":"<p>\n\t\t<div id='gallery-4' class='gallery galleryid-109830 gallery-columns-3 gallery-size-thumbnail'>\n\t\t<div class='carousel-wrapper'>\n\t\t\t<div id='carousel-4' class='gallery-carousel'>\n\t\t\t\t<a href=\"https:\/\/old.mospat.ru\/wp-content\/uploads\/2014\/10\/stiklestad-16okt2014_1.jpg\" id=\"slide_item_400\" class=\"slide fancybox\" rel=\"gallery1\"><img src=\"https:\/\/old.mospat.ru\/wp-content\/uploads\/timthumb.php?src=https:\/\/old.mospat.ru\/wp-content\/uploads\/2014\/10\/stiklestad-16okt2014_1.jpg&w=632&h=380&q=95\" width=\"632\" height=\"380\"><\/a><a href=\"https:\/\/old.mospat.ru\/wp-content\/uploads\/2014\/10\/stiklestad-16okt2014_5.jpg\" id=\"slide_item_401\" class=\"slide fancybox\" rel=\"gallery1\"><img src=\"https:\/\/old.mospat.ru\/wp-content\/uploads\/timthumb.php?src=https:\/\/old.mospat.ru\/wp-content\/uploads\/2014\/10\/stiklestad-16okt2014_5.jpg&w=632&h=380&q=95\" width=\"632\" height=\"380\"><\/a><a href=\"https:\/\/old.mospat.ru\/wp-content\/uploads\/2014\/10\/stiklestad-16okt2014_8.jpg\" id=\"slide_item_402\" class=\"slide fancybox\" rel=\"gallery1\"><img src=\"https:\/\/old.mospat.ru\/wp-content\/uploads\/timthumb.php?src=https:\/\/old.mospat.ru\/wp-content\/uploads\/2014\/10\/stiklestad-16okt2014_8.jpg&w=632&h=380&q=95\" width=\"632\" height=\"380\"><\/a><a href=\"https:\/\/old.mospat.ru\/wp-content\/uploads\/2014\/10\/stiklestad-16okt2014_12.jpg\" id=\"slide_item_403\" class=\"slide fancybox\" rel=\"gallery1\"><img src=\"https:\/\/old.mospat.ru\/wp-content\/uploads\/timthumb.php?src=https:\/\/old.mospat.ru\/wp-content\/uploads\/2014\/10\/stiklestad-16okt2014_12.jpg&w=632&h=380&q=95\" width=\"632\" height=\"380\"><\/a><a href=\"https:\/\/old.mospat.ru\/wp-content\/uploads\/2014\/10\/nidaros-17okt2014_1.jpg\" id=\"slide_item_404\" class=\"slide fancybox\" rel=\"gallery1\"><img src=\"https:\/\/old.mospat.ru\/wp-content\/uploads\/timthumb.php?src=https:\/\/old.mospat.ru\/wp-content\/uploads\/2014\/10\/nidaros-17okt2014_1.jpg&w=632&h=380&q=95\" width=\"632\" height=\"380\"><\/a>\n\t\t\t<\/div>\n\t\t<\/div>\n\t\t<div class='thumbs-wrapper'>\n\t\t\t<div id='thumbs-4' class='gallery-thumbs'>\n\t\t\t\t<a href=\"#slide_item_400\"><img src=\"https:\/\/old.mospat.ru\/wp-content\/uploads\/timthumb.php?src=https:\/\/old.mospat.ru\/wp-content\/uploads\/2014\/10\/stiklestad-16okt2014_1.jpg&w=150&h=100&q=95\"><\/a><a href=\"#slide_item_401\"><img src=\"https:\/\/old.mospat.ru\/wp-content\/uploads\/timthumb.php?src=https:\/\/old.mospat.ru\/wp-content\/uploads\/2014\/10\/stiklestad-16okt2014_5.jpg&w=150&h=100&q=95\"><\/a><a href=\"#slide_item_402\"><img src=\"https:\/\/old.mospat.ru\/wp-content\/uploads\/timthumb.php?src=https:\/\/old.mospat.ru\/wp-content\/uploads\/2014\/10\/stiklestad-16okt2014_8.jpg&w=150&h=100&q=95\"><\/a><a href=\"#slide_item_403\"><img src=\"https:\/\/old.mospat.ru\/wp-content\/uploads\/timthumb.php?src=https:\/\/old.mospat.ru\/wp-content\/uploads\/2014\/10\/stiklestad-16okt2014_12.jpg&w=150&h=100&q=95\"><\/a><a href=\"#slide_item_404\"><img src=\"https:\/\/old.mospat.ru\/wp-content\/uploads\/timthumb.php?src=https:\/\/old.mospat.ru\/wp-content\/uploads\/2014\/10\/nidaros-17okt2014_1.jpg&w=150&h=100&q=95\"><\/a>\n\t\t\t<\/div>\n\t\t\t<a id='prev-4' class='gallery-thumbs-prev' href='#'><i class='icon-angle-circled-left'><\/i><\/a>\n\t\t\t<a id='next-4' class='gallery-thumbs-next' href='#'><i class='icon-angle-circled-right'><\/i><\/a>\n\t\t<\/div>\n\t<\/div><br \/>\nLes 16 et 17 octobre 2014, les paroisses norv\u00e9giennes Sainte-Anne-de-Novgorod et Sainte-Olga ont f\u00eat\u00e9 ensemble le mill\u00e9naire du bapt\u00eame de saint Olaf, roi de Norv\u00e8ge \u00e9gal-aux-ap\u00f4tres.<\/p>\n<p>Suivant le site de la paroisse Sainte-Anne de Trondheim, le 16 octobre 2014, l\u2019archev\u00eaque Marc d\u2019Egorevsk, administrateur des \u00e9tablissements du Patriarcat de Moscou \u00e0 l\u2019\u00e9tranger, a c\u00e9l\u00e9br\u00e9 le rite de cons\u00e9cration de l\u2019\u00e9glise orthodoxe Saint-Olaf, \u00e9lev\u00e9e sur le site historique de Stiklestad (Norv\u00e8ge centrale), avant d\u2019y pr\u00e9sider la Divine liturgie.<\/p>\n<p>Les c\u00e9l\u00e9brations ont commenc\u00e9 par une procession suivant l\u2019ic\u00f4ne et les reliques du saint roi.<\/p>\n<p>Apr\u00e8s l\u2019office, des distinctions ont \u00e9t\u00e9 remises aux personnes ayant contribu\u00e9 \u00e0 l\u2019\u00e9rection de l\u2019\u00e9difice.<\/p>\n<p>Dans son discours, Mgr Marc a remerci\u00e9 chaleureusement le recteur, le p\u00e8re Alexandre Volokhan, les paroissiens et toutes les personnes ayant \u0153uvr\u00e9 \u00e0 la construction.<\/p>\n<p>Une ic\u00f4ne de saint Olaf a \u00e9t\u00e9 offerte \u00e0 l\u2019\u00e9glise par le recteur de la paroisse Saint-\u00c9lie de Vyborg, l\u2019archipr\u00eatre Igor Axenov.<\/p>\n<p>La journ\u00e9e s\u2019est termin\u00e9e par un repas pris en commun.<\/p>\n<p>Le 17 octobre, le clerg\u00e9 orthodoxe pr\u00e9sid\u00e9 par l\u2019archev\u00eaque Marc a c\u00e9l\u00e9br\u00e9 la Divine liturgie au Nidarosdomen, l\u2019antique cath\u00e9drale de Trondheim, o\u00f9 demeurent depuis des si\u00e8cles les reliques de saint Olaf, lieu du couronnement des souverains norv\u00e9giens.<\/p>\n<p>Les c\u00e9l\u00e9brations rassemblaient les paroissiens aussi bien que des p\u00e8lerins venus de Russie, du Danemark, de Su\u00e8de et d\u2019autres r\u00e9gions norv\u00e9giennes.<\/p>\n<p>Apr\u00e8s la liturgie, l\u2019ic\u00f4ne de saint Olaf a \u00e9t\u00e9 emmen\u00e9e en procession autour de la cath\u00e9drale de Trondheim.<\/p>","protected":false},"excerpt":{"rendered":"<p>Les 16 et 17 octobre 2014, les paroisses norv\u00e9giennes Sainte-Anne-de-Novgorod et Sainte-Olga ont f\u00eat\u00e9 ensemble le mill\u00e9naire du bapt\u00eame de saint Olaf, roi de Norv\u00e8ge \u00e9gal-aux-ap\u00f4tres.<\/p>\n","protected":false},"author":8,"featured_media":109835,"comment_status":"closed","ping_status":"closed","sticky":false,"template":"","format":"standard","meta":[],"categories":[16,1],"tags":[],"_links":{"self":[{"href":"https:\/\/old.mospat.ru\/fr\/wp-json\/wp\/v2\/posts\/109830"}],"collection":[{"href":"https:\/\/old.mospat.ru\/fr\/wp-json\/wp\/v2\/posts"}],"about":[{"href":"https:\/\/old.mospat.ru\/fr\/wp-json\/wp\/v2\/types\/post"}],"author":[{"embeddable":true,"href":"https:\/\/old.mospat.ru\/fr\/wp-json\/wp\/v2\/users\/8"}],"replies":[{"embeddable":true,"href":"https:\/\/old.mospat.ru\/fr\/wp-json\/wp\/v2\/comments?post=109830"}],"version-history":[{"count":0,"href":"https:\/\/old.mospat.ru\/fr\/wp-json\/wp\/v2\/posts\/109830\/revisions"}],"wp:featuredmedia":[{"embeddable":true,"href":"https:\/\/old.mospat.ru\/fr\/wp-json\/wp\/v2\/media\/109835"}],"wp:attachment":[{"href":"https:\/\/old.mospat.ru\/fr\/wp-json\/wp\/v2\/media?parent=109830"}],"wp:term":[{"taxonomy":"category","embeddable":true,"href":"https:\/\/old.mospat.ru\/fr\/wp-json\/wp\/v2\/categories?post=109830"},{"taxonomy":"post_tag","embeddable":true,"href":"https:\/\/old.mospat.ru\/fr\/wp-json\/wp\/v2\/tags?post=109830"}],"curies":[{"name":"wp","href":"https:\/\/api.w.org\/{rel}","templated":true}]}}