{"id":107177,"date":"2014-08-29T14:31:48","date_gmt":"2014-08-29T10:31:48","guid":{"rendered":"https:\/\/mospat.ru\/?p=107177"},"modified":"2014-09-01T15:41:16","modified_gmt":"2014-09-01T11:41:16","slug":"ovcs-posetila-gruppa-palomnikov-iz-germanii","status":"publish","type":"post","link":"https:\/\/old.mospat.ru\/fr\/2014\/08\/29\/news107177\/","title":{"rendered":"Un groupe de p\u00e8lerins allemands en visite au DREE"},"content":{"rendered":"<p>\n\t\t<div id='gallery-2' class='gallery galleryid-107177 gallery-columns-3 gallery-size-thumbnail'>\n\t\t<div class='carousel-wrapper'>\n\t\t\t<div id='carousel-2' class='gallery-carousel'>\n\t\t\t\t<a href=\"https:\/\/old.mospat.ru\/wp-content\/uploads\/2014\/08\/DSC04673.jpg\" id=\"slide_item_200\" class=\"slide fancybox\" rel=\"gallery1\"><img src=\"https:\/\/old.mospat.ru\/wp-content\/uploads\/timthumb.php?src=https:\/\/old.mospat.ru\/wp-content\/uploads\/2014\/08\/DSC04673.jpg&w=632&h=380&q=95\" width=\"632\" height=\"380\"><\/a><a href=\"https:\/\/old.mospat.ru\/wp-content\/uploads\/2014\/08\/DSC04674.jpg\" id=\"slide_item_201\" class=\"slide fancybox\" rel=\"gallery1\"><img src=\"https:\/\/old.mospat.ru\/wp-content\/uploads\/timthumb.php?src=https:\/\/old.mospat.ru\/wp-content\/uploads\/2014\/08\/DSC04674.jpg&w=632&h=380&q=95\" width=\"632\" height=\"380\"><\/a><a href=\"https:\/\/old.mospat.ru\/wp-content\/uploads\/2014\/08\/DSC04678.jpg\" id=\"slide_item_202\" class=\"slide fancybox\" rel=\"gallery1\"><img src=\"https:\/\/old.mospat.ru\/wp-content\/uploads\/timthumb.php?src=https:\/\/old.mospat.ru\/wp-content\/uploads\/2014\/08\/DSC04678.jpg&w=632&h=380&q=95\" width=\"632\" height=\"380\"><\/a><a href=\"https:\/\/old.mospat.ru\/wp-content\/uploads\/2014\/08\/DSC04677.jpg\" id=\"slide_item_203\" class=\"slide fancybox\" rel=\"gallery1\"><img src=\"https:\/\/old.mospat.ru\/wp-content\/uploads\/timthumb.php?src=https:\/\/old.mospat.ru\/wp-content\/uploads\/2014\/08\/DSC04677.jpg&w=632&h=380&q=95\" width=\"632\" height=\"380\"><\/a>\n\t\t\t<\/div>\n\t\t<\/div>\n\t\t<div class='thumbs-wrapper'>\n\t\t\t<div id='thumbs-2' class='gallery-thumbs'>\n\t\t\t\t<a href=\"#slide_item_200\"><img src=\"https:\/\/old.mospat.ru\/wp-content\/uploads\/timthumb.php?src=https:\/\/old.mospat.ru\/wp-content\/uploads\/2014\/08\/DSC04673.jpg&w=150&h=100&q=95\"><\/a><a href=\"#slide_item_201\"><img src=\"https:\/\/old.mospat.ru\/wp-content\/uploads\/timthumb.php?src=https:\/\/old.mospat.ru\/wp-content\/uploads\/2014\/08\/DSC04674.jpg&w=150&h=100&q=95\"><\/a><a href=\"#slide_item_202\"><img src=\"https:\/\/old.mospat.ru\/wp-content\/uploads\/timthumb.php?src=https:\/\/old.mospat.ru\/wp-content\/uploads\/2014\/08\/DSC04678.jpg&w=150&h=100&q=95\"><\/a><a href=\"#slide_item_203\"><img src=\"https:\/\/old.mospat.ru\/wp-content\/uploads\/timthumb.php?src=https:\/\/old.mospat.ru\/wp-content\/uploads\/2014\/08\/DSC04677.jpg&w=150&h=100&q=95\"><\/a>\n\t\t\t<\/div>\n\t\t\t<a id='prev-2' class='gallery-thumbs-prev' href='#'><i class='icon-angle-circled-left'><\/i><\/a>\n\t\t\t<a id='next-2' class='gallery-thumbs-next' href='#'><i class='icon-angle-circled-right'><\/i><\/a>\n\t\t<\/div>\n\t<\/div><br \/>\nLe 27 ao\u00fbt 2014, \u00e0 la b\u00e9n\u00e9diction du m\u00e9tropolite Hilarion de Volokolamsk, le hi\u00e9romoine St\u00e9phane (Igoumnov), secr\u00e9taire du DREE aux relations interchr\u00e9tiennes a re\u00e7u au D\u00e9partement des relations eccl\u00e9siastiques ext\u00e9rieures du Patriarcat de Moscou un groupe de p\u00e8lerins originaires de Basse-Saxe.<\/p>\n<p>Le groupe se composait de 37 personnes, membres du dioc\u00e8se de Hildelsheim de l\u2019\u00c9glise catholique romaine en Allemagne et membres de l\u2019\u00c9glise \u00e9vang\u00e9lique luth\u00e9rienne en Allemagne. Les p\u00e8lerins venaient en Russie y d\u00e9couvrir la vie de l\u2019\u00c9glise orthodoxe russe et le fonctionnement de certaines de ses institutions.<\/p>\n<p>Le hi\u00e9romoine St\u00e9phane a transmis \u00e0 ses h\u00f4tes les salutations du pr\u00e9sident du D\u00e9partement des relations eccl\u00e9siastiques ext\u00e9rieures du Patriarcat de Moscou, leur a fait l\u2019historique du DREE et pr\u00e9sent\u00e9 son activit\u00e9 contemporaine. Il a \u00e9galement r\u00e9pondu aux nombreuses questions pos\u00e9es par ses auditeurs sur les relations entre l\u2019\u00c9glise et la soci\u00e9t\u00e9 et les relations interconfessionnelles de l\u2019\u00c9glise orthodoxe russe.<\/p>","protected":false},"excerpt":{"rendered":"<p>Le 27 ao\u00fbt 2014, \u00e0 la b\u00e9n\u00e9diction du m\u00e9tropolite Hilarion de Volokolamsk, le hi\u00e9romoine St\u00e9phane (Igoumnov), secr\u00e9taire du DREE aux relations interchr\u00e9tiennes a re\u00e7u au D\u00e9partement des relations eccl\u00e9siastiques ext\u00e9rieures du Patriarcat de Moscou un groupe de p\u00e8lerins originaires de Basse-Saxe.<\/p>\n","protected":false},"author":10,"featured_media":107179,"comment_status":"closed","ping_status":"closed","sticky":false,"template":"","format":"standard","meta":[],"categories":[10,1],"tags":[],"_links":{"self":[{"href":"https:\/\/old.mospat.ru\/fr\/wp-json\/wp\/v2\/posts\/107177"}],"collection":[{"href":"https:\/\/old.mospat.ru\/fr\/wp-json\/wp\/v2\/posts"}],"about":[{"href":"https:\/\/old.mospat.ru\/fr\/wp-json\/wp\/v2\/types\/post"}],"author":[{"embeddable":true,"href":"https:\/\/old.mospat.ru\/fr\/wp-json\/wp\/v2\/users\/10"}],"replies":[{"embeddable":true,"href":"https:\/\/old.mospat.ru\/fr\/wp-json\/wp\/v2\/comments?post=107177"}],"version-history":[{"count":0,"href":"https:\/\/old.mospat.ru\/fr\/wp-json\/wp\/v2\/posts\/107177\/revisions"}],"wp:featuredmedia":[{"embeddable":true,"href":"https:\/\/old.mospat.ru\/fr\/wp-json\/wp\/v2\/media\/107179"}],"wp:attachment":[{"href":"https:\/\/old.mospat.ru\/fr\/wp-json\/wp\/v2\/media?parent=107177"}],"wp:term":[{"taxonomy":"category","embeddable":true,"href":"https:\/\/old.mospat.ru\/fr\/wp-json\/wp\/v2\/categories?post=107177"},{"taxonomy":"post_tag","embeddable":true,"href":"https:\/\/old.mospat.ru\/fr\/wp-json\/wp\/v2\/tags?post=107177"}],"curies":[{"name":"wp","href":"https:\/\/api.w.org\/{rel}","templated":true}]}}