{"id":100930,"date":"2014-04-15T09:50:30","date_gmt":"2014-04-15T05:50:30","guid":{"rendered":"https:\/\/mospat.ru\/?p=100930"},"modified":"2014-04-21T21:50:13","modified_gmt":"2014-04-21T17:50:13","slug":"predsedatel-ovcs-vstretilsya-s-katolicheskim-arkhiepiskopom-madrida","status":"publish","type":"post","link":"https:\/\/old.mospat.ru\/fr\/2014\/04\/15\/news100930\/","title":{"rendered":"Le pr\u00e9sident du DREE a rencontr\u00e9 l\u2019archev\u00eaque catholique de Madrid"},"content":{"rendered":"<p>\n\t\t<div id='gallery-5' class='gallery galleryid-100930 gallery-columns-3 gallery-size-thumbnail'>\n\t\t<div class='carousel-wrapper'>\n\t\t\t<div id='carousel-5' class='gallery-carousel'>\n\t\t\t\t<a href=\"https:\/\/old.mospat.ru\/wp-content\/uploads\/2014\/04\/IMG_1125.jpg\" id=\"slide_item_500\" class=\"slide fancybox\" rel=\"gallery1\"><img src=\"https:\/\/old.mospat.ru\/wp-content\/uploads\/timthumb.php?src=https:\/\/old.mospat.ru\/wp-content\/uploads\/2014\/04\/IMG_1125.jpg&w=632&h=380&q=95\" width=\"632\" height=\"380\"><\/a><a href=\"https:\/\/old.mospat.ru\/wp-content\/uploads\/2014\/04\/IMG_1128.jpg\" id=\"slide_item_501\" class=\"slide fancybox\" rel=\"gallery1\"><img src=\"https:\/\/old.mospat.ru\/wp-content\/uploads\/timthumb.php?src=https:\/\/old.mospat.ru\/wp-content\/uploads\/2014\/04\/IMG_1128.jpg&w=632&h=380&q=95\" width=\"632\" height=\"380\"><\/a><a href=\"https:\/\/old.mospat.ru\/wp-content\/uploads\/2014\/04\/IMG_1131.jpg\" id=\"slide_item_502\" class=\"slide fancybox\" rel=\"gallery1\"><img src=\"https:\/\/old.mospat.ru\/wp-content\/uploads\/timthumb.php?src=https:\/\/old.mospat.ru\/wp-content\/uploads\/2014\/04\/IMG_1131.jpg&w=632&h=380&q=95\" width=\"632\" height=\"380\"><\/a><a href=\"https:\/\/old.mospat.ru\/wp-content\/uploads\/2014\/04\/IMG_1136.jpg\" id=\"slide_item_503\" class=\"slide fancybox\" rel=\"gallery1\"><img src=\"https:\/\/old.mospat.ru\/wp-content\/uploads\/timthumb.php?src=https:\/\/old.mospat.ru\/wp-content\/uploads\/2014\/04\/IMG_1136.jpg&w=632&h=380&q=95\" width=\"632\" height=\"380\"><\/a><a href=\"https:\/\/old.mospat.ru\/wp-content\/uploads\/2014\/04\/IMG_1155.jpg\" id=\"slide_item_504\" class=\"slide fancybox\" rel=\"gallery1\"><img src=\"https:\/\/old.mospat.ru\/wp-content\/uploads\/timthumb.php?src=https:\/\/old.mospat.ru\/wp-content\/uploads\/2014\/04\/IMG_1155.jpg&w=632&h=380&q=95\" width=\"632\" height=\"380\"><\/a>\n\t\t\t<\/div>\n\t\t<\/div>\n\t\t<div class='thumbs-wrapper'>\n\t\t\t<div id='thumbs-5' class='gallery-thumbs'>\n\t\t\t\t<a href=\"#slide_item_500\"><img src=\"https:\/\/old.mospat.ru\/wp-content\/uploads\/timthumb.php?src=https:\/\/old.mospat.ru\/wp-content\/uploads\/2014\/04\/IMG_1125.jpg&w=150&h=100&q=95\"><\/a><a href=\"#slide_item_501\"><img src=\"https:\/\/old.mospat.ru\/wp-content\/uploads\/timthumb.php?src=https:\/\/old.mospat.ru\/wp-content\/uploads\/2014\/04\/IMG_1128.jpg&w=150&h=100&q=95\"><\/a><a href=\"#slide_item_502\"><img src=\"https:\/\/old.mospat.ru\/wp-content\/uploads\/timthumb.php?src=https:\/\/old.mospat.ru\/wp-content\/uploads\/2014\/04\/IMG_1131.jpg&w=150&h=100&q=95\"><\/a><a href=\"#slide_item_503\"><img src=\"https:\/\/old.mospat.ru\/wp-content\/uploads\/timthumb.php?src=https:\/\/old.mospat.ru\/wp-content\/uploads\/2014\/04\/IMG_1136.jpg&w=150&h=100&q=95\"><\/a><a href=\"#slide_item_504\"><img src=\"https:\/\/old.mospat.ru\/wp-content\/uploads\/timthumb.php?src=https:\/\/old.mospat.ru\/wp-content\/uploads\/2014\/04\/IMG_1155.jpg&w=150&h=100&q=95\"><\/a>\n\t\t\t<\/div>\n\t\t\t<a id='prev-5' class='gallery-thumbs-prev' href='#'><i class='icon-angle-circled-left'><\/i><\/a>\n\t\t\t<a id='next-5' class='gallery-thumbs-next' href='#'><i class='icon-angle-circled-right'><\/i><\/a>\n\t\t<\/div>\n\t<\/div><br \/>\nLe 14 avril, le m\u00e9tropolite Hilarion de Volokolamsk, pr\u00e9sident du D\u00e9partement des relations eccl\u00e9siastiques ext\u00e9rieures du Patriarcat de Moscou, en visite en Espagne avec la b\u00e9n\u00e9diction du Patriarche Cyrille de Moscou et de toute la Russie, a visit\u00e9 la cath\u00e9drale madril\u00e8ne d\u00e9di\u00e9e \u00e0 la M\u00e8re de Dieu.<\/p>\n<p>Au seuil de la cath\u00e9drale, Mgr Hilarion \u00e9tait attendu par l\u2019\u00e9v\u00eaque Juan Antonio Martinez Camino, vicaire du dioc\u00e8se de Madrid. Il a fait visiter l\u2019\u00e9glise en d\u00e9tail \u00e0 son \u00e9minent invit\u00e9 et \u00e0 sa suite. La cath\u00e9drale conserve entre autres insignes reliques la statue de la M\u00e8re de Dieu de l\u2019Almudena, tr\u00e8s v\u00e9n\u00e9r\u00e9e dans le monde catholique.<\/p>\n<p>Ensuite, le m\u00e9tropolite Hilarion s\u2019est dirig\u00e9 vers l\u2019archev\u00each\u00e9 de Madrid, o\u00f9 il a rencontr\u00e9 le cardinal Antonio Maria Rouco Valera, archev\u00eaque de Madrid. Les interlocuteurs ont abord\u00e9 des questions d\u2019actualit\u00e9 relatives \u00e0 l\u2019interaction entre le Patriarcat de Moscou et l\u2019\u00c9glise catholique romaine en Espagne. Le m\u00e9tropolite Hilarion a remarqu\u00e9 que durant la p\u00e9riode o\u00f9 l\u2019archev\u00eaque Rouco Valera avait \u00e9t\u00e9 pr\u00e9sident de la Conf\u00e9rence \u00e9piscopale espagnole, jusqu\u2019en mars dernier, la collaboration entre les deux \u00c9glises s\u2019\u00e9tait intensifi\u00e9e dans ce pays. Le pr\u00e9sident du DREE a soulign\u00e9 que durant ces derni\u00e8res ann\u00e9es, le nombre des paroisses de l\u2019\u00c9glise orthodoxe russe en Espagne a beaucoup augment\u00e9 et un ensemble paroissial comportant une \u00e9glise d\u00e9di\u00e9e \u00e0 Sainte-Marie-Madeleine a \u00e9t\u00e9 construit.<\/p>\n<p>De son c\u00f4t\u00e9, l\u2019archev\u00eaque Rouco Valera a parl\u00e9 des pers\u00e9cutions subies par l\u2019\u00c9glise catholique d\u2019Espagne durant la Seconde guerre mondiale. Le cardinal a \u00e9voqu\u00e9 la c\u00e9r\u00e9monie de b\u00e9atification des nouveaux-martyrs espagnols des ann\u00e9es 1930, qui s\u2019est d\u00e9roul\u00e9e en octobre 2013 en pr\u00e9sence d\u2019une d\u00e9l\u00e9gation de l\u2019\u00c9glise orthodoxe russe.<\/p>\n<p>Un \u00e9change a suivi sur de nombreux th\u00e8mes pr\u00e9sentant un int\u00e9r\u00eat commun.<\/p>\n<p>Le m\u00eame jour, le pr\u00e9sident du DREE s\u2019est rendu \u00e0 Barcelone.<\/p>","protected":false},"excerpt":{"rendered":"<p>Le 14 avril, le m\u00e9tropolite Hilarion de Volokolamsk, pr\u00e9sident du D\u00e9partement des relations eccl\u00e9siastiques ext\u00e9rieures du Patriarcat de Moscou, en visite en Espagne avec la b\u00e9n\u00e9diction du Patriarche Cyrille de Moscou et de toute la Russie, a visit\u00e9 la cath\u00e9drale madril\u00e8ne d\u00e9di\u00e9e \u00e0 la M\u00e8re de Dieu.<\/p>\n","protected":false},"author":7,"featured_media":100945,"comment_status":"closed","ping_status":"closed","sticky":false,"template":"","format":"standard","meta":[],"categories":[96,98,10,1,12],"tags":[],"_links":{"self":[{"href":"https:\/\/old.mospat.ru\/fr\/wp-json\/wp\/v2\/posts\/100930"}],"collection":[{"href":"https:\/\/old.mospat.ru\/fr\/wp-json\/wp\/v2\/posts"}],"about":[{"href":"https:\/\/old.mospat.ru\/fr\/wp-json\/wp\/v2\/types\/post"}],"author":[{"embeddable":true,"href":"https:\/\/old.mospat.ru\/fr\/wp-json\/wp\/v2\/users\/7"}],"replies":[{"embeddable":true,"href":"https:\/\/old.mospat.ru\/fr\/wp-json\/wp\/v2\/comments?post=100930"}],"version-history":[{"count":0,"href":"https:\/\/old.mospat.ru\/fr\/wp-json\/wp\/v2\/posts\/100930\/revisions"}],"wp:featuredmedia":[{"embeddable":true,"href":"https:\/\/old.mospat.ru\/fr\/wp-json\/wp\/v2\/media\/100945"}],"wp:attachment":[{"href":"https:\/\/old.mospat.ru\/fr\/wp-json\/wp\/v2\/media?parent=100930"}],"wp:term":[{"taxonomy":"category","embeddable":true,"href":"https:\/\/old.mospat.ru\/fr\/wp-json\/wp\/v2\/categories?post=100930"},{"taxonomy":"post_tag","embeddable":true,"href":"https:\/\/old.mospat.ru\/fr\/wp-json\/wp\/v2\/tags?post=100930"}],"curies":[{"name":"wp","href":"https:\/\/api.w.org\/{rel}","templated":true}]}}