{"id":73919,"date":"2012-10-25T13:47:07","date_gmt":"2012-10-25T09:47:07","guid":{"rendered":"http:\/\/www.mospat.ru\/?p=73919"},"modified":"2012-10-30T16:50:07","modified_gmt":"2012-10-30T12:50:07","slug":"predsedatel-ovcs-posetil-rezidenciyu-arkhierejjskogo-sinoda-russkojj-zarubezhnojj-cerkvi","status":"publish","type":"post","link":"https:\/\/old.mospat.ru\/es\/2012\/10\/25\/news73919\/","title":{"rendered":"Presidente del DREE visit\u00f3 la residencia del S\u00ednodo de los Obispos  de la Iglesia Rusa en el Exterior"},"content":{"rendered":"<p>\n\t\t<div id='gallery-5' class='gallery galleryid-73919 gallery-columns-3 gallery-size-thumbnail'>\n\t\t<div class='carousel-wrapper'>\n\t\t\t<div id='carousel-5' class='gallery-carousel'>\n\t\t\t\t<a href=\"https:\/\/old.mospat.ru\/wp-content\/uploads\/2012\/10\/114-300x251_.jpg\" id=\"slide_item_500\" class=\"slide fancybox\" rel=\"gallery1\"><img src=\"https:\/\/old.mospat.ru\/wp-content\/uploads\/timthumb.php?src=https:\/\/old.mospat.ru\/wp-content\/uploads\/2012\/10\/114-300x251_.jpg&w=632&h=380&q=95\" width=\"632\" height=\"380\"><\/a><a href=\"https:\/\/old.mospat.ru\/wp-content\/uploads\/2012\/10\/26.jpg\" id=\"slide_item_501\" class=\"slide fancybox\" rel=\"gallery1\"><img src=\"https:\/\/old.mospat.ru\/wp-content\/uploads\/timthumb.php?src=https:\/\/old.mospat.ru\/wp-content\/uploads\/2012\/10\/26.jpg&w=632&h=380&q=95\" width=\"632\" height=\"380\"><\/a><a href=\"https:\/\/old.mospat.ru\/wp-content\/uploads\/2012\/10\/114.jpg\" id=\"slide_item_502\" class=\"slide fancybox\" rel=\"gallery1\"><img src=\"https:\/\/old.mospat.ru\/wp-content\/uploads\/timthumb.php?src=https:\/\/old.mospat.ru\/wp-content\/uploads\/2012\/10\/114.jpg&w=632&h=380&q=95\" width=\"632\" height=\"380\"><\/a><a href=\"https:\/\/old.mospat.ru\/wp-content\/uploads\/2012\/10\/36.jpg\" id=\"slide_item_503\" class=\"slide fancybox\" rel=\"gallery1\"><img src=\"https:\/\/old.mospat.ru\/wp-content\/uploads\/timthumb.php?src=https:\/\/old.mospat.ru\/wp-content\/uploads\/2012\/10\/36.jpg&w=632&h=380&q=95\" width=\"632\" height=\"380\"><\/a>\n\t\t\t<\/div>\n\t\t<\/div>\n\t\t<div class='thumbs-wrapper'>\n\t\t\t<div id='thumbs-5' class='gallery-thumbs'>\n\t\t\t\t<a href=\"#slide_item_500\"><img src=\"https:\/\/old.mospat.ru\/wp-content\/uploads\/timthumb.php?src=https:\/\/old.mospat.ru\/wp-content\/uploads\/2012\/10\/114-300x251_.jpg&w=150&h=100&q=95\"><\/a><a href=\"#slide_item_501\"><img src=\"https:\/\/old.mospat.ru\/wp-content\/uploads\/timthumb.php?src=https:\/\/old.mospat.ru\/wp-content\/uploads\/2012\/10\/26.jpg&w=150&h=100&q=95\"><\/a><a href=\"#slide_item_502\"><img src=\"https:\/\/old.mospat.ru\/wp-content\/uploads\/timthumb.php?src=https:\/\/old.mospat.ru\/wp-content\/uploads\/2012\/10\/114.jpg&w=150&h=100&q=95\"><\/a><a href=\"#slide_item_503\"><img src=\"https:\/\/old.mospat.ru\/wp-content\/uploads\/timthumb.php?src=https:\/\/old.mospat.ru\/wp-content\/uploads\/2012\/10\/36.jpg&w=150&h=100&q=95\"><\/a>\n\t\t\t<\/div>\n\t\t\t<a id='prev-5' class='gallery-thumbs-prev' href='#'><i class='icon-angle-circled-left'><\/i><\/a>\n\t\t\t<a id='next-5' class='gallery-thumbs-next' href='#'><i class='icon-angle-circled-right'><\/i><\/a>\n\t\t<\/div>\n\t<\/div><\/p>\n<p>El 24 de octubre de 2012, en marco de su visita a Nueva York el Presidente del Departamento de Relaciones Exteriores Eclesi\u00e1sticas del Patriarcado de Mosc\u00fa, el Metropolitano Hilarion de Volokolamsk visit\u00f3 la residencia del S\u00ednodo de los Obispos de la Iglesia Rusa en el Exterior. En la Catedral Sinodal del Signo de la Madre de Dios al Jerarca le di\u00f3 una bienvenida el Primer Jerarca de la Iglesia Rusa en el Exterior, el Metropolitano Hilarion de Am\u00e9rica Oriental y Nueva York.<\/p>\n<p>El Metropolitano Hilarion de Volokolamsk y sus acompa\u00f1antes hicieron reverencia al \u00edcono de la Madre de Dios Kursko-Korennaya, el principal santuario de la diaspora rusa. Luego el Presidente del DREE se dirigi\u00f3 al apartamento del Primer Jerarca de la Iglesia Rusa en el Exterior. Durante la conversaci\u00f3n fraternal los jerarcas compartieron sus impresiones de la Conferencia de los Obispos de la Iglesia Ortodoxa Rusa, que llevan ministerio fuera de su territorio can\u00f3nico, que se celebr\u00f3 hace poco en Londres, as\u00ed como discutieron los asuntos del fortalecimiento de la unidad dentro del Patriarcado de Mosc\u00fa.<\/p>\n<p>&nbsp;<\/p>\n<p>&nbsp;<\/p>\n<p align=\"right\"><em>Servicio de Comunicaci\u00f3n del DREE<\/em><\/p>\n<p>&nbsp;<\/p>","protected":false},"excerpt":{"rendered":"<p>El 24 de octubre de 2012, en marco de su visita a Nueva York el Presidente del Departamento de Relaciones Exteriores Eclesi\u00e1sticas del Patriarcado de Mosc\u00fa, el Metropolitano Hilarion de Volokolamsk visit\u00f3 la residencia del S\u00ednodo de los Obispos de la Iglesia Rusa en el Exterior.<\/p>\n","protected":false},"author":16,"featured_media":73937,"comment_status":"closed","ping_status":"closed","sticky":false,"template":"","format":"standard","meta":[],"categories":[16,1,12],"tags":[],"_links":{"self":[{"href":"https:\/\/old.mospat.ru\/es\/wp-json\/wp\/v2\/posts\/73919"}],"collection":[{"href":"https:\/\/old.mospat.ru\/es\/wp-json\/wp\/v2\/posts"}],"about":[{"href":"https:\/\/old.mospat.ru\/es\/wp-json\/wp\/v2\/types\/post"}],"author":[{"embeddable":true,"href":"https:\/\/old.mospat.ru\/es\/wp-json\/wp\/v2\/users\/16"}],"replies":[{"embeddable":true,"href":"https:\/\/old.mospat.ru\/es\/wp-json\/wp\/v2\/comments?post=73919"}],"version-history":[{"count":0,"href":"https:\/\/old.mospat.ru\/es\/wp-json\/wp\/v2\/posts\/73919\/revisions"}],"wp:featuredmedia":[{"embeddable":true,"href":"https:\/\/old.mospat.ru\/es\/wp-json\/wp\/v2\/media\/73937"}],"wp:attachment":[{"href":"https:\/\/old.mospat.ru\/es\/wp-json\/wp\/v2\/media?parent=73919"}],"wp:term":[{"taxonomy":"category","embeddable":true,"href":"https:\/\/old.mospat.ru\/es\/wp-json\/wp\/v2\/categories?post=73919"},{"taxonomy":"post_tag","embeddable":true,"href":"https:\/\/old.mospat.ru\/es\/wp-json\/wp\/v2\/tags?post=73919"}],"curies":[{"name":"wp","href":"https:\/\/api.w.org\/{rel}","templated":true}]}}